{"id":196331,"date":"2024-11-30T08:57:39","date_gmt":"2024-11-30T08:57:39","guid":{"rendered":"https:\/\/radiofenix.com.ar\/2023\/mas-cambios-en-el-gobierno-javier-milei-desplaza-al-embajador-en-espana-y-al-consul-en-nueva-york\/"},"modified":"2024-11-30T08:57:39","modified_gmt":"2024-11-30T08:57:39","slug":"mas-cambios-en-el-gobierno-javier-milei-desplaza-al-embajador-en-espana-y-al-consul-en-nueva-york","status":"publish","type":"post","link":"https:\/\/radiofenix.com.ar\/2023\/mas-cambios-en-el-gobierno-javier-milei-desplaza-al-embajador-en-espana-y-al-consul-en-nueva-york\/","title":{"rendered":"M\u00e1s cambios en el Gobierno: Javier Milei desplaza al embajador en Espa\u00f1a y al c\u00f3nsul en Nueva York"},"content":{"rendered":"<div id=\"\">\n<p>Ambos funcionarios hab\u00edan sido designados durante la administraci\u00f3n de Alberto Fern\u00e1ndez y permanecieron en el cargo por decisi\u00f3n de la excanciller. Sin embargo, tras la llegada del embajador argentino en Estados Unidos a la cartera se anunciaron modificaciones.<\/p>\n<p class=\"\"><strong>Roberto Bosch es un diplom\u00e1tico de carrera que hab\u00eda sido el n\u00famero dos de Ricardo Alfons\u00edn<\/strong> en la embajada argentina en Madrid durante el gobierno de Alberto Fern\u00e1ndez. Al llegar al Palacio San Mart\u00edn, Diana Mondino hab\u00eda decidido ascenderlo en el cargo, algo que no fue bien visto por el gobierno de Pedro S\u00e1nchez, que ya estaba enemistado con Javier Milei.<\/p>\n<p class=\"\">Durante su estad\u00eda en la capital espa\u00f1ola, Bosch tuvo fuertes <strong>cortocircuitos con el agregado comercial de la embajada, Alejandro Nimo, <\/strong>un hombre cercano a Sergio Massa que fue nombrado con la administraci\u00f3n anterior y que logr\u00f3 generar un buen v\u00ednculo con el mundo empresarial de Espa\u00f1a.<\/p>\n<p>Por el momento, no existe informaci\u00f3n oficial sobre quien ocupar\u00e1 la vacante que deja Bosch; mientras que <strong>Gerardo D\u00edaz Bartolom\u00e9 es el nuevo c\u00f3nsul en Nueva York<\/strong>.<\/p>\n<p>D\u00edaz Bartolom\u00e9 se desempe\u00f1aba hasta el momento en el \u00e1rea de comunicaci\u00f3n.<\/p>\n<p data-mrf-recirculation=\"Links inline\">\u00abLa Canciller\u00eda Argentina informa que el nuevo C\u00f3nsul General y Director del Centro de Promoci\u00f3n de la Rep\u00fablica Argentina en la Ciudad de Nueva York ser\u00e1 el Ministro de Primera Clase Gerardo D\u00edaz Bartolom\u00e9, quien <strong>asumir\u00e1 pr\u00f3ximamente sus funciones en los Estados Unidos de Am\u00e9rica<\/strong>\u00ab, inform\u00f3 la cartera liderada por Werthein a trav\u00e9s de X.<\/p>\n<div contenteditable=\"false\" class=\"embed_cont type_freetext\" rel=\"freetext\" id=\"embed95_wrap\">\n<p> Embed <span onclick=\"parent.parent.TinyMCETdcuerpo.preview_embed('embed95')\" class=\"embed_colapse less\" id=\"embed95_colapse\"\/>  <span onclick=\"parent.parent.TinyMCETdcuerpo.delete_embed('embed95')\" class=\"embed_delete less\" id=\"embed95_delete\"\/><\/p>\n<div id=\"embed95_content\" class=\"embed_content\">\n<div id=\"embed95_embed\">\n<figure class=\"figure\"><a href=\"https:\/\/t.me\/minutounocom\" target=\"_blank\" rel=\"noopener\"><img decoding=\"async\" src=\"https:\/\/media.minutouno.com\/adjuntos\/150\/banners\/039\/099\/0039099175.jpg\" class=\"figure-img img-fluid\" style=\"width:100%;height:auto;\"\/><\/a><\/figure>\n<\/div>\n<\/div><\/div>\n<\/p><\/div>\n<p><a href=\"https:\/\/www.minutouno.com\/politica\/mas-cambios-el-gobierno-javier-milei-desplaza-al-embajador-espana-y-al-consul-nueva-york-n6086944\">source<\/a><\/p>\n","protected":false},"excerpt":{"rendered":"<p>Ambos funcionarios hab\u00edan sido designados durante la administraci\u00f3n de Alberto Fern\u00e1ndez y permanecieron en el&#8230;<\/p>\n","protected":false},"author":0,"featured_media":196332,"comment_status":"open","ping_status":"open","sticky":false,"template":"","format":"standard","meta":{"footnotes":""},"categories":[2],"tags":[],"class_list":["post-196331","post","type-post","status-publish","format-standard","has-post-thumbnail","hentry","category-politica"],"featured_image_urls":{"full":["https:\/\/radiofenix.com.ar\/2023\/wp-content\/uploads\/wp-header-logo.png",0,0,false],"thumbnail":["https:\/\/radiofenix.com.ar\/2023\/wp-content\/uploads\/wp-header-logo.png",1,1,false],"medium":["https:\/\/radiofenix.com.ar\/2023\/wp-content\/uploads\/wp-header-logo.png",1,1,false],"medium_large":["https:\/\/radiofenix.com.ar\/2023\/wp-content\/uploads\/wp-header-logo.png",1,1,false],"large":["https:\/\/radiofenix.com.ar\/2023\/wp-content\/uploads\/wp-header-logo.png",1,1,false],"1536x1536":["https:\/\/radiofenix.com.ar\/2023\/wp-content\/uploads\/wp-header-logo.png",1,1,false],"2048x2048":["https:\/\/radiofenix.com.ar\/2023\/wp-content\/uploads\/wp-header-logo.png",1,1,false],"newsium-slider-full":["https:\/\/radiofenix.com.ar\/2023\/wp-content\/uploads\/wp-header-logo.png",1,1,false],"newsium-featured":["https:\/\/radiofenix.com.ar\/2023\/wp-content\/uploads\/wp-header-logo.png",1,1,false],"newsium-medium":["https:\/\/radiofenix.com.ar\/2023\/wp-content\/uploads\/wp-header-logo.png",1,1,false]},"author_info":{"info":[""]},"category_info":"<a href=\"https:\/\/radiofenix.com.ar\/2023\/category\/politica\/\" rel=\"category tag\">Pol\u00edtica<\/a>","tag_info":"Pol\u00edtica","comment_count":"0","_links":{"self":[{"href":"https:\/\/radiofenix.com.ar\/2023\/wp-json\/wp\/v2\/posts\/196331","targetHints":{"allow":["GET"]}}],"collection":[{"href":"https:\/\/radiofenix.com.ar\/2023\/wp-json\/wp\/v2\/posts"}],"about":[{"href":"https:\/\/radiofenix.com.ar\/2023\/wp-json\/wp\/v2\/types\/post"}],"replies":[{"embeddable":true,"href":"https:\/\/radiofenix.com.ar\/2023\/wp-json\/wp\/v2\/comments?post=196331"}],"version-history":[{"count":0,"href":"https:\/\/radiofenix.com.ar\/2023\/wp-json\/wp\/v2\/posts\/196331\/revisions"}],"wp:featuredmedia":[{"embeddable":true,"href":"https:\/\/radiofenix.com.ar\/2023\/wp-json\/wp\/v2\/media\/196332"}],"wp:attachment":[{"href":"https:\/\/radiofenix.com.ar\/2023\/wp-json\/wp\/v2\/media?parent=196331"}],"wp:term":[{"taxonomy":"category","embeddable":true,"href":"https:\/\/radiofenix.com.ar\/2023\/wp-json\/wp\/v2\/categories?post=196331"},{"taxonomy":"post_tag","embeddable":true,"href":"https:\/\/radiofenix.com.ar\/2023\/wp-json\/wp\/v2\/tags?post=196331"}],"curies":[{"name":"wp","href":"https:\/\/api.w.org\/{rel}","templated":true}]}}