{"id":196445,"date":"2024-12-05T08:57:08","date_gmt":"2024-12-05T08:57:08","guid":{"rendered":"https:\/\/radiofenix.com.ar\/2023\/extrano-cambio-en-produccion\/"},"modified":"2024-12-05T08:57:08","modified_gmt":"2024-12-05T08:57:08","slug":"extrano-cambio-en-produccion","status":"publish","type":"post","link":"https:\/\/radiofenix.com.ar\/2023\/extrano-cambio-en-produccion\/","title":{"rendered":"Extra\u00f1o cambio en Producci\u00f3n"},"content":{"rendered":"<div><!-- Body --><\/p>\n<p>El ministro de Econom\u00eda, Luis Caputo, confirm\u00f3 que el secretario de Coordinaci\u00f3n de Producci\u00f3n, Juan Pazo, dejar\u00e1 el cargo para ocupar un lugar dentro de la Canciller\u00eda.<br \/>De acuerdo a la explicaci\u00f3n del titular del Palacio de Hacienda, el enroque tiene que ver con un acuerdo alcanzado con el canciller Gerardo Werthein.<br \/>\u00abLes informo que Juan Pazo, Secretario de Coordinaci\u00f3n de Producci\u00f3n, pasar\u00e1 a trabajar con Gerardo Werthein en la Canciller\u00eda, como Secretario de Relaciones Econ\u00f3micas Internacionales\u00bb, afirm\u00f3 Caputo.<\/p>\n<p>En sus redes sociales, el ministro de Econom\u00eda sostuvo que el objetivo del cambio \u00abes trabajar de manera conjunta con la Canciller\u00eda, sobre todo en lo relacionado con el comercio y la apertura de nuevos mercados y socios estrat\u00e9gicos para el pa\u00eds\u00bb.<br \/>Para el gobierno del presidente Javier Milei, \u00abes clave para que esta tarea sea m\u00e1s efectiva\u00bb la buena coordinaci\u00f3n entre ambas carteras, tarea que ahora quedar\u00e1 a cargo de Pazo dentro del Ministerio de Relaciones Exteriores.<\/p>\n<p>\u00abFinalmente, Canciller\u00eda y Econom\u00eda trabajaremos juntos para posicionar a la Argentina en el escenario global y abrir nuevas oportunidades para el desarrollo del pa\u00eds.<br \/>\u00a1Bienvenido, Juan Pazo!\u00bb, public\u00f3 Werthein. Pazo hab\u00eda sido el \u00fanico representante del gobierno de La Libertad Avanza en la Conferencia de la Uni\u00f3n Industrial Argentina (UIA) de la semana pasada, a la que pegaron el faltazo Milei y Caputo.<br \/>En tanto, los cambios tambi\u00e9n alcanzaron a Pablo Lavigne, quien dejar\u00e1 la Secretar\u00eda de Industria y Comercio para ocupar la Secretar\u00eda de Coordinaci\u00f3n de Producci\u00f3n que hasta este mi\u00e9rcoles ten\u00eda a su cargo Pazo.<br \/>\u00abPablo estaba realizando una tarea extraordinaria en la Secretar\u00eda de Industria y Comercio, y tendr\u00e1 ahora una mayor responsabilidad teniendo que coordinar las diferentes \u00e1reas del sector\u00bb, expres\u00f3 Caputo.<br \/>En tanto, inform\u00f3 que el reemplazante de Lavigne ser\u00e1 Esteban Marzorati, quien hasta el momento se desempe\u00f1aba en el cargo de subsecretario de Comercio Exterior.<\/p>\n<p><!-- Live Blog Post --><\/div>\n<p><a href=\"https:\/\/www.pagina12.com.ar\/787795-extrano-cambio-en-produccion\">source<\/a><\/p>\n","protected":false},"excerpt":{"rendered":"<p>El ministro de Econom\u00eda, Luis Caputo, confirm\u00f3 que el secretario de Coordinaci\u00f3n de Producci\u00f3n, Juan&#8230;<\/p>\n","protected":false},"author":0,"featured_media":196446,"comment_status":"open","ping_status":"open","sticky":false,"template":"","format":"standard","meta":{"footnotes":""},"categories":[5],"tags":[],"class_list":["post-196445","post","type-post","status-publish","format-standard","has-post-thumbnail","hentry","category-economia"],"featured_image_urls":{"full":["https:\/\/radiofenix.com.ar\/2023\/wp-content\/uploads\/wp-header-logo.png",0,0,false],"thumbnail":["https:\/\/radiofenix.com.ar\/2023\/wp-content\/uploads\/wp-header-logo.png",1,1,false],"medium":["https:\/\/radiofenix.com.ar\/2023\/wp-content\/uploads\/wp-header-logo.png",1,1,false],"medium_large":["https:\/\/radiofenix.com.ar\/2023\/wp-content\/uploads\/wp-header-logo.png",1,1,false],"large":["https:\/\/radiofenix.com.ar\/2023\/wp-content\/uploads\/wp-header-logo.png",1,1,false],"1536x1536":["https:\/\/radiofenix.com.ar\/2023\/wp-content\/uploads\/wp-header-logo.png",1,1,false],"2048x2048":["https:\/\/radiofenix.com.ar\/2023\/wp-content\/uploads\/wp-header-logo.png",1,1,false],"newsium-slider-full":["https:\/\/radiofenix.com.ar\/2023\/wp-content\/uploads\/wp-header-logo.png",1,1,false],"newsium-featured":["https:\/\/radiofenix.com.ar\/2023\/wp-content\/uploads\/wp-header-logo.png",1,1,false],"newsium-medium":["https:\/\/radiofenix.com.ar\/2023\/wp-content\/uploads\/wp-header-logo.png",1,1,false]},"author_info":{"info":[""]},"category_info":"<a href=\"https:\/\/radiofenix.com.ar\/2023\/category\/economia\/\" rel=\"category tag\">Economia<\/a>","tag_info":"Economia","comment_count":"0","_links":{"self":[{"href":"https:\/\/radiofenix.com.ar\/2023\/wp-json\/wp\/v2\/posts\/196445","targetHints":{"allow":["GET"]}}],"collection":[{"href":"https:\/\/radiofenix.com.ar\/2023\/wp-json\/wp\/v2\/posts"}],"about":[{"href":"https:\/\/radiofenix.com.ar\/2023\/wp-json\/wp\/v2\/types\/post"}],"replies":[{"embeddable":true,"href":"https:\/\/radiofenix.com.ar\/2023\/wp-json\/wp\/v2\/comments?post=196445"}],"version-history":[{"count":0,"href":"https:\/\/radiofenix.com.ar\/2023\/wp-json\/wp\/v2\/posts\/196445\/revisions"}],"wp:featuredmedia":[{"embeddable":true,"href":"https:\/\/radiofenix.com.ar\/2023\/wp-json\/wp\/v2\/media\/196446"}],"wp:attachment":[{"href":"https:\/\/radiofenix.com.ar\/2023\/wp-json\/wp\/v2\/media?parent=196445"}],"wp:term":[{"taxonomy":"category","embeddable":true,"href":"https:\/\/radiofenix.com.ar\/2023\/wp-json\/wp\/v2\/categories?post=196445"},{"taxonomy":"post_tag","embeddable":true,"href":"https:\/\/radiofenix.com.ar\/2023\/wp-json\/wp\/v2\/tags?post=196445"}],"curies":[{"name":"wp","href":"https:\/\/api.w.org\/{rel}","templated":true}]}}