{"id":196447,"date":"2024-12-05T08:57:10","date_gmt":"2024-12-05T08:57:10","guid":{"rendered":"https:\/\/radiofenix.com.ar\/2023\/avanza-en-la-legislatura-el-boleto-universitario\/"},"modified":"2024-12-05T08:57:10","modified_gmt":"2024-12-05T08:57:10","slug":"avanza-en-la-legislatura-el-boleto-universitario","status":"publish","type":"post","link":"https:\/\/radiofenix.com.ar\/2023\/avanza-en-la-legislatura-el-boleto-universitario\/","title":{"rendered":"Avanza en la Legislatura el boleto universitario"},"content":{"rendered":"<div><!-- Body --><\/p>\n<p>La <b>Legislatura porte\u00f1a dictamin\u00f3<\/b> en comisiones el proyecto de ley para crear el <b>boleto universitario<\/b>, un hist\u00f3rico reclamo del <b>movimiento estudiantil<\/b>. Hasta el momento, en la Ciudad s\u00f3lo existe boleto educativo para los niveles inicial, primario y secundario, y la iniciativa busca <b>ampliar la gratuidad del pasaje para toda la educaci\u00f3n superior<\/b>. Los centros de estudiantes que participaron del plenario de comisiones <b>celebraron el impulso al proyecto<\/b> pero reclamaron que el boleto sea de car\u00e1cter \u00ab<b>universal<\/b>\u00ab, ya que la iniciativa estipula, entre otros puntos, l\u00edmites por ingresos que consideran \u00ab<b>restrictivos<\/b>\u00ab.\u00a0<\/p>\n<p>El proyecto recibi\u00f3 dictamen en el plenario de las comisiones de <b>Educaci\u00f3n y Presupuesto<\/b> que se llev\u00f3 a cabo este martes. Antes de las intervenciones de los legisladores, de la reuni\u00f3n participaron diversos referentes de la comunidad educativa porte\u00f1a para sentar sus posiciones. <b>Ignacio Garc\u00eda Ruiz<\/b>, presidente del centro de estudiantes del Instituto Superior <b>Joaqu\u00edn V. Gonz\u00e1lez<\/b>, fue el primero en tomar la palabra para calificar al proyecto como \u00ab<b>sumamente importante para todo el movimiento estudiantil<\/b> que viene luchando por este reclamo desde la dictadura hasta hoy\u00bb.\u00a0<\/p>\n<p><b>Agostina Olivera<\/b>, presidenta del centro de estudiantes de la <b>Facultad de Ciencias Sociales<\/b> de la UBA, se expres\u00f3 en el mismo sentido para \u00abcelebrar esta instancia porque es una <b>reparaci\u00f3n hist\u00f3rica<\/b> para el movimiento estudiantil poder estar discutiendo un boleto que contemple a universitarios\u00bb. \u00abCon <b>lucha y movilizaciones<\/b> en 2016 lo logramos para los secundarios. En ese momento nos dec\u00edan que la universidad no era obligatoria y que por ende no era una obligaci\u00f3n del GCBA acompa\u00f1arnos, pero siendo la <b>ciudad m\u00e1s rica del pa\u00eds est\u00e1 claro que necesita respaldar a los estudiantes<\/b>\u00ab, agreg\u00f3. <\/p>\n<p>En efecto, la ciudad cuenta con una norma de boleto gratuito educativo desde 2016. Ese a\u00f1o la Legislatura aprob\u00f3 la\u00a0<b>Ley N\u00b0<br \/>\n5.656 <\/b>que cre\u00f3 el \u00abR\u00e9gimen especial de boleto estudiantil\u00bb para toda la red de transportes que circulan en territorio porte\u00f1o: trenes, colectivos, subtes y premetro. La ley, sin embargo, <b>s\u00f3lo incluye a los niveles obligatorios<\/b> de la educaci\u00f3n y desde su aprobaci\u00f3n la oposici\u00f3n present\u00f3 diversos proyectos para ampliar su alcance a la educaci\u00f3n superior, algo que hasta ahora no hab\u00eda recibido impulso oficial.<\/p>\n<p>El proyecto dictaminado, as\u00ed, modifica esa misma ley para ampliar el boleto a las <b>universidades, terciarios e institutos t\u00e9cnico &#8211; profesionales<\/b>, sin l\u00edmites de edad para estudiantes e incluyendo a alumnos y alumnas de los niveles obligatorios mayores a 18 a\u00f1os que est\u00e9n terminando la escuela, algo que no estaba previsto en la ley original. Est\u00e1 destinado <b>s\u00f3lo a personas con residencia porte\u00f1a<\/b> y establece un <b>m\u00e1ximo de ingresos familiares<\/b> para poder acceder al subsidio.\u00a0<\/p>\n<p>Ese \u00faltimo punto fue uno de los m\u00e1s cuestionados por los centros de estudiantes y por la oposici\u00f3n. La diputada de Uni\u00f3n por la Patria (UxP) <b>Victoria Freire<\/b> advirti\u00f3 que \u00abla <b>pauta de ingresos por grupo familiar es de 1,5 millones de pesos<\/b>, lo que hace que la ampliaci\u00f3n sea hacia los sectores m\u00e1s fr\u00e1giles pero con un <b>par\u00e1metro muy acotado<\/b> con aquellos sectores de <b>clase media que tienen que sufrir los costos del transporte<\/b>\u00ab.\u00a0<\/p>\n<p>Antes, Olivera ya hab\u00eda calificado a ese punto del proyecto como \u00ab<b>restrictivo<\/b>\u00bb para reclamar que se extienda a todos los estudiantes, <b>sin piso de ingresos<\/b>, y \u00abno s\u00f3lo a los de la Ciudad sino tambi\u00e9n a los del conurbano e incluso <b>de otras provincias que viven ac\u00e1 sin poder tener la residencia<\/b>\u00ab. Lo mismo apunt\u00f3 Garc\u00eda Ruiz, que indic\u00f3 que \u00abse tiene que incluir\u00a0a los estudiantes de la provincia que venimos a cursar a la ciudad y no se le puede pedir a los estudiantes un <b>certificado de pobreza<\/b>, tiene que ser universal\u00bb.\u00a0<\/p>\n<p>Durante la reuni\u00f3n tambi\u00e9n se destac\u00f3 el contexto en el que se da la discusi\u00f3n: \u00abDesde que arranc\u00f3 el a\u00f1o el <b>tarifazo en el transporte fue del 600 por ciento<\/b> y las causas de deserci\u00f3n de los estudiantes son fundamentalmente econ\u00f3micas\u00bb, subray\u00f3 el presidente del centro del Joaqu\u00edn V. Gonz\u00e1lez, mientras que <b>Mar\u00eda Bielli<\/b> (UxP), autora de uno de los proyectos por el boleto, destac\u00f3 \u00abque estemos en esta Legislatura discutiendo\u00a0en un <b>contexto de avanzada de discursos contra la educaci\u00f3n p\u00fablica<\/b>\u00ab. \u00abEs digno celebrar a aquellos que vienen dando la lucha por el derecho a la educaci\u00f3n desde principio de a\u00f1o frente a estas embestidas\u00bb, sostuvo.\u00a0<\/p>\n<p>La legisladora se enfoc\u00f3 en otro punto que consider\u00f3 restrictivo dentro del proyecto dictaminado. Es el que refiere a los \u00ab<b>acompa\u00f1antes<\/b>\u00bb de los y las alumnas de los niveles obligatorios. Esa figura no exist\u00eda en la ley original y se incorporar\u00eda ahora pero s\u00f3lo para abarcar un <b>55 por ciento del pasaje<\/b> de las personas que viajen con ni\u00f1os y ni\u00f1as menores de 12 a\u00f1os que no puedan viajar solos al colegio. La diputada pidi\u00f3 en este sentido que el porcentaje se eleve al total del boleto para \u00ab<b>reconocer las tareas de cuidado<\/b>\u00ab.\u00a0<\/p>\n<p>El dictamen sali\u00f3 aprobado con la <b>firma de consenso<\/b> de los bloques que integran las dos comisiones, aunque con las <b>disidencias de UxP y del Frente de Izquierda<\/b> que manifestaron los reparos mencionados, por lo que se descuenta su aprobaci\u00f3n en el recinto. En principio, el tema tiene aprobado un <b>tratamiento preferencial para la pr\u00f3xima sesi\u00f3n<\/b>, aunque nada est\u00e1 dicho en el marco de un <b>cargado temario<\/b> del cierre de a\u00f1o: la Legislatura todav\u00eda tiene que tratar el presupuesto 2025, la actualizaci\u00f3n del C\u00f3digo Urban\u00edstico, la protecci\u00f3n patrimonial de inmuebles, y los proyectos de \u00abficha limpia\u00bb y boleta \u00fanica papel, entre otros.\u00a0<\/p>\n<p><!-- Live Blog Post --><\/div>\n<p><a href=\"https:\/\/www.pagina12.com.ar\/787855-avanza-en-la-legislatura-el-boleto-universitario\">source<\/a><\/p>\n","protected":false},"excerpt":{"rendered":"<p>La Legislatura porte\u00f1a dictamin\u00f3 en comisiones el proyecto de ley para crear el boleto universitario,&#8230;<\/p>\n","protected":false},"author":0,"featured_media":196448,"comment_status":"open","ping_status":"open","sticky":false,"template":"","format":"standard","meta":{"footnotes":""},"categories":[7],"tags":[],"class_list":["post-196447","post","type-post","status-publish","format-standard","has-post-thumbnail","hentry","category-sociedad"],"featured_image_urls":{"full":["https:\/\/radiofenix.com.ar\/2023\/wp-content\/uploads\/wp-header-logo.png",0,0,false],"thumbnail":["https:\/\/radiofenix.com.ar\/2023\/wp-content\/uploads\/wp-header-logo.png",1,1,false],"medium":["https:\/\/radiofenix.com.ar\/2023\/wp-content\/uploads\/wp-header-logo.png",1,1,false],"medium_large":["https:\/\/radiofenix.com.ar\/2023\/wp-content\/uploads\/wp-header-logo.png",1,1,false],"large":["https:\/\/radiofenix.com.ar\/2023\/wp-content\/uploads\/wp-header-logo.png",1,1,false],"1536x1536":["https:\/\/radiofenix.com.ar\/2023\/wp-content\/uploads\/wp-header-logo.png",1,1,false],"2048x2048":["https:\/\/radiofenix.com.ar\/2023\/wp-content\/uploads\/wp-header-logo.png",1,1,false],"newsium-slider-full":["https:\/\/radiofenix.com.ar\/2023\/wp-content\/uploads\/wp-header-logo.png",1,1,false],"newsium-featured":["https:\/\/radiofenix.com.ar\/2023\/wp-content\/uploads\/wp-header-logo.png",1,1,false],"newsium-medium":["https:\/\/radiofenix.com.ar\/2023\/wp-content\/uploads\/wp-header-logo.png",1,1,false]},"author_info":{"info":[""]},"category_info":"<a href=\"https:\/\/radiofenix.com.ar\/2023\/category\/sociedad\/\" rel=\"category tag\">Sociedad<\/a>","tag_info":"Sociedad","comment_count":"0","_links":{"self":[{"href":"https:\/\/radiofenix.com.ar\/2023\/wp-json\/wp\/v2\/posts\/196447","targetHints":{"allow":["GET"]}}],"collection":[{"href":"https:\/\/radiofenix.com.ar\/2023\/wp-json\/wp\/v2\/posts"}],"about":[{"href":"https:\/\/radiofenix.com.ar\/2023\/wp-json\/wp\/v2\/types\/post"}],"replies":[{"embeddable":true,"href":"https:\/\/radiofenix.com.ar\/2023\/wp-json\/wp\/v2\/comments?post=196447"}],"version-history":[{"count":0,"href":"https:\/\/radiofenix.com.ar\/2023\/wp-json\/wp\/v2\/posts\/196447\/revisions"}],"wp:featuredmedia":[{"embeddable":true,"href":"https:\/\/radiofenix.com.ar\/2023\/wp-json\/wp\/v2\/media\/196448"}],"wp:attachment":[{"href":"https:\/\/radiofenix.com.ar\/2023\/wp-json\/wp\/v2\/media?parent=196447"}],"wp:term":[{"taxonomy":"category","embeddable":true,"href":"https:\/\/radiofenix.com.ar\/2023\/wp-json\/wp\/v2\/categories?post=196447"},{"taxonomy":"post_tag","embeddable":true,"href":"https:\/\/radiofenix.com.ar\/2023\/wp-json\/wp\/v2\/tags?post=196447"}],"curies":[{"name":"wp","href":"https:\/\/api.w.org\/{rel}","templated":true}]}}