{"id":196451,"date":"2024-12-05T08:57:15","date_gmt":"2024-12-05T08:57:15","guid":{"rendered":"https:\/\/radiofenix.com.ar\/2023\/colombia-renuncio-el-ministro-de-hacienda-a-pedido-de-petro\/"},"modified":"2024-12-05T08:57:15","modified_gmt":"2024-12-05T08:57:15","slug":"colombia-renuncio-el-ministro-de-hacienda-a-pedido-de-petro","status":"publish","type":"post","link":"https:\/\/radiofenix.com.ar\/2023\/colombia-renuncio-el-ministro-de-hacienda-a-pedido-de-petro\/","title":{"rendered":"Colombia: renunci\u00f3 el ministro de Hacienda a pedido de Petro"},"content":{"rendered":"<div><!-- Body --><\/p>\n<p><b>El ministro de Hacienda de <a href=\"https:\/\/www.pagina12.com.ar\/785717-colombia-pide-a-biden-que-indulte-a-un-excabecilla-de-las-fa\">Colombia<\/a>, Ricardo Bonilla, renunci\u00f3 <\/b>este mi\u00e9rcoles<b> a su cargo <\/b>a pedido del presidente<b> <a href=\"https:\/\/www.pagina12.com.ar\/773328-tension-en-colombia-gustavo-petro-denuncio-un-golpe-de-estad\">Gustavo Petro<\/a><\/b>, tras ser acusado de supuestamente estar metido en un <b>caso de corrupci\u00f3n<\/b>. Seg\u00fan explic\u00f3 el mandatario, le pidi\u00f3 la renuncia no porque crea que sea culpable de lo que lo acusan, sino porque <b>considera que estas denuncias buscan atacarlo por su lealtad al Gobierno<\/b>.<\/p>\n<p>\u00abApreciado se\u00f1or Presidente. Me permito presentar renuncia irrevocable al cargo de Ministro de Hacienda y Cr\u00e9dito P\u00fablico de Colombia. Dije siempre que respeto el trabajo de la Fiscal\u00eda y que no usar\u00eda mi cargo en el gabinete para defenderme\u00bb, indic\u00f3 en una carta dirigida a Petro.<\/p>\n<p>Bonilla asegur\u00f3 que cree que lleg\u00f3 el momento de defenderse como ciudadano y no como funcionario p\u00fablico, para evitar que el proceso termine complicando el rumbo del Gobierno y la agenda del Ejecutivo. <b>\u00abMe retiro con la frente en alto, confiado en convencer a mis investigadores que no compr\u00e9 silencios, ni votos de congresistas, ni cupos indicativos, ni comet\u00ed delito alguno en provecho personal\u00bb<\/b>, se\u00f1al\u00f3.<\/p>\n<p>\u00abLas finanzas del pa\u00eds gozan de buena salud y la estabilidad fiscal se mantiene a pesar de las circunstancias internas y externas que nos correspondi\u00f3 afrontar. Hago votos porque su gobierno del cambio, en la recta final de su mandato, consolide el inicio de una Colombia nueva con m\u00e1s inclusi\u00f3n y menos desigualdad\u00bb, dijo al mandatario.<\/p>\n<h2>La acusaci\u00f3n\u00a0<\/h2>\n<p>El nombre del ahora exministro sali\u00f3 en una causa de <b>presunta corrupci\u00f3n<\/b> en la Unidad Nacional para la Gesti\u00f3n del Riesgo de Desastres (UNGRD) por la <b>malversaci\u00f3n de 46.800 millones de pesos (unos 11,7 millones de d\u00f3lares)<\/b> en la compra de 40 camiones cisterna para llevar agua potable a zonas des\u00e9rticas del departamento caribe\u00f1o de La Guajira.<\/p>\n<p>Bonilla fue apuntado como la persona que autoriz\u00f3 el desembolso del presupuesto de la UNGRD y tambi\u00e9n fue, seg\u00fan un chat publicado por <i>Noticias Caracol<\/i>, quien supuestamente coordin\u00f3 la adjudicaci\u00f3n de tres contratos por 92.000 millones de pesos (unos 23 millones de d\u00f3lares) para beneficiar a seis congresistas a cambio de que apoyaran la ampliaci\u00f3n del cupo de endeudamiento del Gobierno.<\/p>\n<h2>La palabra de Petro<\/h2>\n<p>En su pedido de renuncia, Petro justifica la gran labor del que fue uno de sus compa\u00f1eros m\u00e1s estrechos en el Gobierno, quien lleg\u00f3 al cargo en mayo de 2023 cuando sustituy\u00f3 a Jos\u00e9 Antonio Ocampo.<b> \u201cEspero su renuncia, no porque crea que es culpable, sino porque lo quieren despedazar por ser leal al programa de gobierno y quieren derribar inconstitucionalmente este gobierno. <\/b>(&#8230;) Espero su renuncia porque ahora debe dedicarse a su defensa sin mancha de usar el poder en su defensa\u201d, expres\u00f3 el mandatario en una publicaci\u00f3n en la red social X, destacando que Bonilla puso a Colombia en su mejor momento financiero. \u00abSac\u00f3 a Colombia de la recesi\u00f3n por el sobre endeudamiento que dej\u00f3 (el expresidente Iv\u00e1n) Duque\u00bb, remarc\u00f3.<\/p>\n<p><b>\u00abAntes de caer en la trampa tendida por la extrema derecha financiera y sus pol\u00edticos y la gran mafia, yo prefiero que el doctor en econom\u00eda, ingenuo por no tener pr\u00e1ctica pol\u00edtica, (&#8230;) renuncie y no se ensucie\u00bb<\/b>, estim\u00f3 el mandatario. \u00abEl ministro no entreg\u00f3 cupos indicativos a parlamentario alguno, porque yo los denunci\u00e9, antes que nadie, y por centenares, y porque hab\u00eda ordenado que no se entregaran desde el primer d\u00eda de mi gobierno, y porque no se hicieron los giros pretendidos desde la UNGRD, dado que yo mismo ped\u00ed la renuncia de Olmedo (L\u00f3pez, exdirector de la UNGRD)\u00bb, escribi\u00f3 Petro en su publicaci\u00f3n sobre la acusaci\u00f3n a Bonilla.<\/p>\n<div class=\"iframely-embed medium-embedded-content\" data-html=\"Jmx0O2Jsb2NrcXVvdGUgY2xhc3M9InR3aXR0ZXItdHdlZXQiIGRhdGEtZG50PSJ0cnVlIiBhbGlnbj0iY2VudGVyIiBkYXRhLWNvbnZlcnNhdGlvbj0ibm9uZSImZ3Q7Jmx0O3AgbGFuZz0iZXMiIGRpcj0ibHRyIiZndDtUcmlubyBzb2JyZSBSaWNhcmRvIEJvbmlsbGEsIHBhcnRlIElJJmx0O2JyJmd0OyZsdDticiZndDtMYSBwcsOhY3RpY2EgZGUgbG9zIGN1cG9zIGluZGljYXRpdm9zIG8gYXV4aWxpb3MgcGFybGFtZW50YXJpb3Mgc2UgaGEgcmVwZXRpZG8gcG9yIGHDsW9zLCBkZXNkZSBxdWUgbGEgZGVudW5jaWUgZW4gZWwgYcOxbyAyMDAxLCB5IGF1bnF1ZSBkZWNsYXJhZG9zIGluY29uc3RpdHVjaW9uYWxlcyBwb3IgbGEgQ29ydGUgbXVjaG8gdGllbXBvIGRlc3B1w6lzIGRlIG1pIGRlYmF0ZSwgc2lndWllcm9uIGhhY2nDqW5kb3NlIGJham8gc3XigKYmbHQ7L3AmZ3Q7JmFtcDttZGFzaDsgR3VzdGF2byBQZXRybyAoQHBldHJvZ3VzdGF2bykgJmx0O2EgaHJlZj0iaHR0cHM6Ly90d2l0dGVyLmNvbS9wZXRyb2d1c3Rhdm8vc3RhdHVzLzE4NjQzNzI3NjU3MjMxMzE5Mzk\/cmVmX3NyYz10d3NyYyU1RXRmdyImZ3Q7RGVjZW1iZXIgNCwgMjAyNCZsdDsvYSZndDsmbHQ7L2Jsb2NrcXVvdGUmZ3Q7CiZsdDtzY3JpcHQgYXN5bmMgc3JjPSJodHRwczovL3BsYXRmb3JtLnR3aXR0ZXIuY29tL3dpZGdldHMuanMiIGNoYXJzZXQ9InV0Zi04IiZndDsmbHQ7L3NjcmlwdCZndDsKCiZsdDtkaXYgY2xhc3M9Im1lZGl1bS1pbnNlcnQtZW1iZWRzLW1ldGEiJmd0OyZsdDtzY3JpcHQgdHlwZT0idGV4dC9qc29uIiZndDt7InVybCI6Imh0dHBzOi8vdHdpdHRlci5jb20vcGV0cm9ndXN0YXZvL3N0YXR1cy8xODY0MzcyNzY1NzIzMTMxOTM5IiwidHlwZSI6InJpY2giLCJ2ZXJzaW9uIjoiMS4wIiwidGl0bGUiOiJHdXN0YXZvIFBldHJvIG9uIFR3aXR0ZXIgLyBYIiwiYXV0aG9yIjoiR3VzdGF2byBQZXRybyIsImF1dGhvcl91cmwiOiJodHRwczovL3R3aXR0ZXIuY29tL3BldHJvZ3VzdGF2byIsInByb3ZpZGVyX25hbWUiOiJUd2l0dGVyIiwiZGVzY3JpcHRpb24iOiJUcmlubyBzb2JyZSBSaWNhcmRvIEJvbmlsbGEsIHBhcnRlIElJTGEgcHLDoWN0aWNhIGRlIGxvcyBjdXBvcyBpbmRpY2F0aXZvcyBvIGF1eGlsaW9zIHBhcmxhbWVudGFyaW9zIHNlIGhhIHJlcGV0aWRvIHBvciBhw7FvcywgZGVzZGUgcXVlIGxhIGRlbnVuY2llIGVuIGVsIGHDsW8gMjAwMSwgeSBhdW5xdWUgZGVjbGFyYWRvcyBpbmNvbnN0aXR1Y2lvbmFsZXMgcG9yIGxhIENvcnRlIG11Y2hvIHRpZW1wbyBkZXNwdcOpcyBkZSBtaSBkZWJhdGUsIHNpZ3VpZXJvbiBoYWNpw6luZG9zZSBiYWpvIHN14oCm4oCUIEd1c3Rhdm8gUGV0cm8gKEBwZXRyb2d1c3Rhdm8pIERlY2VtYmVyIDQsIDIwMjRcblxuXG4iLCJjYWNoZV9hZ2UiOjg2NDAwLCJvcHRpb25zIjp7Il9oaWRlX3RocmVhZCI6eyJsYWJlbCI6IkhpZGUgcHJldmlvdXMgVHdlZXQgaW4gY29udmVyc2F0aW9uIHRocmVhZCIsInZhbHVlIjp0cnVlfSwiX3RoZW1lIjp7InZhbHVlIjoiIiwidmFsdWVzIjp7ImRhcmsiOiJVc2UgZGFyayB0aGVtZSJ9fSwiX21heHdpZHRoIjp7InZhbHVlIjoiIiwibGFiZWwiOiJBZGp1c3Qgd2lkdGgiLCJwbGFjZWhvbGRlciI6IjIyMC01NTAsIGluIHB4In19fSZsdDsvc2NyaXB0Jmd0OyZsdDsvZGl2Jmd0Ow==\">\n                <a data-iframely-url=\"\" href=\"https:\/\/twitter.com\/petrogustavo\/status\/1864372765723131939\">https:\/\/twitter.com\/petrogustavo\/status\/1864372765723131939<\/a>\n              <\/div>\n<p>El ministro saliente fue secretario de Hacienda durante la alcald\u00eda de Bogot\u00e1 de Gustavo Petro en 2012 y uno de los principales arquitectos de la plataforma econ\u00f3mica de su campa\u00f1a presidencial, que lo llev\u00f3 a la Casa de Nari\u00f1o, inform\u00f3 el medio colombiano <i>El Espectador<\/i>. Antes de su rol en el gabinete de gobierno, Bonilla fue presidente de Findeter, la banca territorial; adem\u00e1s, ocup\u00f3 cargos como miembro de la junta directiva del Grupo de Energ\u00eda de Bogot\u00e1, y director del Centro de Investigaciones para el Desarrollo (CID) y del departamento de econom\u00eda de la Universidad Nacional, entre otros roles.<\/p>\n<p><!-- Live Blog Post --><\/div>\n<p><script async src=\"\/\/platform.twitter.com\/widgets.js\" charset=\"utf-8\"><\/script><br \/><a href=\"https:\/\/www.pagina12.com.ar\/787830-colombia-renuncio-el-ministro-de-hacienda-a-pedido-de-petro\">source<\/a><\/p>\n","protected":false},"excerpt":{"rendered":"<p>El ministro de Hacienda de Colombia, Ricardo Bonilla, renunci\u00f3 este mi\u00e9rcoles a su cargo a&#8230;<\/p>\n","protected":false},"author":0,"featured_media":196452,"comment_status":"open","ping_status":"open","sticky":false,"template":"","format":"standard","meta":{"footnotes":""},"categories":[60],"tags":[],"class_list":["post-196451","post","type-post","status-publish","format-standard","has-post-thumbnail","hentry","category-internacional"],"featured_image_urls":{"full":["https:\/\/radiofenix.com.ar\/2023\/wp-content\/uploads\/wp-header-logo.png",0,0,false],"thumbnail":["https:\/\/radiofenix.com.ar\/2023\/wp-content\/uploads\/wp-header-logo.png",1,1,false],"medium":["https:\/\/radiofenix.com.ar\/2023\/wp-content\/uploads\/wp-header-logo.png",1,1,false],"medium_large":["https:\/\/radiofenix.com.ar\/2023\/wp-content\/uploads\/wp-header-logo.png",1,1,false],"large":["https:\/\/radiofenix.com.ar\/2023\/wp-content\/uploads\/wp-header-logo.png",1,1,false],"1536x1536":["https:\/\/radiofenix.com.ar\/2023\/wp-content\/uploads\/wp-header-logo.png",1,1,false],"2048x2048":["https:\/\/radiofenix.com.ar\/2023\/wp-content\/uploads\/wp-header-logo.png",1,1,false],"newsium-slider-full":["https:\/\/radiofenix.com.ar\/2023\/wp-content\/uploads\/wp-header-logo.png",1,1,false],"newsium-featured":["https:\/\/radiofenix.com.ar\/2023\/wp-content\/uploads\/wp-header-logo.png",1,1,false],"newsium-medium":["https:\/\/radiofenix.com.ar\/2023\/wp-content\/uploads\/wp-header-logo.png",1,1,false]},"author_info":{"info":[""]},"category_info":"<a href=\"https:\/\/radiofenix.com.ar\/2023\/category\/internacional\/\" rel=\"category tag\">Internacional<\/a>","tag_info":"Internacional","comment_count":"0","_links":{"self":[{"href":"https:\/\/radiofenix.com.ar\/2023\/wp-json\/wp\/v2\/posts\/196451","targetHints":{"allow":["GET"]}}],"collection":[{"href":"https:\/\/radiofenix.com.ar\/2023\/wp-json\/wp\/v2\/posts"}],"about":[{"href":"https:\/\/radiofenix.com.ar\/2023\/wp-json\/wp\/v2\/types\/post"}],"replies":[{"embeddable":true,"href":"https:\/\/radiofenix.com.ar\/2023\/wp-json\/wp\/v2\/comments?post=196451"}],"version-history":[{"count":0,"href":"https:\/\/radiofenix.com.ar\/2023\/wp-json\/wp\/v2\/posts\/196451\/revisions"}],"wp:featuredmedia":[{"embeddable":true,"href":"https:\/\/radiofenix.com.ar\/2023\/wp-json\/wp\/v2\/media\/196452"}],"wp:attachment":[{"href":"https:\/\/radiofenix.com.ar\/2023\/wp-json\/wp\/v2\/media?parent=196451"}],"wp:term":[{"taxonomy":"category","embeddable":true,"href":"https:\/\/radiofenix.com.ar\/2023\/wp-json\/wp\/v2\/categories?post=196451"},{"taxonomy":"post_tag","embeddable":true,"href":"https:\/\/radiofenix.com.ar\/2023\/wp-json\/wp\/v2\/tags?post=196451"}],"curies":[{"name":"wp","href":"https:\/\/api.w.org\/{rel}","templated":true}]}}