{"id":196453,"date":"2024-12-05T08:57:17","date_gmt":"2024-12-05T08:57:17","guid":{"rendered":"https:\/\/radiofenix.com.ar\/2023\/martin-menem-fue-reelecto-como-presidente-de-la-camara-de-diputados\/"},"modified":"2024-12-05T08:57:17","modified_gmt":"2024-12-05T08:57:17","slug":"martin-menem-fue-reelecto-como-presidente-de-la-camara-de-diputados","status":"publish","type":"post","link":"https:\/\/radiofenix.com.ar\/2023\/martin-menem-fue-reelecto-como-presidente-de-la-camara-de-diputados\/","title":{"rendered":"Mart\u00edn Menem fue reelecto como Presidente de la C\u00e1mara de Diputados"},"content":{"rendered":"<div id=\"\">\n<p>Adem\u00e1s, expres\u00f3: \u00abLos trabajadores del Congreso viven angustia y desolaci\u00f3n en todas las \u00e1reas. Nunca nos sentimos respaldados por la presidencia de la C\u00e1mara\u00bb. En este sentido, el diputado opositor sostuvo que <span class=\"saysCMSEmphasis\" id=\"saysCMSEmphasisqfu9fnnyjt\">\u00abMenem deber\u00eda estar garantizando que la Argentina tenga para el 2025 una ley de Presupuesto. Muchos lo dicen por abajo, pero nadie lo pone como condici\u00f3n para estar ac\u00e1 sentado\u00bb.<\/span><\/p>\n<div contenteditable=\"false\" class=\"embed_cont type_imagen\" id=\"7927811-Libre-1750733224_wrap\">\n<p> martin menem german martinez.jpg <span onclick=\"parent.parent.TinyMCETdcuerpo.preview_embed('7927811-Libre-1750733224')\" class=\"embed_colapse less\" id=\"7927811-Libre-1750733224_colapse\"\/> <span onclick=\"parent.parent.TinyMCETdcuerpo.delete_embed('7927811-Libre-1750733224')\" class=\"embed_delete less\" id=\"7927811-Libre-1750733224_delete\"\/><\/p>\n<div id=\"7927811-Libre-1750733224_content\" class=\"embed_content\"><img decoding=\"async\" src=\"https:\/\/media.minutouno.com\/p\/7b09a99f4da4f2ff5d4d9bc1577bba25\/adjuntos\/150\/imagenes\/041\/472\/0041472466\/610x0\/smart\/martin-menem-german-martinezjpg.jpg\" alt=\"\" title=\"\" width=\"610\" height=\"undefined\" id=\"7927811-Libre-1750733224_embed\"\/><\/div>\n<\/p><\/div>\n<p>Con aplausos en respaldo y gritos en contra, <strong>Germ\u00e1n Mart\u00ednez<\/strong> finaliz\u00f3 su discurso poniendo sobre la mesa el esc\u00e1ndalo del senador Edgardo Kueiger, detenido en Paraguay: \u00abLo encontraron en la frontera con US$200.000 ilegales y es el mismo a quien la presidenta del Senado, Victoria Villarruel, le dio la Comisi\u00f3n de Asuntos Constitucionales; el mismo a quien Santiago Caputo quer\u00eda al frente de la Comisi\u00f3n Bicameral de Inteligencia\u00bb.<\/p>\n<p>Por su parte, <strong>Cristian Ritondo<\/strong> -del PRO- mostr\u00f3 su apoyo a Mart\u00edn Menem y justific\u00f3 la decisi\u00f3n de dar respaldo: \u00abEl bloque acompa\u00f1ar\u00e1 la reelecci\u00f3n de Mart\u00edn Menem por responsabilidad institucional, porque le toc\u00f3 un a\u00f1o dif\u00edcil, con un gobierno nuevo y leyes dif\u00edciles de tratar. Particularmente me pone contento que el elegido para presidir la C\u00e1mara sea Mart\u00edn Menem\u00bb.<\/p>\n<p>En tanto, el radical <strong>Rodrigo De Loredo<\/strong> sostuvo el \u00abm\u00e9rito de Menem en la forma de llevar los temas\u00bb, pero cuestion\u00f3 \u00abciertas din\u00e1micas violentas que le dieron resultado al Gobierno pero que a nosotros no nos gustan\u00bb. Y agreg\u00f3: \u00abPorque cuando la econom\u00eda est\u00e1 empezando a dar resultados y vemos comportamientos euf\u00f3ricos, es cuando m\u00e1s vale mantener la calma\u00bb.<\/p>\n<p>Las otras autoridades confirmadas de la C\u00e1mara baja son Cecilia Moreau (UxP) en la vicepresidencia primera, Silvia Lospennato (PRO) en la vicepresidencia segunda, y Julio Cobos (UCR) en la vicepresidencia tercera.<\/p>\n<div contenteditable=\"false\" class=\"embed_cont type_freetext\" rel=\"freetext\" id=\"embed3_wrap\">\n<p> Embed <span onclick=\"parent.parent.TinyMCETdcuerpo.preview_embed('embed3')\" class=\"embed_colapse less\" id=\"embed3_colapse\"\/>  <span onclick=\"parent.parent.TinyMCETdcuerpo.delete_embed('embed3')\" class=\"embed_delete less\" id=\"embed3_delete\"\/><\/p>\n<div id=\"embed3_content\" class=\"embed_content\">\n<div id=\"embed3_embed\">\n<figure class=\"figure\"><a href=\"https:\/\/t.me\/minutounocom\" target=\"_blank\" rel=\"noopener\"><img decoding=\"async\" src=\"https:\/\/media.minutouno.com\/adjuntos\/150\/banners\/039\/099\/0039099175.jpg\" class=\"figure-img img-fluid\" style=\"width:100%;height:auto;\"\/><\/a><\/figure>\n<\/div>\n<\/div><\/div>\n<\/div>\n<p><a href=\"https:\/\/www.minutouno.com\/politica\/martin-menem-fue-reelecto-como-presidente-la-camara-diputados-n6089450\">source<\/a><\/p>\n","protected":false},"excerpt":{"rendered":"<p>Adem\u00e1s, expres\u00f3: \u00abLos trabajadores del Congreso viven angustia y desolaci\u00f3n en todas las \u00e1reas. Nunca&#8230;<\/p>\n","protected":false},"author":0,"featured_media":196454,"comment_status":"open","ping_status":"open","sticky":false,"template":"","format":"standard","meta":{"footnotes":""},"categories":[2],"tags":[],"class_list":["post-196453","post","type-post","status-publish","format-standard","has-post-thumbnail","hentry","category-politica"],"featured_image_urls":{"full":["https:\/\/radiofenix.com.ar\/2023\/wp-content\/uploads\/wp-header-logo.png",0,0,false],"thumbnail":["https:\/\/radiofenix.com.ar\/2023\/wp-content\/uploads\/wp-header-logo.png",1,1,false],"medium":["https:\/\/radiofenix.com.ar\/2023\/wp-content\/uploads\/wp-header-logo.png",1,1,false],"medium_large":["https:\/\/radiofenix.com.ar\/2023\/wp-content\/uploads\/wp-header-logo.png",1,1,false],"large":["https:\/\/radiofenix.com.ar\/2023\/wp-content\/uploads\/wp-header-logo.png",1,1,false],"1536x1536":["https:\/\/radiofenix.com.ar\/2023\/wp-content\/uploads\/wp-header-logo.png",1,1,false],"2048x2048":["https:\/\/radiofenix.com.ar\/2023\/wp-content\/uploads\/wp-header-logo.png",1,1,false],"newsium-slider-full":["https:\/\/radiofenix.com.ar\/2023\/wp-content\/uploads\/wp-header-logo.png",1,1,false],"newsium-featured":["https:\/\/radiofenix.com.ar\/2023\/wp-content\/uploads\/wp-header-logo.png",1,1,false],"newsium-medium":["https:\/\/radiofenix.com.ar\/2023\/wp-content\/uploads\/wp-header-logo.png",1,1,false]},"author_info":{"info":[""]},"category_info":"<a href=\"https:\/\/radiofenix.com.ar\/2023\/category\/politica\/\" rel=\"category tag\">Pol\u00edtica<\/a>","tag_info":"Pol\u00edtica","comment_count":"0","_links":{"self":[{"href":"https:\/\/radiofenix.com.ar\/2023\/wp-json\/wp\/v2\/posts\/196453","targetHints":{"allow":["GET"]}}],"collection":[{"href":"https:\/\/radiofenix.com.ar\/2023\/wp-json\/wp\/v2\/posts"}],"about":[{"href":"https:\/\/radiofenix.com.ar\/2023\/wp-json\/wp\/v2\/types\/post"}],"replies":[{"embeddable":true,"href":"https:\/\/radiofenix.com.ar\/2023\/wp-json\/wp\/v2\/comments?post=196453"}],"version-history":[{"count":0,"href":"https:\/\/radiofenix.com.ar\/2023\/wp-json\/wp\/v2\/posts\/196453\/revisions"}],"wp:featuredmedia":[{"embeddable":true,"href":"https:\/\/radiofenix.com.ar\/2023\/wp-json\/wp\/v2\/media\/196454"}],"wp:attachment":[{"href":"https:\/\/radiofenix.com.ar\/2023\/wp-json\/wp\/v2\/media?parent=196453"}],"wp:term":[{"taxonomy":"category","embeddable":true,"href":"https:\/\/radiofenix.com.ar\/2023\/wp-json\/wp\/v2\/categories?post=196453"},{"taxonomy":"post_tag","embeddable":true,"href":"https:\/\/radiofenix.com.ar\/2023\/wp-json\/wp\/v2\/tags?post=196453"}],"curies":[{"name":"wp","href":"https:\/\/api.w.org\/{rel}","templated":true}]}}