{"id":196457,"date":"2024-12-05T20:16:46","date_gmt":"2024-12-05T20:16:46","guid":{"rendered":"https:\/\/radiofenix.com.ar\/2023\/panorama-critico-sobre-la-deuda-global\/"},"modified":"2024-12-05T20:16:46","modified_gmt":"2024-12-05T20:16:46","slug":"panorama-critico-sobre-la-deuda-global","status":"publish","type":"post","link":"https:\/\/radiofenix.com.ar\/2023\/panorama-critico-sobre-la-deuda-global\/","title":{"rendered":"Panorama cr\u00edtico sobre la deuda global"},"content":{"rendered":"<div><!-- Body --><\/p>\n<p>El Banco Mundial y el Institute of International Finance (IIF) publicaron informes recientes que exponen un panorama cr\u00edtico sobre la deuda global, con cifras r\u00e9cord que afectan a pa\u00edses en desarrollo y mercados emergentes. En 2023, los pa\u00edses en desarrollo destinaron 1,4 billones de d\u00f3lares al servicio de su deuda externa, un m\u00e1ximo hist\u00f3rico que refleja el impacto del aumento de los costos de los intereses, los m\u00e1s altos en dos d\u00e9cadas. Este incremento ha reducido los presupuestos disponibles para \u00e1reas esenciales como salud, educaci\u00f3n y medio ambiente.<\/p>\n<p>El uno de los \u00faltimos <a href=\"https:\/\/www.worldbank.org\/en\/about\/annual-report\" target=\"_blank\" rel=\"noopener\">informes<\/a> del Banco Mundial se se\u00f1ala que los pagos totales de intereses en estos pa\u00edses alcanzaron los 406.000 millones de d\u00f3lares. Las econom\u00edas m\u00e1s pobres, aquellas que califican para pr\u00e9stamos de la Asociaci\u00f3n Internacional de Fomento del Banco Mundial, enfrentaron tensiones a\u00fan mayores. En 2023, estas naciones pagaron 96.200 millones de d\u00f3lares, una cifra sin precedentes.<\/p>\n<p>Aunque los reembolsos principales de estas econom\u00edas cayeron cerca de un 8 por ciento, alcanzando los 61.600 millones de d\u00f3lares, los costos de intereses aumentaron significativamente. En 2023, estos alcanzaron 34.600 millones de d\u00f3lares, cuadruplicando los niveles registrados hace una d\u00e9cada.<\/p>\n<p>Los mercados emergentes est\u00e1n en camino de alcanzar un nuevo m\u00e1ximo de endeudamiento de 105 billones de d\u00f3lares, equivalente al 245 por ciento de su Producto Bruto Interno (PBI), seg\u00fan el IIF. Este valor supera ampliamente los 99 billones de d\u00f3lares registrados en el cuarto trimestre de 2023.<\/p>\n<p>A nivel global, la deuda total ha crecido m\u00e1s de 12 billones de d\u00f3lares en los tres primeros trimestres de 2024, alcanzando un r\u00e9cord hist\u00f3rico de casi 323 billones de d\u00f3lares. Aunque en el cuarto trimestre se observ\u00f3 una leve disminuci\u00f3n en el valor en d\u00f3lares de la deuda global, atribuible a la apreciaci\u00f3n del d\u00f3lar frente a otras monedas, la deuda mundial sigue siendo 8 billones de d\u00f3lares superior a la de 2023.<\/p>\n<p>El <a href=\"https:\/\/www.iif.com\/Publications\/Members-Only-Content-Sign-in?returnurl=\/publications\/id\/5965\" target=\"_blank\" rel=\"noopener\">informe <\/a>del IIF, titulado \u00abVientos de cambio\u00bb, advierte que las tensiones comerciales y las interrupciones en las cadenas de suministro podr\u00edan obstaculizar el crecimiento econ\u00f3mico global. Esto podr\u00eda provocar ciclos de auge y ca\u00edda en los mercados de deuda soberana, exacerbados por presiones inflacionarias y ajustes en las finanzas p\u00fablicas.<\/p>\n<p>En cuanto a la deuda p\u00fablica, se proyecta un aumento de m\u00e1s del 33 por ciento para 2028, alcanzando los 130 billones de d\u00f3lares. Adem\u00e1s, los costos asociados al cumplimiento de objetivos de cero emisiones netas podr\u00edan a\u00f1adir otros 38 billones de d\u00f3lares en gasto relacionado con el clima y la naturaleza.<\/p>\n<p>El contexto global resulta especialmente relevante para Argentina, cuyo gobierno busca regresar a los mercados internacionales de deuda. Las crecientes presiones sobre el endeudamiento p\u00fablico y las perspectivas de mayor gasto clim\u00e1tico representan desaf\u00edos adicionales para las econom\u00edas en desarrollo como la argentina.<\/p>\n<p>De cara a 2025 y m\u00e1s all\u00e1, el IIF prev\u00e9 que la deuda global continuar\u00e1 aumentando, impulsada principalmente por el endeudamiento p\u00fablico. Esto subraya la necesidad de estrategias sostenibles que permitan a los pa\u00edses equilibrar sus compromisos de deuda con el crecimiento econ\u00f3mico y el desarrollo social.<\/p>\n<p><!-- Live Blog Post --><\/div>\n<p><a href=\"https:\/\/www.pagina12.com.ar\/787879-panorama-critico-sobre-la-deuda-global\">source<\/a><\/p>\n","protected":false},"excerpt":{"rendered":"<p>El Banco Mundial y el Institute of International Finance (IIF) publicaron informes recientes que exponen&#8230;<\/p>\n","protected":false},"author":0,"featured_media":196458,"comment_status":"open","ping_status":"open","sticky":false,"template":"","format":"standard","meta":{"footnotes":""},"categories":[5],"tags":[],"class_list":["post-196457","post","type-post","status-publish","format-standard","has-post-thumbnail","hentry","category-economia"],"featured_image_urls":{"full":["https:\/\/radiofenix.com.ar\/2023\/wp-content\/uploads\/wp-header-logo.png",0,0,false],"thumbnail":["https:\/\/radiofenix.com.ar\/2023\/wp-content\/uploads\/wp-header-logo.png",1,1,false],"medium":["https:\/\/radiofenix.com.ar\/2023\/wp-content\/uploads\/wp-header-logo.png",1,1,false],"medium_large":["https:\/\/radiofenix.com.ar\/2023\/wp-content\/uploads\/wp-header-logo.png",1,1,false],"large":["https:\/\/radiofenix.com.ar\/2023\/wp-content\/uploads\/wp-header-logo.png",1,1,false],"1536x1536":["https:\/\/radiofenix.com.ar\/2023\/wp-content\/uploads\/wp-header-logo.png",1,1,false],"2048x2048":["https:\/\/radiofenix.com.ar\/2023\/wp-content\/uploads\/wp-header-logo.png",1,1,false],"newsium-slider-full":["https:\/\/radiofenix.com.ar\/2023\/wp-content\/uploads\/wp-header-logo.png",1,1,false],"newsium-featured":["https:\/\/radiofenix.com.ar\/2023\/wp-content\/uploads\/wp-header-logo.png",1,1,false],"newsium-medium":["https:\/\/radiofenix.com.ar\/2023\/wp-content\/uploads\/wp-header-logo.png",1,1,false]},"author_info":{"info":[""]},"category_info":"<a href=\"https:\/\/radiofenix.com.ar\/2023\/category\/economia\/\" rel=\"category tag\">Economia<\/a>","tag_info":"Economia","comment_count":"0","_links":{"self":[{"href":"https:\/\/radiofenix.com.ar\/2023\/wp-json\/wp\/v2\/posts\/196457","targetHints":{"allow":["GET"]}}],"collection":[{"href":"https:\/\/radiofenix.com.ar\/2023\/wp-json\/wp\/v2\/posts"}],"about":[{"href":"https:\/\/radiofenix.com.ar\/2023\/wp-json\/wp\/v2\/types\/post"}],"replies":[{"embeddable":true,"href":"https:\/\/radiofenix.com.ar\/2023\/wp-json\/wp\/v2\/comments?post=196457"}],"version-history":[{"count":0,"href":"https:\/\/radiofenix.com.ar\/2023\/wp-json\/wp\/v2\/posts\/196457\/revisions"}],"wp:featuredmedia":[{"embeddable":true,"href":"https:\/\/radiofenix.com.ar\/2023\/wp-json\/wp\/v2\/media\/196458"}],"wp:attachment":[{"href":"https:\/\/radiofenix.com.ar\/2023\/wp-json\/wp\/v2\/media?parent=196457"}],"wp:term":[{"taxonomy":"category","embeddable":true,"href":"https:\/\/radiofenix.com.ar\/2023\/wp-json\/wp\/v2\/categories?post=196457"},{"taxonomy":"post_tag","embeddable":true,"href":"https:\/\/radiofenix.com.ar\/2023\/wp-json\/wp\/v2\/tags?post=196457"}],"curies":[{"name":"wp","href":"https:\/\/api.w.org\/{rel}","templated":true}]}}