{"id":196461,"date":"2024-12-05T20:16:52","date_gmt":"2024-12-05T20:16:52","guid":{"rendered":"https:\/\/radiofenix.com.ar\/2023\/fuerte-cruce-entre-ernesto-tenembaum-y-carolina-losada-por-el-agravamiento-de-las-penas-ante-falsas-denuncias\/"},"modified":"2024-12-05T20:16:52","modified_gmt":"2024-12-05T20:16:52","slug":"fuerte-cruce-entre-ernesto-tenembaum-y-carolina-losada-por-el-agravamiento-de-las-penas-ante-falsas-denuncias","status":"publish","type":"post","link":"https:\/\/radiofenix.com.ar\/2023\/fuerte-cruce-entre-ernesto-tenembaum-y-carolina-losada-por-el-agravamiento-de-las-penas-ante-falsas-denuncias\/","title":{"rendered":"Fuerte cruce entre Ernesto Tenembaum y Carolina Losada por el agravamiento de las penas ante falsas denuncias"},"content":{"rendered":"<div id=\"\">\n<p>En ese marco Losada les reproch\u00f3 que tuviera \u00abpalabras que fueron agresivas y desafortunadas\u00bb y <span class=\"saysCMSEmphasis\" id=\"saysCMSEmphasis4k4ll7y89d8\">carg\u00f3 contra el periodista por calificarla de \u00abchanta\u00bb y \u00abfalsa feminista\u00bb.<\/span><\/p>\n<p>\u00abPrimero cualquier persona que haya trabajado conmigo primero como periodista y ahora como senadora puede decir con la seriedad con la que trabajo\u00bb, asegur\u00f3 Losada y luego reivindic\u00f3 que<\/p>\n<p>\u00absiempre fui feminista en lo que realmente tiene que ver con el feminismo que es la b\u00fasqueda de igualdad de derechos y oportunidades entre hombres y mujeres\u00bb. Losada record\u00f3 adem\u00e1s que el pol\u00e9mico proyecto lo present\u00f3 en mayo de 2023, d<\/p>\n<p>urante el gobierno de Alberto Fern\u00e1ndez y reconoci\u00f3 que en ese entonces \u00abqued\u00f3 cajoneado\u00bb y que fue con la gesti\u00f3n libertaria que volvi\u00f3 a tomar impulso.<\/p>\n<p>De todas maneras<span class=\"saysCMSEmphasis\" id=\"saysCMSEmphasis4vls0qr7lx2\"> si el proyecto no es tratado en sesiones extraordinarias la iniciativa perder\u00e1 estado parlamentario.<\/span><\/p>\n<div contenteditable=\"false\" class=\"embed_cont type_imagen\" id=\"8010308-Libre-152935727_wrap\">\n<p> violencia de genero <span onclick=\"parent.parent.TinyMCETdcuerpo.preview_embed('8010308-Libre-152935727')\" class=\"embed_colapse less\" id=\"8010308-Libre-152935727_colapse\"\/> <span onclick=\"parent.parent.TinyMCETdcuerpo.delete_embed('8010308-Libre-152935727')\" class=\"embed_delete less\" id=\"8010308-Libre-152935727_delete\"\/><\/p>\n<div id=\"8010308-Libre-152935727_content\" class=\"embed_content\"><img loading=\"lazy\" decoding=\"async\" src=\"https:\/\/media.minutouno.com\/p\/e6d99fbf20b8166e41d2acb5cda1121e\/adjuntos\/150\/imagenes\/041\/993\/0041993680\/violencia-genero.jpg\" alt=\"\" title=\"\" width=\"610\" height=\"457\" id=\"8010308-Libre-152935727_embed\"\/><\/div>\n<\/p><\/div>\n<h2>El proyecto de Losada<\/h2>\n<p data-mrf-recirculation=\"Cuerpo de la nota\">La comisi\u00f3n de Justicia y Asuntos Penales presidida por el senador<strong> Juan Carlos Pagotto<\/strong> (LLA) recibi\u00f3 al ministro de Justicia, <strong>Mariano C\u00faneo Libarona,<\/strong> para tratar un proyecto de ley de Losada que modifica el C\u00f3digo Penal de la Naci\u00f3n para agravar penas sobre las falsas denuncias en casos de violencia de g\u00e9nero.<\/p>\n<p data-mrf-recirculation=\"Cuerpo de la nota\">La autora del proyecto resumi\u00f3 que l<span class=\"saysCMSEmphasis\" id=\"saysCMSEmphasis4uk7zgwwypr\">a iniciativa \u00abapunta a que la denuncia verdadera tenga lugar y todos los recursos se apunten a esa denuncia\u00bb y \u00abtiene que ver con penalizar a la mentira, la estafa contra la justicia<\/span>, y con que la justicia sea realmente m\u00e1s transparente y sea equitativa e igual para todos\u00bb.<\/p>\n<p data-mrf-recirculation=\"Cuerpo de la nota\">En esa l\u00ednea<span class=\"saysCMSEmphasis\" id=\"saysCMSEmphasis6x2si1daubg\"> C\u00faneo Libarona se\u00f1al\u00f3 que \u00abla falsa denuncia no solo da\u00f1a a la v\u00edctima, sino que vulnera todo el sistema en general y la credibilidad de las instituciones\u00bb <\/span> y que \u00abno puede tolerarse la mentira al juez, al fiscal ni a la polic\u00eda. Tampoco utilizar una herramienta judicial para obtener un beneficio personal o de un tercero. Tienen que ser castigados los que cometen delitos y m\u00e1xime los que acusan falsamente\u00bb.<\/p>\n<div contenteditable=\"false\" class=\"embed_cont type_freetext\" rel=\"freetext\" id=\"embed95_wrap\">\n<p>Embed <span onclick=\"parent.parent.TinyMCETdcuerpo.preview_embed('embed95')\" class=\"embed_colapse less\" id=\"embed95_colapse\"\/>  <span onclick=\"parent.parent.TinyMCETdcuerpo.delete_embed('embed95')\" class=\"embed_delete less\" id=\"embed95_delete\"\/><\/p>\n<div id=\"embed95_content\" class=\"embed_content\">\n<div id=\"embed95_embed\">\n<figure class=\"figure\"><a href=\"https:\/\/t.me\/minutounocom\" target=\"_blank\" rel=\"noopener\"><img decoding=\"async\" src=\"https:\/\/media.minutouno.com\/adjuntos\/150\/banners\/039\/099\/0039099175.jpg\" class=\"figure-img img-fluid\" style=\"width:100%;height:auto;\"\/><\/a><\/figure>\n<\/div>\n<\/div><\/div>\n<\/p><\/div>\n<p><a href=\"https:\/\/www.minutouno.com\/politica\/fuerte-cruce-ernesto-tenembaum-y-carolina-losada-el-agravamiento-las-penas-falsas-denuncias-n6089346\">source<\/a><\/p>\n","protected":false},"excerpt":{"rendered":"<p>En ese marco Losada les reproch\u00f3 que tuviera \u00abpalabras que fueron agresivas y desafortunadas\u00bb y&#8230;<\/p>\n","protected":false},"author":0,"featured_media":196462,"comment_status":"open","ping_status":"open","sticky":false,"template":"","format":"standard","meta":{"footnotes":""},"categories":[2],"tags":[],"class_list":["post-196461","post","type-post","status-publish","format-standard","has-post-thumbnail","hentry","category-politica"],"featured_image_urls":{"full":["https:\/\/radiofenix.com.ar\/2023\/wp-content\/uploads\/wp-header-logo.png",0,0,false],"thumbnail":["https:\/\/radiofenix.com.ar\/2023\/wp-content\/uploads\/wp-header-logo.png",1,1,false],"medium":["https:\/\/radiofenix.com.ar\/2023\/wp-content\/uploads\/wp-header-logo.png",1,1,false],"medium_large":["https:\/\/radiofenix.com.ar\/2023\/wp-content\/uploads\/wp-header-logo.png",1,1,false],"large":["https:\/\/radiofenix.com.ar\/2023\/wp-content\/uploads\/wp-header-logo.png",1,1,false],"1536x1536":["https:\/\/radiofenix.com.ar\/2023\/wp-content\/uploads\/wp-header-logo.png",1,1,false],"2048x2048":["https:\/\/radiofenix.com.ar\/2023\/wp-content\/uploads\/wp-header-logo.png",1,1,false],"newsium-slider-full":["https:\/\/radiofenix.com.ar\/2023\/wp-content\/uploads\/wp-header-logo.png",1,1,false],"newsium-featured":["https:\/\/radiofenix.com.ar\/2023\/wp-content\/uploads\/wp-header-logo.png",1,1,false],"newsium-medium":["https:\/\/radiofenix.com.ar\/2023\/wp-content\/uploads\/wp-header-logo.png",1,1,false]},"author_info":{"info":[""]},"category_info":"<a href=\"https:\/\/radiofenix.com.ar\/2023\/category\/politica\/\" rel=\"category tag\">Pol\u00edtica<\/a>","tag_info":"Pol\u00edtica","comment_count":"0","_links":{"self":[{"href":"https:\/\/radiofenix.com.ar\/2023\/wp-json\/wp\/v2\/posts\/196461","targetHints":{"allow":["GET"]}}],"collection":[{"href":"https:\/\/radiofenix.com.ar\/2023\/wp-json\/wp\/v2\/posts"}],"about":[{"href":"https:\/\/radiofenix.com.ar\/2023\/wp-json\/wp\/v2\/types\/post"}],"replies":[{"embeddable":true,"href":"https:\/\/radiofenix.com.ar\/2023\/wp-json\/wp\/v2\/comments?post=196461"}],"version-history":[{"count":0,"href":"https:\/\/radiofenix.com.ar\/2023\/wp-json\/wp\/v2\/posts\/196461\/revisions"}],"wp:featuredmedia":[{"embeddable":true,"href":"https:\/\/radiofenix.com.ar\/2023\/wp-json\/wp\/v2\/media\/196462"}],"wp:attachment":[{"href":"https:\/\/radiofenix.com.ar\/2023\/wp-json\/wp\/v2\/media?parent=196461"}],"wp:term":[{"taxonomy":"category","embeddable":true,"href":"https:\/\/radiofenix.com.ar\/2023\/wp-json\/wp\/v2\/categories?post=196461"},{"taxonomy":"post_tag","embeddable":true,"href":"https:\/\/radiofenix.com.ar\/2023\/wp-json\/wp\/v2\/tags?post=196461"}],"curies":[{"name":"wp","href":"https:\/\/api.w.org\/{rel}","templated":true}]}}