{"id":196467,"date":"2024-12-06T08:57:42","date_gmt":"2024-12-06T08:57:42","guid":{"rendered":"https:\/\/radiofenix.com.ar\/2023\/onu-condena-nuevo-veto-a-las-afganas-en-la-educacion-ahora-en-el-sector-sanitario\/"},"modified":"2024-12-06T08:57:42","modified_gmt":"2024-12-06T08:57:42","slug":"onu-condena-nuevo-veto-a-las-afganas-en-la-educacion-ahora-en-el-sector-sanitario","status":"publish","type":"post","link":"https:\/\/radiofenix.com.ar\/2023\/onu-condena-nuevo-veto-a-las-afganas-en-la-educacion-ahora-en-el-sector-sanitario\/","title":{"rendered":"ONU condena nuevo veto a las afganas en la educaci\u00f3n, ahora en el sector sanitario\u00a0"},"content":{"rendered":"<div><!-- Body --><\/p>\n<p>La Oficina de la <b>ONU <\/b>para los Derechos Humanos <b>conden\u00f3 la nueva prohibici\u00f3n<\/b> impuesta por los <b>talibanes <\/b>a las mujeres afganas, que ahora <b>tampoco podr\u00e1n recibir educaci\u00f3n para formarse en servicios sanitarios como el de enfermeras o matronas<\/b>.<\/p>\n<p>El nuevo veto, \u00faltimo de una larga lista desde el regreso de los talibanes al poder en 2021, <b>\u00ablimitar\u00e1 el ya precario acceso de las mujeres a los servicios sanitarios, ya que los trabajadores hombres del sector tienen prohibido tratarlas si no est\u00e1 presente un familiar de la paciente\u00bb<\/b>, se\u00f1al\u00f3 en un comunicado la portavoz de la oficina, Ravina Shamdasani.<\/p>\n<p>La nueva medida <b>\u00abes profundamente discriminatoria, corta de miras y pone las vidas de mujeres y ni\u00f1as en grave riesgo\u00bb<\/b> en uno de los pa\u00edses con tasas m\u00e1s altas de mortalidad materna en el mundo, asegur\u00f3 la portavoz de la oficina que dirige el alto comisionado Volker T\u00fcrk.<\/p>\n<p>\u00abEs un nuevo cap\u00edtulo en las medidas discriminatorias estatales dirigidas contra la mujer en los campos de la educaci\u00f3n, el trabajo y otros sectores, comprometiendo el futuro del pa\u00eds\u00bb, agreg\u00f3.<\/p>\n<p><b>La prohibici\u00f3n pone fin a seguramente el \u00faltimo resquicio que les quedaba a las mujeres de Afganist\u00e1n para acceder a educaci\u00f3n superior.<\/b><\/p>\n<p>Estudiantes femeninas que asist\u00edan a institutos de obstetricia y enfermer\u00eda en Afganist\u00e1n denunciaron que<b> se les orden\u00f3 no regresar a clase desde el pasado martes.\u00a0<\/b><\/p>\n<p><!-- Live Blog Post --><\/div>\n<p><a href=\"https:\/\/www.pagina12.com.ar\/788104-onu-condena-nuevo-veto-a-las-afganas-en-la-educacion-ahora-e\">source<\/a><\/p>\n","protected":false},"excerpt":{"rendered":"<p>La Oficina de la ONU para los Derechos Humanos conden\u00f3 la nueva prohibici\u00f3n impuesta por&#8230;<\/p>\n","protected":false},"author":0,"featured_media":196468,"comment_status":"open","ping_status":"open","sticky":false,"template":"","format":"standard","meta":{"footnotes":""},"categories":[7],"tags":[],"class_list":["post-196467","post","type-post","status-publish","format-standard","has-post-thumbnail","hentry","category-sociedad"],"featured_image_urls":{"full":["https:\/\/radiofenix.com.ar\/2023\/wp-content\/uploads\/wp-header-logo.png",0,0,false],"thumbnail":["https:\/\/radiofenix.com.ar\/2023\/wp-content\/uploads\/wp-header-logo.png",1,1,false],"medium":["https:\/\/radiofenix.com.ar\/2023\/wp-content\/uploads\/wp-header-logo.png",1,1,false],"medium_large":["https:\/\/radiofenix.com.ar\/2023\/wp-content\/uploads\/wp-header-logo.png",1,1,false],"large":["https:\/\/radiofenix.com.ar\/2023\/wp-content\/uploads\/wp-header-logo.png",1,1,false],"1536x1536":["https:\/\/radiofenix.com.ar\/2023\/wp-content\/uploads\/wp-header-logo.png",1,1,false],"2048x2048":["https:\/\/radiofenix.com.ar\/2023\/wp-content\/uploads\/wp-header-logo.png",1,1,false],"newsium-slider-full":["https:\/\/radiofenix.com.ar\/2023\/wp-content\/uploads\/wp-header-logo.png",1,1,false],"newsium-featured":["https:\/\/radiofenix.com.ar\/2023\/wp-content\/uploads\/wp-header-logo.png",1,1,false],"newsium-medium":["https:\/\/radiofenix.com.ar\/2023\/wp-content\/uploads\/wp-header-logo.png",1,1,false]},"author_info":{"info":[""]},"category_info":"<a href=\"https:\/\/radiofenix.com.ar\/2023\/category\/sociedad\/\" rel=\"category tag\">Sociedad<\/a>","tag_info":"Sociedad","comment_count":"0","_links":{"self":[{"href":"https:\/\/radiofenix.com.ar\/2023\/wp-json\/wp\/v2\/posts\/196467","targetHints":{"allow":["GET"]}}],"collection":[{"href":"https:\/\/radiofenix.com.ar\/2023\/wp-json\/wp\/v2\/posts"}],"about":[{"href":"https:\/\/radiofenix.com.ar\/2023\/wp-json\/wp\/v2\/types\/post"}],"replies":[{"embeddable":true,"href":"https:\/\/radiofenix.com.ar\/2023\/wp-json\/wp\/v2\/comments?post=196467"}],"version-history":[{"count":0,"href":"https:\/\/radiofenix.com.ar\/2023\/wp-json\/wp\/v2\/posts\/196467\/revisions"}],"wp:featuredmedia":[{"embeddable":true,"href":"https:\/\/radiofenix.com.ar\/2023\/wp-json\/wp\/v2\/media\/196468"}],"wp:attachment":[{"href":"https:\/\/radiofenix.com.ar\/2023\/wp-json\/wp\/v2\/media?parent=196467"}],"wp:term":[{"taxonomy":"category","embeddable":true,"href":"https:\/\/radiofenix.com.ar\/2023\/wp-json\/wp\/v2\/categories?post=196467"},{"taxonomy":"post_tag","embeddable":true,"href":"https:\/\/radiofenix.com.ar\/2023\/wp-json\/wp\/v2\/tags?post=196467"}],"curies":[{"name":"wp","href":"https:\/\/api.w.org\/{rel}","templated":true}]}}