{"id":196471,"date":"2024-12-06T08:57:47","date_gmt":"2024-12-06T08:57:47","guid":{"rendered":"https:\/\/radiofenix.com.ar\/2023\/francia-cayo-el-gobierno-de-michel-barnier\/"},"modified":"2024-12-06T08:57:47","modified_gmt":"2024-12-06T08:57:47","slug":"francia-cayo-el-gobierno-de-michel-barnier","status":"publish","type":"post","link":"https:\/\/radiofenix.com.ar\/2023\/francia-cayo-el-gobierno-de-michel-barnier\/","title":{"rendered":"Francia: cay\u00f3 el gobierno de Michel Barnier\u00a0"},"content":{"rendered":"<div><!-- Body --><\/p>\n<p><i>Desde Par\u00eds<\/i><\/p>\n<p>Por segunda vez en la historia de la Quinta Rep\u00fablica fundada en 1958 y despu\u00e9s de 62 a\u00f1os,<b> cay\u00f3 un gobierno franc\u00e9s al ser censurado por la<\/b><a href=\"https:\/\/www.pagina12.com.ar\/tags\/2785-asamblea-nacional\"><b> Asamblea Nacional<\/b><\/a>. Una consecuencia previsible para un  primer ministro que viene de una fuerza pol\u00edtica de derecha minoritaria, <b>Los Republicanos<\/b> (LR), y que <b>en su ef\u00edmero gobierno aplic\u00f3 pol\u00edticas\u00a0 que profundizaban las medidas neoliberales<\/b> de <a href=\"https:\/\/www.pagina12.com.ar\/tags\/6116-emmanuel-macron\">los \u00faltimos siete a\u00f1os macronistas<\/a>, y que hab\u00edan sido rechazadas en las \u00faltimas elecciones legislativas de julio pasado.<\/p>\n<p><b>La Francia Insumisa<\/b> (LFI), integrante de la coalici\u00f3n de izquierda Nuevo Frente Popular (NFP), fue la que present\u00f3 la moci\u00f3n de censura que finalmente<b> fue votada por 331 diputados (se requer\u00eda como m\u00ednimo el voto de 288 legisladores)<\/b> que hizo caer al gobierno de Michel\u00a0Barnier. A las 20 horas 20 minutos fue anunciado el resultado por la presidenta de la Asamblea Nacional,<b>\u00a0Ya\u00ebl Braun-Pivet,<\/b> quien en un escueto mensaje y con un rostro de aflicci\u00f3n, dio a conocer el veredicto de los diputados.<\/p>\n<p><iframe loading=\"lazy\" frameborder=\"0\" width=\"640\" height=\"360\" src=\"https:\/\/geo.dailymotion.com\/player\/xt5ee.html?video=x9aabhs\"><\/iframe><\/p>\n<h2>Provocaci\u00f3n<\/h2>\n<p><b>Mathilde Panot<\/b>, la presidenta del bloque de diputados de LFI, al salir del hemiciclo se congratul\u00f3 de la ca\u00edda del gobierno de Barnier:<b>\u00a0\u201ceste gobierno era una provocaci\u00f3n al voto de los franceses, hoy es un d\u00eda hist\u00f3rico, el \u00fanico soberano es el pueblo\u201d<\/b>. Panot agreg\u00f3 que ahora es el presidente<b> Emmanuel Macron<\/b> quien se tiene que ir, tal como lo demandan un 63% de los franceses seg\u00fan las encuestas. Panot reforz\u00f3 su idea a\u00f1adiendo que la \u00fanica soluci\u00f3n al impasse actual son las elecciones presidenciales anticipadas para que el pueblo decida en las urnas el camino a seguir.<\/p>\n<p>Durante las \u00faltimas 48 horas\u00a0Barnier hab\u00eda multiplicado sus esfuerzos para persuadir a los diputados de votar contra la moci\u00f3n de censura, buscando evitar lo que se presentaba como inevitable. Hizo llamados reiterados a asumir la responsabilidad del momento hist\u00f3rico y destac\u00f3, en cada ocasi\u00f3n que pudo, la importancia de la estabilidad del gobierno. Anunci\u00f3 que en caso de ser destituido las consecuencias ser\u00edan muy negativas para la econom\u00eda francesa y para el prestigio de Francia,\u00a0 y advirti\u00f3 que los mercados reaccionar\u00edan afectando las finanzas del pa\u00eds.<\/p>\n<h2>Apoyo medi\u00e1tico<\/h2>\n<p><b>Medios de comunicaci\u00f3n como <i>BFMTV,<\/i> salieron en masa a anunciar las siete plagas de Egipto si el gobierno del conservador Barnier ca\u00eda.<\/b> Y se multiplicaron las presiones de esos medios sobre los diputados de izquierda y extrema derecha que hab\u00edan anunciado que votar\u00edan a favor de la moci\u00f3n.<\/p>\n<p>En las calles se escuchaban opiniones que iban en el mismo sentido del bombardeo medi\u00e1tico. La ca\u00edda anunciada del gobierno era motivo de comentarios en los lugares de trabajo y los espacios p\u00fablicos. La dicotom\u00eda propalada era que los diputados deb\u00edan elegir entre el orden o el caos. Y el orden estaba representado por el gobierno de Barnier, seg\u00fan el discurso oficial.<\/p>\n<p>Las propuestas para hacer caer al gobierno se hab\u00edan exteriorizado desde el momento en que <b>Barnier anunci\u00f3 la semana pasada que impondr\u00eda un presupuesto por decreto, impidiendo a los diputados votarlo al no presentarlo en la Asamblea.\u00a0<\/b> El proyecto hab\u00eda cosechado m\u00faltiples repudios en sectores diversos de la sociedad.<\/p>\n<p>\u00a0Los recortes anunciados a las universidades pusieron a \u00e9stas en estado de alerta y provocaron huelgas que este 5 de diciembre se ponen en marcha en los establecimientos educativos; la reducci\u00f3n de beneficios sociales como el intento de aumentar de uno a tres d\u00edas sin goce de sueldo la licencia de un trabajador que dejara de trabajar por enfermedad o por haber padecido un accidente, y las reducciones en los haberes jubilatorios previstas en el presupuestos y la creaci\u00f3n de impuestos excepcionales a sectores empresariales, terminaron<b> unificando el repudio de parte de la izquierda, que reclam\u00f3 por la defensa de los asalariados y de los servicios p\u00fablicos, junto a los diputados de la extrema derecha que cuestionaban los nuevos impuestos a los empresarios.  <\/b><\/p>\n<h2>La crisis<\/h2>\n<p>La crisis pol\u00edtica actual se produce en una econom\u00eda francesa que ha padecido una importante inflaci\u00f3n en los \u00faltimos a\u00f1os. Los s\u00edntomas de esta crisis los podemos observar en los cierres anunciados para deslocalizar la producci\u00f3n de dos f\u00e1bricas de neum\u00e1ticos Michelin en las ciudades francesas de Vannes y Cholet, dejando a m\u00e1s de 1200 empleados en la calle; o en el anuncio del hipermercado Auchan de que suprimir\u00e1 2400 empleos.<\/p>\n<p><b>La desestabilizaci\u00f3n creciente en las leyes de trabajo, la multiplicaci\u00f3n de la precariedad laboral, la desindustrializaci\u00f3n y la ca\u00edda del poder adquisitivo generan las condiciones para que tanto la izquierda como parad\u00f3jicamente la extrema derecha aumenten su caudal de votos en cada elecci\u00f3n<\/b> y est\u00e1n en la base del rechazo al gobierno de Barnier, que representa justamente una profundizaci\u00f3n de esas pol\u00edticas neoliberales.<\/p>\n<p>Ahora la pelota est\u00e1 en el campo de Macron, que deber\u00eda nombrar el nuevo primer ministro. Est\u00e1 anunciado que este jueves a las 20 horas dar\u00e1 un discurso dirigido a la naci\u00f3n.<b> Se habla de que Macron podr\u00eda nombrar un primer ministro en las pr\u00f3ximas 24 horas<\/b>, lo que contrastar\u00eda radicalmente con los tres meses que le llev\u00f3 nombrar a Barnier.<\/p>\n<h2>Divisiones en la oposici\u00f3n<\/h2>\n<p>La izquierda del NFP\u00a0no aparece esta vez unificada detr\u00e1s de una candidatura como lo hizo hace tres meses cuando present\u00f3 a <b>Lucie Castets<\/b> para ocupar el puesto de jefatura de gobierno. <b>El Partido Socialista expresa estar dispuesto a gobernar, buscando acuerdos con fuerzas pol\u00edticas del centro macronista<\/b>, pero no est\u00e1 acompa\u00f1ado por La Francia Insumisa o los ecologistas que contin\u00faan sosteniendo como su candidata a Castets.<\/p>\n<p>El presidente Macron podr\u00eda efectivamente esta vez elegir alguien que provenga de la izquierda dado que es la coalici\u00f3n que tiene el mayor n\u00famero de diputados, y respetar as\u00ed una tradici\u00f3n republicana, pero es algo que se neg\u00f3 a hacer antes y parece poco probable que se preste a hacerlo ahora. <b>Nombrar a un primer ministro del NFP implicar\u00eda que el legado pol\u00edtico neoliberal del presidente se ver\u00eda m\u00e1s que cuestionado.<\/b> La reforma estrella de Macron de aumentar la edad de la jubilaci\u00f3n de 62 a 64 a\u00f1os ser\u00eda inmediatamente anulada por un gobierno de izquierda, los impuestos que Macron suprimi\u00f3 a los m\u00e1s ricos como el Impuesto de la Solidaridad a la Fortuna (ISF) podr\u00edan ver la luz nuevamente y los servicios p\u00fablicos se beneficar\u00edan de mayor presupuesto o los salarios m\u00ednimos aumentar\u00edan, entre otras propuestas presentes en el programa de la coalici\u00f3n de izquierda del NFP.<\/p>\n<h2>Continuidad<\/h2>\n<p>Estas fueron en realidad las razones por las que Macron antes eligi\u00f3 a Barnier, un conservador neoliberal que le garantizaba una continuidad, pero al hacerlo ignor\u00f3 al voto popular, que en su mayor\u00eda eligi\u00f3 propuestas antimacronistas. Entonces el riesgo ahora ser\u00eda que para no dar el brazo a torcer, Macron termine proponiendo como primer ministro a<b> Jord\u00e1n Bardella<\/b>, presidente del partido de extrema derecha Agrupamiento Nacional (RN). La lideresa de RN es<b> Marine Le Pen,<\/b> pero ella ha manifestado en el pasado reciente que no ser\u00eda candidata a ocupar el cargo de primer ministro porque ella es candidata a presidenta. Un acuerdo  entre Macron y Le Pen no parece inveros\u00edmil; y el joven Bardella de 29 a\u00f1os ser\u00eda el reemplazante de Barnier. Este potencial acuerdo<b> le garantizar\u00eda a Macron la continuidad de las pol\u00edticas neoliberales, pero en materia de derechos civiles y no s\u00f3lo sociales ser\u00eda un retroceso importante<\/b>.<\/p>\n<p>Este mi\u00e9rcoles Marine Le Pen insisti\u00f3 en cu\u00e1les considera los ejes pol\u00edticos m\u00e1s importantes: \u201cinmigraci\u00f3n, poder adquisitivo y seguridad\u201d. Las personas extranjeras que no est\u00e1n regularizadas, los musulmanes, y <b>todas las minor\u00edas pasar\u00edan a ser blanco de pol\u00edticas discriminatorias promovidas por los lepenistas<\/b>, acostumbrados a buscar chivos expiatorios.<\/p>\n<p><b>Est\u00e1 por verse si para Macron es m\u00e1s importante garantizar las pol\u00edticas neoliberales que los Derechos Humanos de los franceses. <\/b>El enigma se podr\u00eda disipar en las pr\u00f3ximas horas.<\/p>\n<p><!-- Live Blog Post --><\/div>\n<p><a href=\"https:\/\/www.pagina12.com.ar\/787903-francia-cayo-el-gobierno-de-michel-barnier\">source<\/a><\/p>\n","protected":false},"excerpt":{"rendered":"<p>Desde Par\u00eds Por segunda vez en la historia de la Quinta Rep\u00fablica fundada en 1958&#8230;<\/p>\n","protected":false},"author":0,"featured_media":196472,"comment_status":"open","ping_status":"open","sticky":false,"template":"","format":"standard","meta":{"footnotes":""},"categories":[60],"tags":[],"class_list":["post-196471","post","type-post","status-publish","format-standard","has-post-thumbnail","hentry","category-internacional"],"featured_image_urls":{"full":["https:\/\/radiofenix.com.ar\/2023\/wp-content\/uploads\/wp-header-logo.png",0,0,false],"thumbnail":["https:\/\/radiofenix.com.ar\/2023\/wp-content\/uploads\/wp-header-logo.png",1,1,false],"medium":["https:\/\/radiofenix.com.ar\/2023\/wp-content\/uploads\/wp-header-logo.png",1,1,false],"medium_large":["https:\/\/radiofenix.com.ar\/2023\/wp-content\/uploads\/wp-header-logo.png",1,1,false],"large":["https:\/\/radiofenix.com.ar\/2023\/wp-content\/uploads\/wp-header-logo.png",1,1,false],"1536x1536":["https:\/\/radiofenix.com.ar\/2023\/wp-content\/uploads\/wp-header-logo.png",1,1,false],"2048x2048":["https:\/\/radiofenix.com.ar\/2023\/wp-content\/uploads\/wp-header-logo.png",1,1,false],"newsium-slider-full":["https:\/\/radiofenix.com.ar\/2023\/wp-content\/uploads\/wp-header-logo.png",1,1,false],"newsium-featured":["https:\/\/radiofenix.com.ar\/2023\/wp-content\/uploads\/wp-header-logo.png",1,1,false],"newsium-medium":["https:\/\/radiofenix.com.ar\/2023\/wp-content\/uploads\/wp-header-logo.png",1,1,false]},"author_info":{"info":[""]},"category_info":"<a href=\"https:\/\/radiofenix.com.ar\/2023\/category\/internacional\/\" rel=\"category tag\">Internacional<\/a>","tag_info":"Internacional","comment_count":"0","_links":{"self":[{"href":"https:\/\/radiofenix.com.ar\/2023\/wp-json\/wp\/v2\/posts\/196471","targetHints":{"allow":["GET"]}}],"collection":[{"href":"https:\/\/radiofenix.com.ar\/2023\/wp-json\/wp\/v2\/posts"}],"about":[{"href":"https:\/\/radiofenix.com.ar\/2023\/wp-json\/wp\/v2\/types\/post"}],"replies":[{"embeddable":true,"href":"https:\/\/radiofenix.com.ar\/2023\/wp-json\/wp\/v2\/comments?post=196471"}],"version-history":[{"count":0,"href":"https:\/\/radiofenix.com.ar\/2023\/wp-json\/wp\/v2\/posts\/196471\/revisions"}],"wp:featuredmedia":[{"embeddable":true,"href":"https:\/\/radiofenix.com.ar\/2023\/wp-json\/wp\/v2\/media\/196472"}],"wp:attachment":[{"href":"https:\/\/radiofenix.com.ar\/2023\/wp-json\/wp\/v2\/media?parent=196471"}],"wp:term":[{"taxonomy":"category","embeddable":true,"href":"https:\/\/radiofenix.com.ar\/2023\/wp-json\/wp\/v2\/categories?post=196471"},{"taxonomy":"post_tag","embeddable":true,"href":"https:\/\/radiofenix.com.ar\/2023\/wp-json\/wp\/v2\/tags?post=196471"}],"curies":[{"name":"wp","href":"https:\/\/api.w.org\/{rel}","templated":true}]}}