{"id":196473,"date":"2024-12-06T08:57:49","date_gmt":"2024-12-06T08:57:49","guid":{"rendered":"https:\/\/radiofenix.com.ar\/2023\/otro-reves-para-el-gobierno-la-justicia-suspendio-el-dnu-que-habilitaba-las-sad\/"},"modified":"2024-12-06T08:57:49","modified_gmt":"2024-12-06T08:57:49","slug":"otro-reves-para-el-gobierno-la-justicia-suspendio-el-dnu-que-habilitaba-las-sad","status":"publish","type":"post","link":"https:\/\/radiofenix.com.ar\/2023\/otro-reves-para-el-gobierno-la-justicia-suspendio-el-dnu-que-habilitaba-las-sad\/","title":{"rendered":"Otro rev\u00e9s para el Gobierno: la Justicia suspendi\u00f3 el DNU que habilitaba las SAD"},"content":{"rendered":"<div id=\"\">\n<p>Se trata de una decisi\u00f3n que <strong>ratifica un fallo previo del Juzgado Federal de Mercedes, que en septiembre ya hab\u00eda frenado la aplicaci\u00f3n de la normativa impulsada por el Gobierno<\/strong>. En esa oportunidad, se hab\u00eda apelado argumentando que no exist\u00eda un peligro inminente que justificara la suspensi\u00f3n, <strong>dado que el modelo de las SAD es \u201copcional para los clubes\u201d<\/strong>.<\/p>\n<p>El Gobierno, como se sabe, est\u00e1 <strong>empe\u00f1ado en incorporaci\u00f3n de capitales privados al f\u00fatbol argentino<\/strong>, una de las pol\u00edticas promovidas desde el inicio de la gesti\u00f3n de Javier Milei; es decir, <strong>que las instituciones deportivas puedan comprarse y venderse entre privados, incluso por capital extranjeros<\/strong>.<\/p>\n<p>La AFA, mientras tanto, <strong>defiende la continuidad de los clubes como entidades sin fines de lucro, es decir, que sigan perteneciendo a sus socios<\/strong>, argumentando que este modelo preserva la identidad y el arraigo social del f\u00fatbol argentino.<\/p>\n<h2>A pesar de Milei, la Justicia tambi\u00e9n hab\u00eda ratificado la reelecci\u00f3n de \u201cChiqui\u201d Tapia<\/h2>\n<div contenteditable=\"false\" class=\"embed_cont type_imagen\" id=\"7995000-Libre-387978494_wrap\">\n<p>asamblea afa.jpg <span onclick=\"parent.parent.TinyMCETdcuerpo.preview_embed('7995000-Libre-387978494')\" class=\"embed_colapse less\" id=\"7995000-Libre-387978494_colapse\"\/>  <span onclick=\"parent.parent.TinyMCETdcuerpo.delete_embed('7995000-Libre-387978494')\" class=\"embed_delete less\" id=\"7995000-Libre-387978494_delete\"\/><\/p>\n<div id=\"7995000-Libre-387978494_content\" class=\"embed_content\"><img decoding=\"async\" src=\"https:\/\/media.minutouno.com\/p\/ba6ad27064053b6cbd03e6995f0e643a\/adjuntos\/150\/imagenes\/041\/900\/0041900391\/610x0\/smart\/asamblea-afajpg.jpg\" alt=\"La asamblea de la AFA donde fue reelegido \" chiqui=\"\" tapia=\"\" como=\"\" presidente=\"\" title=\"La asamblea de la AFA donde fue reelegido \" width=\"610\" height=\"undefined\" id=\"7995000-Libre-387978494_embed\"\/><\/div>\n<div id=\"7995000-Libre-387978494_epigrafe\" class=\"embed_epigrafe\">\n<p> La asamblea de la AFA donde fue reelegido \u00abChiqui\u00bb Tapia como presidente.<\/p>\n<\/div><\/div>\n<p>El rechazo a la apelaci\u00f3n del Gobierno libertario supone un nuevo rev\u00e9s en el marco del <strong>conflicto que la gesti\u00f3n libertaria -respaldada por el macrismo- mantiene con la AFA y la mayor\u00eda de las instituciones del pa\u00eds<\/strong>, con excepci\u00f3n de alg\u00fan dirigente af\u00edn a las pol\u00edticas oficiales.<\/p>\n<p>A mediados del mes pasado, la <strong><a href=\"https:\/\/www.minutouno.com\/deportes\/reves-el-gobierno-la-justicia-ratifico-la-validez-la-reeleccion-chiqui-tapia-la-afa-n6082738\" target=\"_blank\" rel=\"follow noopener\">C\u00e1mara Civil de la Naci\u00f3n fallaba a favor de la AFA al declarar nula la Resoluci\u00f3n 793\/2024 emitida por la Inspecci\u00f3n General de Justicia <\/a><\/strong>(IGJ), que invalidaba la asamblea general en la que Claudio \u00abChiqui\u00bb Tapia hab\u00eda sido reelecto presidente de la entidad por cuatro a\u00f1os.<\/p>\n<p>La resoluci\u00f3n de la IGJ hab\u00eda declarado la \u00ab<strong>irregularidad e ineficacia total a los efectos administrativos de la convocatoria a Asamblea General Ordinaria de la AFA<\/strong> para el 17 de octubre\u00bb, tras una denuncia que impulsaron las autoridades de Talleres de C\u00f3rdoba, a instancias de las autoridades libertarias.<\/p>\n<p>Sin embargo, el fallo judicial de noviembre indicaba que \u00ab<strong>no puede dudarse entonces de su car\u00e1cter y, en particular, de la eficacia del acto asambleario<\/strong> que celebrado en el lugar, fecha y hora convocada, pues por unanimidad <strong>se aprob\u00f3 la moci\u00f3n al punto uno del orden d\u00eda \u2018Considerando que la Asamblea fue convocada seg\u00fan lo dispuesto en los Estatutos<\/strong>, mocion\u00f3 para que se apruebe este Punto Primero del Orden del D\u00eda\u2019\u201d.<\/p>\n<p>\u201cInclusive <strong>cont\u00f3 con el voto afirmativo del delegado representante del Club Talleres de C\u00f3rdoba quien en su denuncia no s\u00f3lo pretend\u00eda la suspensi\u00f3n del acto sino la declaraci\u00f3n de ineficacia de su convocatoria<\/strong>. Extremo, que dicho sea de paso tampoco fue observado por la IGJ\u201d, se\u00f1alaban los magistrados en aquel fallo.<\/p>\n<\/div>\n<p><a href=\"https:\/\/www.minutouno.com\/deportes\/otro-reves-el-gobierno-la-justicia-suspendio-el-dnu-que-habilitaba-las-sad-n6090078\">source<\/a><\/p>\n","protected":false},"excerpt":{"rendered":"<p>Se trata de una decisi\u00f3n que ratifica un fallo previo del Juzgado Federal de Mercedes,&#8230;<\/p>\n","protected":false},"author":0,"featured_media":196474,"comment_status":"open","ping_status":"open","sticky":false,"template":"","format":"standard","meta":{"footnotes":""},"categories":[2],"tags":[],"class_list":["post-196473","post","type-post","status-publish","format-standard","has-post-thumbnail","hentry","category-politica"],"featured_image_urls":{"full":["https:\/\/radiofenix.com.ar\/2023\/wp-content\/uploads\/wp-header-logo.png",0,0,false],"thumbnail":["https:\/\/radiofenix.com.ar\/2023\/wp-content\/uploads\/wp-header-logo.png",1,1,false],"medium":["https:\/\/radiofenix.com.ar\/2023\/wp-content\/uploads\/wp-header-logo.png",1,1,false],"medium_large":["https:\/\/radiofenix.com.ar\/2023\/wp-content\/uploads\/wp-header-logo.png",1,1,false],"large":["https:\/\/radiofenix.com.ar\/2023\/wp-content\/uploads\/wp-header-logo.png",1,1,false],"1536x1536":["https:\/\/radiofenix.com.ar\/2023\/wp-content\/uploads\/wp-header-logo.png",1,1,false],"2048x2048":["https:\/\/radiofenix.com.ar\/2023\/wp-content\/uploads\/wp-header-logo.png",1,1,false],"newsium-slider-full":["https:\/\/radiofenix.com.ar\/2023\/wp-content\/uploads\/wp-header-logo.png",1,1,false],"newsium-featured":["https:\/\/radiofenix.com.ar\/2023\/wp-content\/uploads\/wp-header-logo.png",1,1,false],"newsium-medium":["https:\/\/radiofenix.com.ar\/2023\/wp-content\/uploads\/wp-header-logo.png",1,1,false]},"author_info":{"info":[""]},"category_info":"<a href=\"https:\/\/radiofenix.com.ar\/2023\/category\/politica\/\" rel=\"category tag\">Pol\u00edtica<\/a>","tag_info":"Pol\u00edtica","comment_count":"0","_links":{"self":[{"href":"https:\/\/radiofenix.com.ar\/2023\/wp-json\/wp\/v2\/posts\/196473","targetHints":{"allow":["GET"]}}],"collection":[{"href":"https:\/\/radiofenix.com.ar\/2023\/wp-json\/wp\/v2\/posts"}],"about":[{"href":"https:\/\/radiofenix.com.ar\/2023\/wp-json\/wp\/v2\/types\/post"}],"replies":[{"embeddable":true,"href":"https:\/\/radiofenix.com.ar\/2023\/wp-json\/wp\/v2\/comments?post=196473"}],"version-history":[{"count":0,"href":"https:\/\/radiofenix.com.ar\/2023\/wp-json\/wp\/v2\/posts\/196473\/revisions"}],"wp:featuredmedia":[{"embeddable":true,"href":"https:\/\/radiofenix.com.ar\/2023\/wp-json\/wp\/v2\/media\/196474"}],"wp:attachment":[{"href":"https:\/\/radiofenix.com.ar\/2023\/wp-json\/wp\/v2\/media?parent=196473"}],"wp:term":[{"taxonomy":"category","embeddable":true,"href":"https:\/\/radiofenix.com.ar\/2023\/wp-json\/wp\/v2\/categories?post=196473"},{"taxonomy":"post_tag","embeddable":true,"href":"https:\/\/radiofenix.com.ar\/2023\/wp-json\/wp\/v2\/tags?post=196473"}],"curies":[{"name":"wp","href":"https:\/\/api.w.org\/{rel}","templated":true}]}}