{"id":196475,"date":"2024-12-06T08:57:50","date_gmt":"2024-12-06T08:57:50","guid":{"rendered":"https:\/\/radiofenix.com.ar\/2023\/no-te-va-gustar-sigue-celebrando-sus-30-anos-de-trayectoria\/"},"modified":"2024-12-06T08:57:50","modified_gmt":"2024-12-06T08:57:50","slug":"no-te-va-gustar-sigue-celebrando-sus-30-anos-de-trayectoria","status":"publish","type":"post","link":"https:\/\/radiofenix.com.ar\/2023\/no-te-va-gustar-sigue-celebrando-sus-30-anos-de-trayectoria\/","title":{"rendered":"No Te Va Gustar sigue celebrando sus 30 a\u00f1os de trayectoria"},"content":{"rendered":"<div><!-- Body --><\/p>\n<p>En la noche del mi\u00e9rcoles, <b>No Te Va Gustar<\/b> inici\u00f3 una serie de recitales en el <b>Movistar Arena<\/b> con el que contin\u00faa celebrando sus 30 a\u00f1os de trayectoria. A diferencia de lo que sucedi\u00f3 en <b>cancha de V\u00e9lez <\/b>en abril \u00faltimo, esta vez nada pudo impedir que el festejo se hiciera efectivo tal como estaba previsto. En aquella ocasi\u00f3n, el grupo uruguayo debi\u00f3 suspender en tres ocasiones consecutivas su cumplea\u00f1os por las razones m\u00e1s ins\u00f3litas: desde el pedido de postergaci\u00f3n del gobierno de la Ciudad, debido a razones meteorol\u00f3gicas, hasta el desarrollo de un partido de f\u00fatbol que no exist\u00eda cuando se arrend\u00f3 el lugar. Algunos de los que asistieron al cuarteto intento, en la previa, se animaron a mitificar el evento al catalogarlo como \u201cun recital maldito\u201d. Sin embargo, ese d\u00eda finalmente se termin\u00f3 consumando. <\/p>\n<p>\u201cNos pasaron cosas que nunca pensamos que pod\u00edan suceder, y que nos excedieron\u201d, justific\u00f3 en ese entonces <b>Emiliano Brancciari<\/b>, cantante y guitarrista del grupo, a las 40 mil personas que hab\u00edan asistido al barrio de Liniers, en su primera alocuci\u00f3n. \u201cQueremos agradecer por el amor, el cari\u00f1o y el respeto. Este show es muy importante para nosotros. Vamos a dar el mejor concierto posible y el m\u00e1s largo posible\u201d. Esto \u00faltimo lo cumplieron con creces. Durante m\u00e1s de tres horas, la banda ofreci\u00f3 un repaso de su historia a trav\u00e9s de sus canciones. A pesar del baj\u00f3n que experimentaron, lo que pes\u00f3 en el clima conmemorativo, porque el show tuvo m\u00e1s sabor a revancha que a aniversario, los orientales dieron muestra de esa tozudez que tambi\u00e9n los convirti\u00f3 en uno de los artistas m\u00e1s populares y convocantes del R\u00edo de la Plata. <\/p>\n<p>Apenas salieron al escenario del predio de Villa Crespo, NTVG (iniciales por las que tambi\u00e9n se les conoce) evidenci\u00f3 que esa tragicomedia no s\u00f3lo hab\u00eda quedado en el pasado, sino que tambi\u00e9n ser\u00eda parte de su anecdotario. De hecho, la felicidad los desbordaba. No s\u00f3lo por el reencuentro con el p\u00fablico argentino, sino porque se trat\u00f3 de su debut en el estadio, por m\u00e1s existe la sensaci\u00f3n de que ya jugaban de local ah\u00ed. De todas formas, as\u00ed se comportaron durante la presentaci\u00f3n. Salvo por los invitados que desfilaron por el tablado, <b>la din\u00e1mica del show no dist\u00f3 de lo que sucedi\u00f3 en V\u00e9lez<\/b>. Lo que s\u00ed hicieron en esta oportunidad fue dosificar el repertorio, decisi\u00f3n que el frontman subray\u00f3 especialmente cuando la lista de temas se encontraba a la mitad de su desarrollo. \u201cEsta canci\u00f3n s\u00f3lo la haremos hoy\u201d, avis\u00f3 Brancciari al menos tres veces en esa instancia. <\/p>\n<p>\u201cMirarte a los ojos\u201d y \u201cEse maldito momento\u201d, que <b>tuvo como invitada a Mel Mu\u00f1iz<\/b>, a la que el l\u00edder de los uruguayos present\u00f3 como \u201cuna de las mejores voces de Argentina\u201d, est\u00e1n (hipot\u00e9ticamente) entre los temas que no ser\u00e1n de la partida en los recitales agendados por la banda en el Movistar Arena este jueves, viernes y s\u00e1bado. Poco despu\u00e9s de las 21, el show arranc\u00f3 con la suerte de reggae \u201cDejame bailar\u201d, a la que le secundaron el ska \u201cNada para ver\u201d, su hit \u201cA las nueve\u201d y el rock \u201cCero a la izquierda\u201d. Fue el pu\u00f1ado de canciones, dispuestas adem\u00e1s en el mismo orden, que dieron inicio a la celebraci\u00f3n del 30 aniversario de la banda en Liniers. El relato de esta primera fecha en el estadio comenz\u00f3 a tener vida propia a partir de \u201cSin pena ni gloria\u201d, pr\u00f3ximo a las guitarras y s\u00edncopes del rock alternativo. <\/p>\n<p>Bajaron decibeles con \u201c\u00c1ngel con campera\u201d, de notable influencia Stones en su yeite, y acto seguido se metieron de lleno en el reggae de la mano de \u201cVerte re\u00edr\u201d. La volvieron a rockear con \u201cM\u00e1s mejor\u201d, y cambiaron de estados de \u00e1nimo, una vez m\u00e1s, con la descarnada \u201cArde\u201d. En ese trayecto del recital, el frontman explic\u00f3 que se iba a animar a desafiar la memoria, al decir de qu\u00e9 disco era cada canci\u00f3n y el a\u00f1o en que apareci\u00f3. Aunque advirti\u00f3 que pod\u00eda fallar \u201cporque ya estamos grandecitos\u201d. No obstante, desde ese momento, el tambi\u00e9n compositor se dedic\u00f3 a ubicar en tiempo y espacio las canciones de su grupo. La que ven\u00eda a continuaci\u00f3n era de 2008, y se titulaba \u201cComo si estuviera\u201d. A ese pop atravesado por el tango le pis\u00f3 los talones el reggae \u201cLa \u00fanica voz\u201d. <\/p>\n<p>Amparado por una inmensa pantalla vertical situada en el fondo del escenario, el festejo avanz\u00f3 con la rauda \u201cNo te imaginas\u201d, en la que la terna de ca\u00f1os tuvo un papel protag\u00f3nico, al igual que en \u201cComod\u00edn\u201d y en otras de las <b>40 canciones<\/b> que desenfund\u00f3 No Te Va Gustar. Si hay algo que disfruta la banda es tocar en vivo, lo que corona con la actitud fraterna de Brancciari. Y esto hace de la performance una circunstancia m\u00e1s familiar en la dial\u00e9ctica entre artista y p\u00fablico. El funk a lo charr\u00faa tuvo espacio en el cancionero gracias a \u201cC\u00f3mo brillaba tu alma\u201d, y se mantuvieron surfeando la ola groovera con \u201cEl camino\u201d. El capit\u00e1n de origen argentino pel\u00f3 la guitarra ac\u00fastica en \u201c<a href=\"https:\/\/www.setlist.fm\/stats\/songs\/no-te-va-gustar-bd67d66.html?songid=5bd193dc\" target=\"_blank\" rel=\"noopener\">Memorias del olvido<\/a>\u201d, lo que dio pie al segmento country por cortes\u00eda de \u201cViajando sin espada\u201d y \u201cNo necesito nada\u201d. <\/p>\n<p>\u201cJosefina\u201d sirvi\u00f3 de antesala para el segundo invitado de la jornada, <b>Milo J<\/b>, <b>quien fue ovacionado por el p\u00fablico apenas irrumpi\u00f3 por el escenario<\/b>. As\u00ed como pas\u00f3 con Mel Mu\u00f1iz, Brancciari le dio al trapero suficiente cancha para que interpretara pr\u00e1cticamente toda la canci\u00f3n. Unieron fuerzas en \u201cClara\u201d, y, apenas al de Mor\u00f3n lo despidieron con otro aplauso extendido, hicieron la mexican\u00edsima \u201cLos villanos\u201d. Era momento para otro \u00e9xito, por lo que invocaron \u201cPensar\u201d. Nuevamente, bajaron un cambio en \u201cPrendido fuego\u201d, lo que aprovecharon para desenvainar su hit \u201cAl vac\u00edo\u201d. Si bien en esa funci\u00f3n no estuvo Nicki Nicole para cantar el tema que firmaron juntos, \u201cVenganza\u201d, llamaron a Juliana Gattas, justo en medio del despegue de una carrera solista a la par de la de Miranda!, para que aportara su voz en \u201cChau\u201d.<\/p>\n<p>Brancciari y sus compa\u00f1eros, que avisaron que el a\u00f1o pr\u00f3ximo saldr\u00e1 su nuevo disco, comenzaron a tocar canciones<b> a pedido de los fans<\/b>. Primero se enfilaron hacia la recta final de la fecha mediante la balada mel\u00f3dica \u201cParanoia\u201d, aunque despu\u00e9s pegaron el volantazo con la discotequera \u201cTe voy a llevar\u201d. Volvieron a girar el manubrio, esta vez hacia el reggae, con \u201cNo hay dolor\u201d. Se pusieron festivos a trav\u00e9s de \u201c<a href=\"https:\/\/www.setlist.fm\/stats\/songs\/no-te-va-gustar-bd67d66.html?songid=bd03962\" target=\"_blank\" rel=\"noopener\">Con el viento<\/a>\u201d, y el jolgorio lo condimentaron con el ska \u201cFuera de control\u201d. Ahora s\u00ed: lleg\u00f3 la secci\u00f3n de las peticiones. Ganaron \u201cHijo de las armas\u201d, \u201cEl oficial\u201d, \u201cEn la cara\u201d y \u201cRata\u201d. Dos horas y media m\u00e1s tarde, se la jugaron en un cierre a cargo del reggae \u201cEl error\u201d y del folk \u201cNo era cierto\u201d. Nada mejor para aclimatarse en esta Buenos Aires que ya pide verano.\u00a0<\/p>\n<p><!-- Live Blog Post --><\/div>\n<p><a href=\"https:\/\/www.pagina12.com.ar\/788178-no-te-va-gustar-sigue-celebrando-sus-30-anos-de-trayectoria\">source<\/a><\/p>\n","protected":false},"excerpt":{"rendered":"<p>En la noche del mi\u00e9rcoles, No Te Va Gustar inici\u00f3 una serie de recitales en&#8230;<\/p>\n","protected":false},"author":0,"featured_media":196476,"comment_status":"open","ping_status":"open","sticky":false,"template":"","format":"standard","meta":{"footnotes":""},"categories":[4],"tags":[],"class_list":["post-196475","post","type-post","status-publish","format-standard","has-post-thumbnail","hentry","category-espectaculos"],"featured_image_urls":{"full":["https:\/\/radiofenix.com.ar\/2023\/wp-content\/uploads\/wp-header-logo.png",0,0,false],"thumbnail":["https:\/\/radiofenix.com.ar\/2023\/wp-content\/uploads\/wp-header-logo.png",1,1,false],"medium":["https:\/\/radiofenix.com.ar\/2023\/wp-content\/uploads\/wp-header-logo.png",1,1,false],"medium_large":["https:\/\/radiofenix.com.ar\/2023\/wp-content\/uploads\/wp-header-logo.png",1,1,false],"large":["https:\/\/radiofenix.com.ar\/2023\/wp-content\/uploads\/wp-header-logo.png",1,1,false],"1536x1536":["https:\/\/radiofenix.com.ar\/2023\/wp-content\/uploads\/wp-header-logo.png",1,1,false],"2048x2048":["https:\/\/radiofenix.com.ar\/2023\/wp-content\/uploads\/wp-header-logo.png",1,1,false],"newsium-slider-full":["https:\/\/radiofenix.com.ar\/2023\/wp-content\/uploads\/wp-header-logo.png",1,1,false],"newsium-featured":["https:\/\/radiofenix.com.ar\/2023\/wp-content\/uploads\/wp-header-logo.png",1,1,false],"newsium-medium":["https:\/\/radiofenix.com.ar\/2023\/wp-content\/uploads\/wp-header-logo.png",1,1,false]},"author_info":{"info":[""]},"category_info":"<a href=\"https:\/\/radiofenix.com.ar\/2023\/category\/espectaculos\/\" rel=\"category tag\">Espectaculos<\/a>","tag_info":"Espectaculos","comment_count":"0","_links":{"self":[{"href":"https:\/\/radiofenix.com.ar\/2023\/wp-json\/wp\/v2\/posts\/196475","targetHints":{"allow":["GET"]}}],"collection":[{"href":"https:\/\/radiofenix.com.ar\/2023\/wp-json\/wp\/v2\/posts"}],"about":[{"href":"https:\/\/radiofenix.com.ar\/2023\/wp-json\/wp\/v2\/types\/post"}],"replies":[{"embeddable":true,"href":"https:\/\/radiofenix.com.ar\/2023\/wp-json\/wp\/v2\/comments?post=196475"}],"version-history":[{"count":0,"href":"https:\/\/radiofenix.com.ar\/2023\/wp-json\/wp\/v2\/posts\/196475\/revisions"}],"wp:featuredmedia":[{"embeddable":true,"href":"https:\/\/radiofenix.com.ar\/2023\/wp-json\/wp\/v2\/media\/196476"}],"wp:attachment":[{"href":"https:\/\/radiofenix.com.ar\/2023\/wp-json\/wp\/v2\/media?parent=196475"}],"wp:term":[{"taxonomy":"category","embeddable":true,"href":"https:\/\/radiofenix.com.ar\/2023\/wp-json\/wp\/v2\/categories?post=196475"},{"taxonomy":"post_tag","embeddable":true,"href":"https:\/\/radiofenix.com.ar\/2023\/wp-json\/wp\/v2\/tags?post=196475"}],"curies":[{"name":"wp","href":"https:\/\/api.w.org\/{rel}","templated":true}]}}