{"id":196529,"date":"2024-12-10T08:57:46","date_gmt":"2024-12-10T08:57:46","guid":{"rendered":"https:\/\/radiofenix.com.ar\/2023\/quienes-son-los-rebeldes-islamistas-que-tomaron-el-control-de-siria\/"},"modified":"2024-12-10T08:57:46","modified_gmt":"2024-12-10T08:57:46","slug":"quienes-son-los-rebeldes-islamistas-que-tomaron-el-control-de-siria","status":"publish","type":"post","link":"https:\/\/radiofenix.com.ar\/2023\/quienes-son-los-rebeldes-islamistas-que-tomaron-el-control-de-siria\/","title":{"rendered":"Qui\u00e9nes son los rebeldes islamistas que tomaron el control de Siria"},"content":{"rendered":"<div><!-- Body --><\/p>\n<p>El presidente sirio, <a href=\"https:\/\/www.pagina12.com.ar\/tags\/8801-bashar-al-assad\"><b>Bashar al Assad<\/b><\/a>, fue <a href=\"https:\/\/www.pagina12.com.ar\/788795-tension-en-medio-oriente-rebeldes-islamitas-toman-siria-y-ba\"><b>desplazado del pa\u00eds<\/b><\/a> este domingo, tras la <b>invasi\u00f3n de <\/b><a href=\"https:\/\/www.pagina12.com.ar\/tags\/13392-damasco\"><b>Damasco<\/b> <\/a>por parte de una una <b>coalici\u00f3n de facciones rebeldes<\/b>, lideradas por la <b>organizaci\u00f3n islamista\u00a0<\/b><a href=\"https:\/\/www.pagina12.com.ar\/788749-un-grupo-islamista-tomo-el-poder-en-siria\"><b>Hayat Tamir al-Sham<\/b><\/a><b> <\/b>(HTS) con <b>Ahmed Al Chaara<\/b>\u00a0a la cabeza -cuyo nombre de guerra es Abu Mohammad Al Jolani-. <b>La ca\u00edda de al Assad<\/b> llega <b>12 d\u00edas despu\u00e9s<\/b> del comienzo de la <a href=\"https:\/\/www.pagina12.com.ar\/786716-combates-en-siria\"><b>ofensiva terrestre<\/b><\/a>\u00a0que logr\u00f3 entrar en la capital Siria, y<a href=\"https:\/\/www.pagina12.com.ar\/788749-un-grupo-islamista-tomo-el-poder-en-siria\"> <b>proclam\u00f3 la ca\u00edda del r\u00e9gimen<\/b><\/a>.<\/p>\n<p>Liderado por la organizaci\u00f3n\u00a0<b>HTS<\/b>, que<b> funcion\u00f3 como la rama siria de Al Qaeda hasta su ruptura en 2016<\/b>, el <b>Mando de Operaciones Militares<\/b> coordin\u00f3 a los rebeldes, provenientes de distintos grupos, en su combate contra las <b>Unidades de Protecci\u00f3n Popular<\/b> (YPG) <b>kurdas<\/b>, <b>fieles a al Assad, que capturaron con poca resistencia las ciudades de Aleppo<\/b>, <b>Hama <\/b>y <b>Homs<\/b>, en el sur sirio, en su camino a la capital.<\/p>\n<p>\u00abDespu\u00e9s de 50 a\u00f1os de opresi\u00f3n bajo el gobernante partido Baaz, y 13 a\u00f1os de cr\u00edmenes, tiran\u00eda y desplazamiento anunciamos hoy el fin de esta era oscura y el comienzo de una nueva era para Siria\u00bb, afirmaron los rebeldes, que <b>ahora aguardar\u00e1n la implementaci\u00f3n de un gobierno de transici\u00f3n que marque los pr\u00f3ximos pasos en Siria<\/b>.<\/p>\n<h2>Con pasado yihadista<\/h2>\n<p>Al frente del mando militar encargado de coordinar la heterogenea coalici\u00f3n rebelde, se encuentra<b>\u00a0<\/b> <b>Ahmed Al Charaa<\/b>, fundador del <b>Frente Al Nusra<\/b>, la rama siria de <b>Al Qaeda<\/b>, que luego<b> se transformar\u00eda en la HTS<\/b>.\u00a0<\/p>\n<p>Nacido en 1982, <b>Al Charaa\u00a0se cri\u00f3 en el acaudalado distrito de Mezzeh de la capital siria<\/b>. El joven <b>comenz\u00f3 a involucrarse con los postulados yihadistas a temprana edad<\/b>, lo cual lo llev\u00f3 a unirse a la jihad isl\u00e1mica\u00a0en su lucha contra la<b> invasi\u00f3n de Irak por parte de Estados Unidos<\/b>. All\u00ed, adopt\u00f3 su nombre de guerra: <b>Abu Mohammad Al Jolani<\/b>, en honor a<b> las raices de su familia en los Altos del Gol\u00e1n<\/b>.\u00a0 A ra\u00edz de su involucramiento en Al Qaeda, pas\u00f3<b> cinco a\u00f1os detenido en una prisi\u00f3n estadounidense<\/b>, en territorio iraqu\u00ed.<\/p>\n<p>En marzo de 2011, al estallar la revuelta contra el gobierno de Al Assad -la llamada primavera \u00e1rabe, <b>Al Charaa volvi\u00f3 a casa para fundar la rama siria de la yihad<\/b>. Sin embargo, la naciente agrupaci\u00f3n<b> se desvincular\u00eda de Al Qaeda en 2016<\/b>, para evitar enemistades con Occidente, luego de<b> negar su lealtad al Estado Isl\u00e1mico (ISIS)<\/b>.<\/p>\n<p>A pesar de ello,<b> los principales pa\u00edses occidentales siguen considerando a HTS como una filial de Al Qaeda<\/b>, <a href=\"https:\/\/rewardsforjustice.net\/es\/rewards\/muhammad-al-jawlani\/\" target=\"_blank\" rel=\"noopener\">con <b>Estados Unidos<\/b> calificando a Al Charaa,<b>\u00a0como un terrorista global<\/b>,<\/a> por el cual ofrecen una recompensa de m\u00e1s de<b> 10 millones de d\u00f3lares<\/b>.<\/p>\n<p>En enero de 2017, <b>Al Charaa impuso la fusi\u00f3n del HTS con grupos islamistas rivales en el noroeste de Siria<\/b> y reivindic\u00f3 el control sobre partes de la provincia de <b>Idlib <\/b>que hab\u00edan escapado del control presidencial. As\u00ed, <b>el movimiento del l\u00edder rebelde asent\u00f3 su base en la provincia<\/b>, donde estableci\u00f3 el autodenominado <b>Gobierno de Salvaci\u00f3n<\/b>, la rama pol\u00edtica del HTS.<\/p>\n<p>Desde su separaci\u00f3n de Al Qaeda, <b>Al Charaa intent\u00f3 presentarse como un l\u00edder m\u00e1s moderado<\/b>. Con los a\u00f1os, <b>dej\u00f3 de lucir el turbante<\/b> habitual de los yihadistas, <b>optando por la indumentaria militar<\/b>, y comenz\u00f3 a presentarse a medios internacionales. Este domingo <b>proclam\u00f3 la ca\u00edda del r\u00e9gimen en una transmisi\u00f3n televisiva desde la mezquita de los Omeyas<\/b>.<\/p>\n<p>\u00abEsta victoria es una nueva historia para toda la umma isl\u00e1mica y para toda la regi\u00f3n.<b> Al Asad ha dejado a Siria como una finca para las ambiciones iran\u00edes, y propag\u00f3 el sectarismo y la corrupci\u00f3n<\/b>\u00ab, dijo al Charaa, dirigi\u00e9ndose a sus seguidores dentro del templo.<\/p>\n<h2>Estabilidad \u00aben dos o tres d\u00edas\u00bb<\/h2>\n<p>Para<b> Hadi al-Bahra<\/b>, presidente de la<b> Coalici\u00f3n Nacional Siria<\/b> (CNFROS), el <b>m\u00e1ximo \u00f3rgano pol\u00edtico de la oposici\u00f3n siria en el exilio<\/b>, la ofensiva rel\u00e1mpago que logr\u00f3 sitiar la capital siria \u00abera lo esperado\u00bb tras<b> una ofensiva en la que las fuerzas del r\u00e9gimen del Baaz no se encontraban preparadas, ni contaban con el apoyo de sus aliados<\/b>. Tambi\u00e9n asegur\u00f3 que, <b>tras la ca\u00edda de al-Assad, el gobierno de transici\u00f3n ser\u00e1 \u00abcivil\u00bb<\/b>.<\/p>\n<p>\u00abHay un acuerdo de que el \u00f3rgano de gobierno de transici\u00f3n<b> no ser\u00e1 de HTS ni del Gobierno de Salvaci\u00f3n. Ser\u00e1 civil<\/b>\u00ab, afirm\u00f3 el pol\u00edtico sirio en declaraciones despu\u00e9s del Foro de Doha del domingo, en las que aclar\u00f3 que la transici\u00f3n \u00ab<b>estar\u00e1 asegurada en dos o tres d\u00edas\u00bb<\/b>, cuando la situaci\u00f3n se estabilice.<\/p>\n<p>Al-Bahra explic\u00f3 que <b>hay un conjunto de normas<\/b> \u00abpara garantizar que no haya extremismo durante el terreno, ni mala conducta, ni violaci\u00f3n de los derechos humanos que hasta ahora est\u00e1 funcionando muy bien\u00bb, seg\u00fan expres\u00f3 este domingo.<\/p>\n<p>A su vez, asegur\u00f3 que, actualmente, <b>no hay luchas internas por el poder en el seno de la coalici\u00f3n opositora<\/b>, cuyo objetivo es \u00abtener una Siria unida, no dividida\u00bb, apuntando a una uni\u00f3n de todas las facciones \u00abbajo un solo gobierno\u00bb. El representante a\u00f1adi\u00f3 que <b>no hay intenciones de desmantelar el partido de al-Assad<\/b>, sino m\u00e1s bien de <b>reconvertirlo en una formaci\u00f3n normal<\/b>. \u00abSi los desmantelamos, los aislamos. Y si los aislamos, se vuelven extremistas\u00bb, indic\u00f3 el pol\u00edtico.<\/p>\n<p>Seg\u00fan lo expuesto por al-Bahra,<b> el proceso seguir\u00e1 la ruta planteada en la resoluci\u00f3n 2254 del Consejo de Seguridad de la ONU<\/b>, que estipula un <b>per\u00edodo de transici\u00f3n de 18 meses<\/b> en el pa\u00eds, una <b>nueva Constituci\u00f3n<\/b> y la<b> celebraci\u00f3n de \u00abelecciones libres\u00bb, <\/b>luego de que<b> <\/b>el primer ministro sirio<b>, Mohammad Ghazi al-Jalali<\/b>, manifestara <b>estar dispuesto a cooperar en el proceso<\/b> de traspaso de poderes. El representante del CNFROS indic\u00f3 que, <b>hasta entonces, el Mando de Operaciones Militares, a cargo del HTS, estar\u00e1 en cargo de Damasco.<\/b><\/p>\n<p><!-- Live Blog Post --><\/div>\n<p><a href=\"https:\/\/www.pagina12.com.ar\/788840-quienes-son-los-rebeldes-islamistas-que-tomaron-el-control-d\">source<\/a><\/p>\n","protected":false},"excerpt":{"rendered":"<p>El presidente sirio, Bashar al Assad, fue desplazado del pa\u00eds este domingo, tras la invasi\u00f3n&#8230;<\/p>\n","protected":false},"author":0,"featured_media":196530,"comment_status":"open","ping_status":"open","sticky":false,"template":"","format":"standard","meta":{"footnotes":""},"categories":[60],"tags":[],"class_list":["post-196529","post","type-post","status-publish","format-standard","has-post-thumbnail","hentry","category-internacional"],"featured_image_urls":{"full":["https:\/\/radiofenix.com.ar\/2023\/wp-content\/uploads\/wp-header-logo.png",0,0,false],"thumbnail":["https:\/\/radiofenix.com.ar\/2023\/wp-content\/uploads\/wp-header-logo.png",1,1,false],"medium":["https:\/\/radiofenix.com.ar\/2023\/wp-content\/uploads\/wp-header-logo.png",1,1,false],"medium_large":["https:\/\/radiofenix.com.ar\/2023\/wp-content\/uploads\/wp-header-logo.png",1,1,false],"large":["https:\/\/radiofenix.com.ar\/2023\/wp-content\/uploads\/wp-header-logo.png",1,1,false],"1536x1536":["https:\/\/radiofenix.com.ar\/2023\/wp-content\/uploads\/wp-header-logo.png",1,1,false],"2048x2048":["https:\/\/radiofenix.com.ar\/2023\/wp-content\/uploads\/wp-header-logo.png",1,1,false],"newsium-slider-full":["https:\/\/radiofenix.com.ar\/2023\/wp-content\/uploads\/wp-header-logo.png",1,1,false],"newsium-featured":["https:\/\/radiofenix.com.ar\/2023\/wp-content\/uploads\/wp-header-logo.png",1,1,false],"newsium-medium":["https:\/\/radiofenix.com.ar\/2023\/wp-content\/uploads\/wp-header-logo.png",1,1,false]},"author_info":{"info":[""]},"category_info":"<a href=\"https:\/\/radiofenix.com.ar\/2023\/category\/internacional\/\" rel=\"category tag\">Internacional<\/a>","tag_info":"Internacional","comment_count":"0","_links":{"self":[{"href":"https:\/\/radiofenix.com.ar\/2023\/wp-json\/wp\/v2\/posts\/196529","targetHints":{"allow":["GET"]}}],"collection":[{"href":"https:\/\/radiofenix.com.ar\/2023\/wp-json\/wp\/v2\/posts"}],"about":[{"href":"https:\/\/radiofenix.com.ar\/2023\/wp-json\/wp\/v2\/types\/post"}],"replies":[{"embeddable":true,"href":"https:\/\/radiofenix.com.ar\/2023\/wp-json\/wp\/v2\/comments?post=196529"}],"version-history":[{"count":0,"href":"https:\/\/radiofenix.com.ar\/2023\/wp-json\/wp\/v2\/posts\/196529\/revisions"}],"wp:featuredmedia":[{"embeddable":true,"href":"https:\/\/radiofenix.com.ar\/2023\/wp-json\/wp\/v2\/media\/196530"}],"wp:attachment":[{"href":"https:\/\/radiofenix.com.ar\/2023\/wp-json\/wp\/v2\/media?parent=196529"}],"wp:term":[{"taxonomy":"category","embeddable":true,"href":"https:\/\/radiofenix.com.ar\/2023\/wp-json\/wp\/v2\/categories?post=196529"},{"taxonomy":"post_tag","embeddable":true,"href":"https:\/\/radiofenix.com.ar\/2023\/wp-json\/wp\/v2\/tags?post=196529"}],"curies":[{"name":"wp","href":"https:\/\/api.w.org\/{rel}","templated":true}]}}