{"id":196531,"date":"2024-12-10T08:57:48","date_gmt":"2024-12-10T08:57:48","guid":{"rendered":"https:\/\/radiofenix.com.ar\/2023\/javier-milei-desplazo-a-florencia-misrahi-titular-de-la-ex-afip\/"},"modified":"2024-12-10T08:57:48","modified_gmt":"2024-12-10T08:57:48","slug":"javier-milei-desplazo-a-florencia-misrahi-titular-de-la-ex-afip","status":"publish","type":"post","link":"https:\/\/radiofenix.com.ar\/2023\/javier-milei-desplazo-a-florencia-misrahi-titular-de-la-ex-afip\/","title":{"rendered":"Javier Milei desplaz\u00f3 a Florencia Misrahi, titular de la ex AFIP"},"content":{"rendered":"<div id=\"\">\n<div contenteditable=\"false\" class=\"embed_cont type_imagen\" id=\"8015386-Libre-1553538401_wrap\">\n<p>tuit adorni echaron titular del arca.png <span onclick=\"parent.parent.TinyMCETdcuerpo.preview_embed('8015386-Libre-1553538401')\" class=\"embed_colapse less\" id=\"8015386-Libre-1553538401_colapse\"\/>  <span onclick=\"parent.parent.TinyMCETdcuerpo.delete_embed('8015386-Libre-1553538401')\" class=\"embed_delete less\" id=\"8015386-Libre-1553538401_delete\"\/><\/p>\n<div id=\"8015386-Libre-1553538401_content\" class=\"embed_content\"><img decoding=\"async\" src=\"https:\/\/media.minutouno.com\/p\/cd992d530ac9f5fd59609b9ce2b41fbf\/adjuntos\/150\/imagenes\/042\/024\/0042024936\/610x0\/smart\/tuit-adorni-echaron-titular-del-arcapng.png\" alt=\"\" title=\"\" width=\"610\" height=\"undefined\" id=\"8015386-Libre-1553538401_embed\"\/><\/div>\n<\/p><\/div>\n<p>De acuerdo a lo que pudo saberse en las \u00faltimas horas, el primer mandatario tom\u00f3 la decisi\u00f3n de dejar afuera a Misrahi por diferencias en la direcci\u00f3n pol\u00edtica y t\u00e9cnica del organismo, que comenzaron desde que Milei decidi\u00f3 reformar la ahora ex AFIP.<\/p>\n<div contenteditable=\"false\" class=\"embed_cont type_imagen\" id=\"8015380-Libre-351623734_wrap\" style=\"opacity:1;height:auto;\">\n<p>image.png <span onclick=\"parent.parent.TinyMCETdcuerpo.preview_embed('8015380-Libre-351623734')\" class=\"embed_colapse less\" id=\"8015380-Libre-351623734_colapse\"\/>  <span onclick=\"parent.parent.TinyMCETdcuerpo.delete_embed('8015380-Libre-351623734')\" class=\"embed_delete less\" id=\"8015380-Libre-351623734_delete\"\/><\/p>\n<div id=\"8015380-Libre-351623734_content\" class=\"embed_content\"><img decoding=\"async\" src=\"https:\/\/media.minutouno.com\/p\/4dd36e6dcc53baf0ba706331585871a4\/adjuntos\/150\/imagenes\/042\/024\/0042024897\/610x0\/smart\/imagepng.png\" alt=\"\" title=\"\" width=\"610\" height=\"undefined\" id=\"8015380-Libre-351623734_embed\"\/><\/div>\n<\/p><\/div>\n<p>Ya hab\u00eda rumores de que la titular quedar\u00eda afuera del organismo en el mes de octubre, inmediatamente despu\u00e9s de que la AFIP se transform\u00f3 en la ARCA. Fue entonces cuando el Gobierno anticip\u00f3 esta movida de fichas, al asegurar que habr\u00eda reducci\u00f3n en los sueldos de los cargos jer\u00e1rquicos del organismo recaudador para emparejarlos con los de los ministros del Gabinete, algo que finalmente no ocurri\u00f3.<\/p>\n<p>La mesa chica de Presidencia quiere que la ARCA funcione s\u00f3lo con 9 cargos jer\u00e1rquicos, 18.158 empleados y sueldos de $4.000.000.<\/p>\n<div contenteditable=\"false\" class=\"embed_cont type_freetext\" rel=\"freetext\" id=\"embed69_wrap\">\n<p>Embed <span onclick=\"parent.parent.TinyMCETdcuerpo.preview_embed('embed69')\" class=\"embed_colapse less\" id=\"embed69_colapse\"\/>  <span onclick=\"parent.parent.TinyMCETdcuerpo.delete_embed('embed69')\" class=\"embed_delete less\" id=\"embed69_delete\"\/><\/p>\n<div id=\"embed69_content\" class=\"embed_content\">\n<div id=\"embed69_embed\">\n<figure class=\"figure\"><a href=\"https:\/\/t.me\/minutounocom\" target=\"_blank\" rel=\"noopener\"><img decoding=\"async\" src=\"https:\/\/media.minutouno.com\/adjuntos\/150\/banners\/039\/099\/0039099175.jpg\" class=\"figure-img img-fluid\" style=\"width:100%;height:auto;\"\/><\/a><\/figure>\n<\/div>\n<\/div><\/div>\n<\/p><\/div>\n<p><a href=\"https:\/\/www.minutouno.com\/politica\/javier-milei-desplazo-florencia-misrahi-titular-la-ex-afip-n6090631\">source<\/a><\/p>\n","protected":false},"excerpt":{"rendered":"<p>tuit adorni echaron titular del arca.png De acuerdo a lo que pudo saberse en las&#8230;<\/p>\n","protected":false},"author":0,"featured_media":196532,"comment_status":"open","ping_status":"open","sticky":false,"template":"","format":"standard","meta":{"footnotes":""},"categories":[2],"tags":[],"class_list":["post-196531","post","type-post","status-publish","format-standard","has-post-thumbnail","hentry","category-politica"],"featured_image_urls":{"full":["https:\/\/radiofenix.com.ar\/2023\/wp-content\/uploads\/wp-header-logo.png",0,0,false],"thumbnail":["https:\/\/radiofenix.com.ar\/2023\/wp-content\/uploads\/wp-header-logo.png",1,1,false],"medium":["https:\/\/radiofenix.com.ar\/2023\/wp-content\/uploads\/wp-header-logo.png",1,1,false],"medium_large":["https:\/\/radiofenix.com.ar\/2023\/wp-content\/uploads\/wp-header-logo.png",1,1,false],"large":["https:\/\/radiofenix.com.ar\/2023\/wp-content\/uploads\/wp-header-logo.png",1,1,false],"1536x1536":["https:\/\/radiofenix.com.ar\/2023\/wp-content\/uploads\/wp-header-logo.png",1,1,false],"2048x2048":["https:\/\/radiofenix.com.ar\/2023\/wp-content\/uploads\/wp-header-logo.png",1,1,false],"newsium-slider-full":["https:\/\/radiofenix.com.ar\/2023\/wp-content\/uploads\/wp-header-logo.png",1,1,false],"newsium-featured":["https:\/\/radiofenix.com.ar\/2023\/wp-content\/uploads\/wp-header-logo.png",1,1,false],"newsium-medium":["https:\/\/radiofenix.com.ar\/2023\/wp-content\/uploads\/wp-header-logo.png",1,1,false]},"author_info":{"info":[""]},"category_info":"<a href=\"https:\/\/radiofenix.com.ar\/2023\/category\/politica\/\" rel=\"category tag\">Pol\u00edtica<\/a>","tag_info":"Pol\u00edtica","comment_count":"0","_links":{"self":[{"href":"https:\/\/radiofenix.com.ar\/2023\/wp-json\/wp\/v2\/posts\/196531","targetHints":{"allow":["GET"]}}],"collection":[{"href":"https:\/\/radiofenix.com.ar\/2023\/wp-json\/wp\/v2\/posts"}],"about":[{"href":"https:\/\/radiofenix.com.ar\/2023\/wp-json\/wp\/v2\/types\/post"}],"replies":[{"embeddable":true,"href":"https:\/\/radiofenix.com.ar\/2023\/wp-json\/wp\/v2\/comments?post=196531"}],"version-history":[{"count":0,"href":"https:\/\/radiofenix.com.ar\/2023\/wp-json\/wp\/v2\/posts\/196531\/revisions"}],"wp:featuredmedia":[{"embeddable":true,"href":"https:\/\/radiofenix.com.ar\/2023\/wp-json\/wp\/v2\/media\/196532"}],"wp:attachment":[{"href":"https:\/\/radiofenix.com.ar\/2023\/wp-json\/wp\/v2\/media?parent=196531"}],"wp:term":[{"taxonomy":"category","embeddable":true,"href":"https:\/\/radiofenix.com.ar\/2023\/wp-json\/wp\/v2\/categories?post=196531"},{"taxonomy":"post_tag","embeddable":true,"href":"https:\/\/radiofenix.com.ar\/2023\/wp-json\/wp\/v2\/tags?post=196531"}],"curies":[{"name":"wp","href":"https:\/\/api.w.org\/{rel}","templated":true}]}}