{"id":196537,"date":"2024-12-10T18:40:11","date_gmt":"2024-12-10T18:40:11","guid":{"rendered":"https:\/\/radiofenix.com.ar\/2023\/rosario-central-arde-tras-el-cruce-entre-marco-ruben-y-ariel-holan\/"},"modified":"2024-12-10T18:40:11","modified_gmt":"2024-12-10T18:40:11","slug":"rosario-central-arde-tras-el-cruce-entre-marco-ruben-y-ariel-holan","status":"publish","type":"post","link":"https:\/\/radiofenix.com.ar\/2023\/rosario-central-arde-tras-el-cruce-entre-marco-ruben-y-ariel-holan\/","title":{"rendered":"Rosario Central arde tras el cruce entre Marco Ruben y Ariel Holan"},"content":{"rendered":"<div><!-- Body --><\/p>\n<p>El delantero Marco Ruben y el t\u00e9cnico de Rosario Central, Ariel Holan, tuvieron un cruce luego de la goleada 4-0 sufrida ante River, por la vig\u00e9simo sexta fecha de la Liga Profesional.<\/p>\n<p>Visiblemente enojado por haber sido reemplazado en el entretiempo, Ruben declar\u00f3: \u00abHubo cosas que no me gustaron, estoy muy dolido. Pudo haber sido mi \u00faltimo partido en este club\u00bb.<\/p>\n<p>\u00abEstoy viendo la situaci\u00f3n que est\u00e1 pasando en el club\u2026 No estaba hablado mi cambio en el entretiempo, ten\u00eda m\u00e1s ganas de jugar que nadie\u00bb, a\u00f1adi\u00f3.<\/p>\n<div class=\"iframely-embed medium-embedded-content\" data-html=\"Jmx0O2RpdiZndDsmbHQ7ZGl2IHN0eWxlPSJsZWZ0OiAwOyB3aWR0aDogMTAwJTsgaGVpZ2h0OiAwOyBwb3NpdGlvbjogcmVsYXRpdmU7IHBhZGRpbmctYm90dG9tOiA1Ni4wNDE3JTsiJmd0OyZsdDtpZnJhbWUgc3JjPSJodHRwczovL2lmcmFtZWx5LnBhZ2luYTEyLmNvbS5hci9hcGkvaWZyYW1lP2NsaWNrX3RvX3BsYXk9MSZhbXA7dXJsPWh0dHBzJTNBJTJGJTJGZ2VvLmRhaWx5bW90aW9uLmNvbSUyRnBsYXllciUyRnh0NWVlLmh0bWwlM0Z2aWRlbyUzRHg5YWlyM2cmYW1wO2tleT00Njc2YjVmZGMwODMyNTdlYTg3ZjcxNjA4Yzc0ZTlmZSIgc3R5bGU9InRvcDogMDsgbGVmdDogMDsgd2lkdGg6IDEwMCU7IGhlaWdodDogMTAwJTsgcG9zaXRpb246IGFic29sdXRlOyBib3JkZXI6IDA7IiBhbGxvd2Z1bGxzY3JlZW4gc2Nyb2xsaW5nPSJubyIgYWxsb3c9ImVuY3J5cHRlZC1tZWRpYSAqOyImZ3Q7Jmx0Oy9pZnJhbWUmZ3Q7Jmx0Oy9kaXYmZ3Q7Jmx0Oy9kaXYmZ3Q7Jmx0O2RpdiBjbGFzcz0ibWVkaXVtLWluc2VydC1lbWJlZHMtbWV0YSImZ3Q7Jmx0O3NjcmlwdCB0eXBlPSJ0ZXh0L2pzb24iJmd0O3sidXJsIjoiaHR0cHM6Ly9nZW8uZGFpbHltb3Rpb24uY29tL3BsYXllci94dDVlZS5odG1sP3ZpZGVvPXg5YWlyM2ciLCJ0eXBlIjoidmlkZW8iLCJ2ZXJzaW9uIjoiMS4wIiwidGl0bGUiOiJSb3NhcmlvIENlbnRyYWwgYXJkZSB0cmFzIGVsIGNydWNlIGVudHJlIE1hcmNvIFJ1YmVuIHkgQXJpZWwgSG9sYW4iLCJhdXRob3IiOiJQw6FnaW5hMTIiLCJhdXRob3JfdXJsIjoiaHR0cHM6Ly93d3cuZGFpbHltb3Rpb24uY29tL1BhZ2luYTEyIiwicHJvdmlkZXJfbmFtZSI6IkRhaWx5bW90aW9uIiwiZGVzY3JpcHRpb24iOiJWZXIgUm9zYXJpbyBDZW50cmFsIGFyZGUgdHJhcyBlbCBjcnVjZSBlbnRyZSBNYXJjbyBSdWJlbiB5IEFyaWVsIEhvbGFuIC0gUMOhZ2luYTEyIGVuIERhaWx5bW90aW9uIiwidGh1bWJuYWlsX3VybCI6Imh0dHBzOi8vczIuZG1jZG4ubmV0L3YvWFZNVWkxZExzckxvdmtuTW0veDcyMCIsInRodW1ibmFpbF93aWR0aCI6MTI4MCwidGh1bWJuYWlsX2hlaWdodCI6NzIwLCJjYWNoZV9hZ2UiOjg2NDAwfSZsdDsvc2NyaXB0Jmd0OyZsdDsvZGl2Jmd0Ow==\">\n                <a data-iframely-url=\"\" href=\"https:\/\/geo.dailymotion.com\/player\/xt5ee.html?video=x9air3g\">https:\/\/geo.dailymotion.com\/player\/xt5ee.html?video=x9air3g<\/a>\n              <\/div>\n<p>Holan, por su parte, retruc\u00f3: \u00abLo lamento, yo no lo veo as\u00ed. Le hab\u00edan sacado amarilla (a Ruben) y, sobre todo, el cambio fue por el tipo de partido que est\u00e1bamos jugando\u00bb.<\/p>\n<p>Adem\u00e1s, el DT fue contundente al subrayar que \u00abtener a Marco adentro de la cancha, en esta etapa de su carrera y a 60 metros del arco, no era la idea de partido\u00bb.<\/p>\n<p>A sus 38 a\u00f1os, la continuidad de Ruben en el club de Arroyito es toda una inc\u00f3gnita y la relaci\u00f3n con Holan podr\u00eda ser un detonante. Rosario Central marcha vig\u00e9simo segundo en la tabla de posiciones, con 29 puntos.<\/p>\n<p><!-- Live Blog Post --><\/div>\n<p><a href=\"https:\/\/www.pagina12.com.ar\/789062-rosario-central-arde-tras-el-cruce-entre-marco-ruben-y-ariel\">source<\/a><\/p>\n","protected":false},"excerpt":{"rendered":"<p>El delantero Marco Ruben y el t\u00e9cnico de Rosario Central, Ariel Holan, tuvieron un cruce&#8230;<\/p>\n","protected":false},"author":0,"featured_media":196538,"comment_status":"open","ping_status":"open","sticky":false,"template":"","format":"standard","meta":{"footnotes":""},"categories":[3],"tags":[],"class_list":["post-196537","post","type-post","status-publish","format-standard","has-post-thumbnail","hentry","category-deportes"],"featured_image_urls":{"full":["https:\/\/radiofenix.com.ar\/2023\/wp-content\/uploads\/wp-header-logo.png",0,0,false],"thumbnail":["https:\/\/radiofenix.com.ar\/2023\/wp-content\/uploads\/wp-header-logo.png",1,1,false],"medium":["https:\/\/radiofenix.com.ar\/2023\/wp-content\/uploads\/wp-header-logo.png",1,1,false],"medium_large":["https:\/\/radiofenix.com.ar\/2023\/wp-content\/uploads\/wp-header-logo.png",1,1,false],"large":["https:\/\/radiofenix.com.ar\/2023\/wp-content\/uploads\/wp-header-logo.png",1,1,false],"1536x1536":["https:\/\/radiofenix.com.ar\/2023\/wp-content\/uploads\/wp-header-logo.png",1,1,false],"2048x2048":["https:\/\/radiofenix.com.ar\/2023\/wp-content\/uploads\/wp-header-logo.png",1,1,false],"newsium-slider-full":["https:\/\/radiofenix.com.ar\/2023\/wp-content\/uploads\/wp-header-logo.png",1,1,false],"newsium-featured":["https:\/\/radiofenix.com.ar\/2023\/wp-content\/uploads\/wp-header-logo.png",1,1,false],"newsium-medium":["https:\/\/radiofenix.com.ar\/2023\/wp-content\/uploads\/wp-header-logo.png",1,1,false]},"author_info":{"info":[""]},"category_info":"<a href=\"https:\/\/radiofenix.com.ar\/2023\/category\/deportes\/\" rel=\"category tag\">Deportes<\/a>","tag_info":"Deportes","comment_count":"0","_links":{"self":[{"href":"https:\/\/radiofenix.com.ar\/2023\/wp-json\/wp\/v2\/posts\/196537","targetHints":{"allow":["GET"]}}],"collection":[{"href":"https:\/\/radiofenix.com.ar\/2023\/wp-json\/wp\/v2\/posts"}],"about":[{"href":"https:\/\/radiofenix.com.ar\/2023\/wp-json\/wp\/v2\/types\/post"}],"replies":[{"embeddable":true,"href":"https:\/\/radiofenix.com.ar\/2023\/wp-json\/wp\/v2\/comments?post=196537"}],"version-history":[{"count":0,"href":"https:\/\/radiofenix.com.ar\/2023\/wp-json\/wp\/v2\/posts\/196537\/revisions"}],"wp:featuredmedia":[{"embeddable":true,"href":"https:\/\/radiofenix.com.ar\/2023\/wp-json\/wp\/v2\/media\/196538"}],"wp:attachment":[{"href":"https:\/\/radiofenix.com.ar\/2023\/wp-json\/wp\/v2\/media?parent=196537"}],"wp:term":[{"taxonomy":"category","embeddable":true,"href":"https:\/\/radiofenix.com.ar\/2023\/wp-json\/wp\/v2\/categories?post=196537"},{"taxonomy":"post_tag","embeddable":true,"href":"https:\/\/radiofenix.com.ar\/2023\/wp-json\/wp\/v2\/tags?post=196537"}],"curies":[{"name":"wp","href":"https:\/\/api.w.org\/{rel}","templated":true}]}}