{"id":196539,"date":"2024-12-10T18:40:13","date_gmt":"2024-12-10T18:40:13","guid":{"rendered":"https:\/\/radiofenix.com.ar\/2023\/sheinbaum-valoro-una-designacion-de-trump\/"},"modified":"2024-12-10T18:40:13","modified_gmt":"2024-12-10T18:40:13","slug":"sheinbaum-valoro-una-designacion-de-trump","status":"publish","type":"post","link":"https:\/\/radiofenix.com.ar\/2023\/sheinbaum-valoro-una-designacion-de-trump\/","title":{"rendered":"Sheinbaum valor\u00f3 una designaci\u00f3n de Trump"},"content":{"rendered":"<div><!-- Body --><\/p>\n<p>La presidenta mexicana, <b><a href=\"https:\/\/www.pagina12.com.ar\/tags\/73144-claudia-sheinbaum\">Claudia Sheinbaum<\/a><\/b>, <b>valor\u00f3 positivamente el nombramiento del nuevo \u00abn\u00famero dos\u00bb del Departamento de Estado<\/b> estadounidense este lunes durante su conferencia matutina. La <a href=\"https:\/\/www.pagina12.com.ar\/788818-marco-rubio-y-la-politica-de-la-paz-por-la-fuerza\">designaci\u00f3n <\/a>de<b> Christopher Landau<\/b>, <b>ex embajador en M\u00e9xico<\/b>, fue anunciada\u00a0el d\u00eda anterior por el presidente electo, <b><a href=\"https:\/\/www.pagina12.com.ar\/tags\/687-donald-trump\">Donald Trump<\/a>.<\/b><\/p>\n<p>La mandataria se\u00f1al\u00f3 que el nombramiento de Landau, que<b> seg\u00fan ella \u00abconoce muy bien M\u00e9xico\u00bb<\/b>, como subsecretario del Departamento de Estado <b>es \u00abbueno\u00bb para M\u00e9xico<\/b>. Sheinbaum reconoci\u00f3 que<b> Landau hizo \u00abun buen trabajo\u00bb como embajador en M\u00e9xico durante la primera presidencia de Trump<\/b> y asegur\u00f3 que s<b>u conocimiento del pa\u00eds podr\u00eda ser positivo en materia migratoria<\/b>.<\/p>\n<div class=\"iframely-embed medium-embedded-content\" data-html=\"Jmx0O2RpdiZndDsmbHQ7ZGl2IHN0eWxlPSJsZWZ0OiAwOyB3aWR0aDogMTAwJTsgaGVpZ2h0OiAwOyBwb3NpdGlvbjogcmVsYXRpdmU7IHBhZGRpbmctYm90dG9tOiA1Ni4wNDE3JTsiJmd0OyZsdDtpZnJhbWUgc3JjPSJodHRwczovL2lmcmFtZWx5LnBhZ2luYTEyLmNvbS5hci9hcGkvaWZyYW1lP2NsaWNrX3RvX3BsYXk9MSZhbXA7dXJsPWh0dHBzJTNBJTJGJTJGZ2VvLmRhaWx5bW90aW9uLmNvbSUyRnBsYXllciUyRnh0NWVlLmh0bWwlM0Z2aWRlbyUzRHg5YWp6cDAmYW1wO2tleT00Njc2YjVmZGMwODMyNTdlYTg3ZjcxNjA4Yzc0ZTlmZSIgc3R5bGU9InRvcDogMDsgbGVmdDogMDsgd2lkdGg6IDEwMCU7IGhlaWdodDogMTAwJTsgcG9zaXRpb246IGFic29sdXRlOyBib3JkZXI6IDA7IiBhbGxvd2Z1bGxzY3JlZW4gc2Nyb2xsaW5nPSJubyIgYWxsb3c9ImVuY3J5cHRlZC1tZWRpYSAqOyImZ3Q7Jmx0Oy9pZnJhbWUmZ3Q7Jmx0Oy9kaXYmZ3Q7Jmx0Oy9kaXYmZ3Q7Jmx0O2RpdiBjbGFzcz0ibWVkaXVtLWluc2VydC1lbWJlZHMtbWV0YSImZ3Q7Jmx0O3NjcmlwdCB0eXBlPSJ0ZXh0L2pzb24iJmd0O3sidXJsIjoiaHR0cHM6Ly9nZW8uZGFpbHltb3Rpb24uY29tL3BsYXllci94dDVlZS5odG1sP3ZpZGVvPXg5YWp6cDAiLCJ0eXBlIjoidmlkZW8iLCJ2ZXJzaW9uIjoiMS4wIiwidGl0bGUiOiJTaGVpbmJhdW0gdmFsb3LDsyB1bmEgZGVzaWduYWNpw7NuIGRlIFRydW1wIiwiYXV0aG9yIjoiUMOhZ2luYTEyIiwiYXV0aG9yX3VybCI6Imh0dHBzOi8vd3d3LmRhaWx5bW90aW9uLmNvbS9QYWdpbmExMiIsInByb3ZpZGVyX25hbWUiOiJEYWlseW1vdGlvbiIsImRlc2NyaXB0aW9uIjoiTGEgcHJlc2lkZW50YSBtZXhpY2FuYSwgQ2xhdWRpYSBTaGVpbmJhdW0sIHZhbG9yw7MgcG9zaXRpdmFtZW50ZSBlbCBub21icmFtaWVudG8gZGVsIG51ZXZvIFwibsO6bWVybyBkb3NcIiBkZWwgRGVwYXJ0YW1lbnRvIGRlIEVzdGFkbyBlc3RhZG91bmlkZW5zZSBlc3RlIGx1bmVzIGR1cmFudGUgc3UgY29uZmVyZW5jaWEgbWF0dXRpbmEuIExhIGRlc2lnbmFjacOzbiBkZSBDaHJpc3RvcGhlciBMYW5kYXUsIGV4IGVtYmFqYWRvciBlbiBNw6l4aWNvLCBmdWUgYW51bmNpYWRhIGVsIGTDrWEgYW50ZXJpb3IgcG9yIGVsIHByZXNpZGVudGUgZWxlY3RvLCBEb25hbGQgVHJ1bXAuIiwidGh1bWJuYWlsX3VybCI6Imh0dHBzOi8vczEuZG1jZG4ubmV0L3YvWFZhYnExZE00WkMtdGJjeHAveDcyMCIsInRodW1ibmFpbF93aWR0aCI6MTI4MCwidGh1bWJuYWlsX2hlaWdodCI6NzIwLCJjYWNoZV9hZ2UiOjg2NDAwfSZsdDsvc2NyaXB0Jmd0OyZsdDsvZGl2Jmd0Ow==\">\n                <a data-iframely-url=\"\" href=\"https:\/\/geo.dailymotion.com\/player\/xt5ee.html?video=x9ajzp0\">https:\/\/geo.dailymotion.com\/player\/xt5ee.html?video=x9ajzp0<\/a>\n              <\/div>\n<h2>Migraci\u00f3n, aranceles y tratados<\/h2>\n<p>El domingo, <b>Trump anunci\u00f3 la nominaci\u00f3n de Landau<\/b> en <a href=\"https:\/\/truthsocial.com\/@realDonaldTrump\/posts\/113619915267755569\" target=\"_blank\" rel=\"noopener\">un mensaje<\/a> en su propia red social, Truth Social, en la que <b>record\u00f3 la labor de \u00e9ste en la reducci\u00f3n de la migraci\u00f3n ilegal \u00aba los niveles m\u00e1s bajos de la historia\u00bb<\/b> durante su t\u00e9rmino como embajador, entre 2019 y 2021.<\/p>\n<p>La designaci\u00f3n de Landau como segundo al mando del Departamento de Estado <b>a\u00fan debe ratificarse en el Senado<\/b>. De ser confirmado, el funcionario <b>se unir\u00e1<\/b> al actual senador por Florida, <b>Marco Rubio<\/b>, en la tarea de <b>implementar la pol\u00edtica exterior de Trump<\/b>. Rubio es un halc\u00f3n republicano de l\u00ednea dura contra la inmigraci\u00f3n.\u00a0<\/p>\n<p>La experiencia de Landau en M\u00e9xico puede ser un indicio de que<b>\u00a0podr\u00eda encargarse de la pol\u00edtica migratoria con este pa\u00eds<\/b>, que la gesti\u00f3n trumpista quiere orientar hacia la <b>reducci\u00f3n de la llegada de migrantes indocumentados<\/b>, pero<b> tambi\u00e9n podr\u00eda tratar con la imposici\u00f3n de aranceles y la revisi\u00f3n del tratado de libre comercio con M\u00e9xico y Canad\u00e1<\/b> (T-MEC), que ha estado en cuesti\u00f3n desde la elecci\u00f3n de Sheinbaum.<\/p>\n<p><!-- Live Blog Post --><\/div>\n<p><a href=\"https:\/\/www.pagina12.com.ar\/789027-sheinbaum-valoro-una-designacion-de-trump\">source<\/a><\/p>\n","protected":false},"excerpt":{"rendered":"<p>La presidenta mexicana, Claudia Sheinbaum, valor\u00f3 positivamente el nombramiento del nuevo \u00abn\u00famero dos\u00bb del Departamento&#8230;<\/p>\n","protected":false},"author":0,"featured_media":196540,"comment_status":"open","ping_status":"open","sticky":false,"template":"","format":"standard","meta":{"footnotes":""},"categories":[60],"tags":[],"class_list":["post-196539","post","type-post","status-publish","format-standard","has-post-thumbnail","hentry","category-internacional"],"featured_image_urls":{"full":["https:\/\/radiofenix.com.ar\/2023\/wp-content\/uploads\/wp-header-logo.png",0,0,false],"thumbnail":["https:\/\/radiofenix.com.ar\/2023\/wp-content\/uploads\/wp-header-logo.png",1,1,false],"medium":["https:\/\/radiofenix.com.ar\/2023\/wp-content\/uploads\/wp-header-logo.png",1,1,false],"medium_large":["https:\/\/radiofenix.com.ar\/2023\/wp-content\/uploads\/wp-header-logo.png",1,1,false],"large":["https:\/\/radiofenix.com.ar\/2023\/wp-content\/uploads\/wp-header-logo.png",1,1,false],"1536x1536":["https:\/\/radiofenix.com.ar\/2023\/wp-content\/uploads\/wp-header-logo.png",1,1,false],"2048x2048":["https:\/\/radiofenix.com.ar\/2023\/wp-content\/uploads\/wp-header-logo.png",1,1,false],"newsium-slider-full":["https:\/\/radiofenix.com.ar\/2023\/wp-content\/uploads\/wp-header-logo.png",1,1,false],"newsium-featured":["https:\/\/radiofenix.com.ar\/2023\/wp-content\/uploads\/wp-header-logo.png",1,1,false],"newsium-medium":["https:\/\/radiofenix.com.ar\/2023\/wp-content\/uploads\/wp-header-logo.png",1,1,false]},"author_info":{"info":[""]},"category_info":"<a href=\"https:\/\/radiofenix.com.ar\/2023\/category\/internacional\/\" rel=\"category tag\">Internacional<\/a>","tag_info":"Internacional","comment_count":"0","_links":{"self":[{"href":"https:\/\/radiofenix.com.ar\/2023\/wp-json\/wp\/v2\/posts\/196539","targetHints":{"allow":["GET"]}}],"collection":[{"href":"https:\/\/radiofenix.com.ar\/2023\/wp-json\/wp\/v2\/posts"}],"about":[{"href":"https:\/\/radiofenix.com.ar\/2023\/wp-json\/wp\/v2\/types\/post"}],"replies":[{"embeddable":true,"href":"https:\/\/radiofenix.com.ar\/2023\/wp-json\/wp\/v2\/comments?post=196539"}],"version-history":[{"count":0,"href":"https:\/\/radiofenix.com.ar\/2023\/wp-json\/wp\/v2\/posts\/196539\/revisions"}],"wp:featuredmedia":[{"embeddable":true,"href":"https:\/\/radiofenix.com.ar\/2023\/wp-json\/wp\/v2\/media\/196540"}],"wp:attachment":[{"href":"https:\/\/radiofenix.com.ar\/2023\/wp-json\/wp\/v2\/media?parent=196539"}],"wp:term":[{"taxonomy":"category","embeddable":true,"href":"https:\/\/radiofenix.com.ar\/2023\/wp-json\/wp\/v2\/categories?post=196539"},{"taxonomy":"post_tag","embeddable":true,"href":"https:\/\/radiofenix.com.ar\/2023\/wp-json\/wp\/v2\/tags?post=196539"}],"curies":[{"name":"wp","href":"https:\/\/api.w.org\/{rel}","templated":true}]}}