{"id":196541,"date":"2024-12-10T18:40:16","date_gmt":"2024-12-10T18:40:16","guid":{"rendered":"https:\/\/radiofenix.com.ar\/2023\/el-gobierno-salio-a-explicar-por-que-echaron-a-la-titular-de-la-ex-afip\/"},"modified":"2024-12-10T18:40:16","modified_gmt":"2024-12-10T18:40:16","slug":"el-gobierno-salio-a-explicar-por-que-echaron-a-la-titular-de-la-ex-afip","status":"publish","type":"post","link":"https:\/\/radiofenix.com.ar\/2023\/el-gobierno-salio-a-explicar-por-que-echaron-a-la-titular-de-la-ex-afip\/","title":{"rendered":"El Gobierno sali\u00f3 a explicar por qu\u00e9 echaron a la titular de la ex AFIP"},"content":{"rendered":"<div id=\"\">\n<p>Ahora, la Oficina del Presidente emiti\u00f3 un comunicado para echar un poco m\u00e1s de claridad sobre la inesperada situaci\u00f3n que representa una <strong>nuevo cambio en el gabinete anarcocapitalista, que se suma a los innumerables ocurridos durante el a\u00f1o<\/strong> que termina.<\/p>\n<p>\u201cLa Oficina del Presidente informa que el Presidente <strong>Javier Milei ha tomado la decisi\u00f3n de desvincular a la titular de ARCA, Florencia Misrahi, y a otros dos funcionarios bajo su \u00f3rbita, por diferencias en el rumbo de la gesti\u00f3n<\/strong>\u201d, comienza la declaraci\u00f3n oficial.<\/p>\n<div contenteditable=\"false\" class=\"embed_cont type_freetext\" rel=\"freetext\" id=\"embed1896_wrap\" data-provider=\"YouTube\">\n<p>Embed &#8211; El GOBIERNO DESPLAZ\u00d3 a FLORENCIA MISRAHI de ARCA, la EX AFIP<span onclick=\"parent.parent.TinyMCETdcuerpo.preview_embed('embed1896')\" class=\"embed_colapse less\" id=\"embed1896_colapse\"\/><span onclick=\"parent.parent.TinyMCETdcuerpo.delete_embed('embed1896')\" class=\"embed_delete less\" id=\"embed1896_delete\"\/><\/p>\n<\/p><\/div>\n<div contenteditable=\"false\" class=\"embed_cont type_imagen\" id=\"8015426-Libre-1735271872_wrap\">\n<p> comunicado cambio afip.jpg <span onclick=\"parent.parent.TinyMCETdcuerpo.preview_embed('8015426-Libre-1735271872')\" class=\"embed_colapse less\" id=\"8015426-Libre-1735271872_colapse\"\/> <span onclick=\"parent.parent.TinyMCETdcuerpo.delete_embed('8015426-Libre-1735271872')\" class=\"embed_delete less\" id=\"8015426-Libre-1735271872_delete\"\/><\/p>\n<div id=\"8015426-Libre-1735271872_content\" class=\"embed_content\"><img decoding=\"async\" src=\"https:\/\/media.minutouno.com\/p\/917f2c485c96259b56d003e3da0bbc62\/adjuntos\/150\/imagenes\/042\/025\/0042025060\/610x0\/smart\/comunicado-cambio-afipjpg.jpg\" alt=\"\" title=\"\" width=\"610\" height=\"undefined\" id=\"8015426-Libre-1735271872_embed\"\/><\/div>\n<\/p><\/div>\n<div contenteditable=\"false\" class=\"embed_cont type_imagen\" id=\"8015424-Libre-1989782014_wrap\">\n<p>Diseno-sin-titulo-3-compressed-1-1024&#215;673.jpg <span onclick=\"parent.parent.TinyMCETdcuerpo.preview_embed('8015424-Libre-1989782014')\" class=\"embed_colapse less\" id=\"8015424-Libre-1989782014_colapse\"\/>  <span onclick=\"parent.parent.TinyMCETdcuerpo.delete_embed('8015424-Libre-1989782014')\" class=\"embed_delete less\" id=\"8015424-Libre-1989782014_delete\"\/><\/p>\n<div id=\"8015424-Libre-1989782014_content\" class=\"embed_content\"><img decoding=\"async\" src=\"https:\/\/media.minutouno.com\/p\/408954d7eb7aab0260f5062efd5ef4d2\/adjuntos\/150\/imagenes\/042\/025\/0042025058\/610x0\/smart\/diseno-sin-titulo-3-compressed-1-1024x673jpg.jpg\" alt=\"\" title=\"\" width=\"610\" height=\"undefined\" id=\"8015424-Libre-1989782014_embed\"\/><\/div>\n<\/p><\/div>\n<p>En ese sentido, se explica que \u201c<strong>la decisi\u00f3n de modificar el r\u00e9gimen tributario de streamers e influencers digitales fue tomada de manera inconsulta<\/strong>, y ser\u00e1 revertida de manera inmediata tras su salida\u201d.<\/p>\n<p>\u201cEste <strong>Gobierno no va a perseguir a las nuevas formas de negocios digitales y reafirma su compromiso para trabajar en un r\u00e9gimen tributario simplificado<\/strong>. La soluci\u00f3n al persistente d\u00e9ficit fiscal que sufri\u00f3 por d\u00e9cadas la Rep\u00fablica Argentina <strong>no es buscar nuevas formas de recaudaci\u00f3n sino bajar el gasto p\u00fablico<\/strong>\u201d, concluye el comunicado oficial.<\/p>\n<p>En concreto, Misrahi fue expulsada de la gesti\u00f3n libertaria por impulsar la resoluci\u00f3n 5607\/24, que <strong>incluye servicios digitales al Clasificador de Actividades Econ\u00f3micas (CLAE) para que comiencen a pagar impuestos<\/strong>.<\/p>\n<p>Se trata de las <strong>actividades relacionadas con la transmisi\u00f3n en vivo de programas a trav\u00e9s de plataformas de streaming, la gesti\u00f3n de criptoactivos y la publicidad con contenido audiovisual<\/strong>, seg\u00fan se precis\u00f3.<\/p>\n<div contenteditable=\"false\" class=\"embed_cont type_freetext\" rel=\"freetext\" id=\"embed34_wrap\">\n<p>Embed <span onclick=\"parent.parent.TinyMCETdcuerpo.preview_embed('embed34')\" class=\"embed_colapse less\" id=\"embed34_colapse\"\/>  <span onclick=\"parent.parent.TinyMCETdcuerpo.delete_embed('embed34')\" class=\"embed_delete less\" id=\"embed34_delete\"\/><\/p>\n<div id=\"embed34_content\" class=\"embed_content\">\n<div id=\"embed34_embed\">\n<figure class=\"figure\"><a href=\"https:\/\/t.me\/minutounocom\" target=\"_blank\" rel=\"noopener\"><img decoding=\"async\" src=\"https:\/\/media.minutouno.com\/adjuntos\/150\/banners\/039\/099\/0039099175.jpg\" class=\"figure-img img-fluid\" style=\"width:100%;height:auto;\"\/><\/a><\/figure>\n<\/div>\n<\/div><\/div>\n<\/p><\/div>\n<p><a href=\"https:\/\/www.minutouno.com\/politica\/el-gobierno-salio-explicar-que-echaron-la-titular-la-ex-afip-n6090683\">source<\/a><\/p>\n","protected":false},"excerpt":{"rendered":"<p>Ahora, la Oficina del Presidente emiti\u00f3 un comunicado para echar un poco m\u00e1s de claridad&#8230;<\/p>\n","protected":false},"author":0,"featured_media":196542,"comment_status":"open","ping_status":"open","sticky":false,"template":"","format":"standard","meta":{"footnotes":""},"categories":[2],"tags":[],"class_list":["post-196541","post","type-post","status-publish","format-standard","has-post-thumbnail","hentry","category-politica"],"featured_image_urls":{"full":["https:\/\/radiofenix.com.ar\/2023\/wp-content\/uploads\/wp-header-logo.png",0,0,false],"thumbnail":["https:\/\/radiofenix.com.ar\/2023\/wp-content\/uploads\/wp-header-logo.png",1,1,false],"medium":["https:\/\/radiofenix.com.ar\/2023\/wp-content\/uploads\/wp-header-logo.png",1,1,false],"medium_large":["https:\/\/radiofenix.com.ar\/2023\/wp-content\/uploads\/wp-header-logo.png",1,1,false],"large":["https:\/\/radiofenix.com.ar\/2023\/wp-content\/uploads\/wp-header-logo.png",1,1,false],"1536x1536":["https:\/\/radiofenix.com.ar\/2023\/wp-content\/uploads\/wp-header-logo.png",1,1,false],"2048x2048":["https:\/\/radiofenix.com.ar\/2023\/wp-content\/uploads\/wp-header-logo.png",1,1,false],"newsium-slider-full":["https:\/\/radiofenix.com.ar\/2023\/wp-content\/uploads\/wp-header-logo.png",1,1,false],"newsium-featured":["https:\/\/radiofenix.com.ar\/2023\/wp-content\/uploads\/wp-header-logo.png",1,1,false],"newsium-medium":["https:\/\/radiofenix.com.ar\/2023\/wp-content\/uploads\/wp-header-logo.png",1,1,false]},"author_info":{"info":[""]},"category_info":"<a href=\"https:\/\/radiofenix.com.ar\/2023\/category\/politica\/\" rel=\"category tag\">Pol\u00edtica<\/a>","tag_info":"Pol\u00edtica","comment_count":"0","_links":{"self":[{"href":"https:\/\/radiofenix.com.ar\/2023\/wp-json\/wp\/v2\/posts\/196541","targetHints":{"allow":["GET"]}}],"collection":[{"href":"https:\/\/radiofenix.com.ar\/2023\/wp-json\/wp\/v2\/posts"}],"about":[{"href":"https:\/\/radiofenix.com.ar\/2023\/wp-json\/wp\/v2\/types\/post"}],"replies":[{"embeddable":true,"href":"https:\/\/radiofenix.com.ar\/2023\/wp-json\/wp\/v2\/comments?post=196541"}],"version-history":[{"count":0,"href":"https:\/\/radiofenix.com.ar\/2023\/wp-json\/wp\/v2\/posts\/196541\/revisions"}],"wp:featuredmedia":[{"embeddable":true,"href":"https:\/\/radiofenix.com.ar\/2023\/wp-json\/wp\/v2\/media\/196542"}],"wp:attachment":[{"href":"https:\/\/radiofenix.com.ar\/2023\/wp-json\/wp\/v2\/media?parent=196541"}],"wp:term":[{"taxonomy":"category","embeddable":true,"href":"https:\/\/radiofenix.com.ar\/2023\/wp-json\/wp\/v2\/categories?post=196541"},{"taxonomy":"post_tag","embeddable":true,"href":"https:\/\/radiofenix.com.ar\/2023\/wp-json\/wp\/v2\/tags?post=196541"}],"curies":[{"name":"wp","href":"https:\/\/api.w.org\/{rel}","templated":true}]}}