{"id":196549,"date":"2024-12-11T08:57:56","date_gmt":"2024-12-11T08:57:56","guid":{"rendered":"https:\/\/radiofenix.com.ar\/2023\/el-sentido-mensaje-de-cristina-kirchner-por-la-muerte-de-hector-recalde\/"},"modified":"2024-12-11T08:57:56","modified_gmt":"2024-12-11T08:57:56","slug":"el-sentido-mensaje-de-cristina-kirchner-por-la-muerte-de-hector-recalde","status":"publish","type":"post","link":"https:\/\/radiofenix.com.ar\/2023\/el-sentido-mensaje-de-cristina-kirchner-por-la-muerte-de-hector-recalde\/","title":{"rendered":"El sentido mensaje de Cristina Kirchner por la muerte de H\u00e9ctor Recalde"},"content":{"rendered":"<div id=\"\">\n<div contenteditable=\"false\" class=\"embed_cont type_freetext\" rel=\"freetext\" id=\"embed9636_wrap\" data-provider=\"Twitter\">\n<p>Embed &#8211; https:\/\/publish.twitter.com\/oembed?url=https:\/\/twitter.com\/CFKArgentina\/status\/1866232141211677053&amp;partner=&amp;hide_thread=false<span onclick=\"parent.parent.TinyMCETdcuerpo.preview_embed('embed9636')\" class=\"embed_colapse less\" id=\"embed9636_colapse\"\/><span onclick=\"parent.parent.TinyMCETdcuerpo.delete_embed('embed9636')\" class=\"embed_delete less\" id=\"embed9636_delete\"\/><\/p>\n<div id=\"embed9636_content\" class=\"embed_content\">\n<div id=\"embed9636_embed\">\n<blockquote data-td-script-src=\"https:\/\/platform.twitter.com\/widgets.js\" class=\"twitter-tweet\">\n<p dir=\"ltr\" lang=\"es\"> Con una enorme tristeza despedimos a H\u00e9ctor Recalde, militante peronista que como abogado laboralista dedic\u00f3 su vida a la defensa de las y los trabajadores y, como diputado nacional y jefe de nuestro bloque en la C\u00e1mara de Diputados, fue un ejemplo de coherencia en momentos muy\u2026 <a href=\"https:\/\/t.co\/kCqzha95ia\">pic.twitter.com\/kCqzha95ia<\/a><\/p>\n<p> \u2014 Cristina Kirchner (@CFKArgentina) <a href=\"https:\/\/twitter.com\/CFKArgentina\/status\/1866232141211677053?ref_src=twsrc%5Etfw\">December 9, 2024<\/a><\/p><\/blockquote>\n<\/div><\/div>\n<\/p><\/div>\n<h2>Qui\u00e9n fue H\u00e9ctor Recalde<\/h2>\n<p>H\u00e9ctor Recalde fue un reconocido abogado laboralista de gran trayectoria, tanto en lo profesional y acad\u00e9mico como en el \u00e1mbito pol\u00edtico y sindical.<\/p>\n<p>Recalde se recibi\u00f3 en 1961 en la Facultad de Derecho de la Universidad de Buenos Aires y a partir de 1964 se desempe\u00f1\u00f3 como<strong> abogado de la Confederaci\u00f3n General del Trabajo de la Rep\u00fablica Argentina (CGT).<\/strong><\/p>\n<p>Desde el a\u00f1o <strong>2005 al 2017 <\/strong>fue<strong> diputado nacional por el Frente para la Victoria <\/strong>durante<strong> tres mandatos consecutivos.<\/strong> Durante ese tiempo presidi\u00f3 la Comisi\u00f3n de Legislaci\u00f3n del Trabajo en la C\u00e1mara Baja.<\/p>\n<p>Durante su trabajo en la C\u00e1mara baja, en 2007 denunci\u00f3 que <strong>empresarios que le hab\u00edan ofrecido una coima millonaria <\/strong>para que votara en el Congreso a favor de un proyecto para extender<strong> el pago de salarios con tickets-canastas.<\/strong><\/p>\n<p>En su trayectoria pol\u00edtica, H\u00e9ctor Recalde tambi\u00e9n fue clave en la promoci\u00f3n de leyes laborales durante sus tres mandatos consecutivos como diputado nacional. Impuls\u00f3 debates sobre justicia social y defensa de los derechos laborales, destac\u00e1ndose como un l\u00edder influyente en temas sindicales y laborales.<\/p>\n<p>Durante su gesti\u00f3n, se comprometi\u00f3 con la incorporaci\u00f3n de pol\u00edticas de g\u00e9nero en el \u00e1mbito legislativo y judicial, consolidando su legado como defensor de los trabajadores en Argentina.<\/p>\n<p>Tambi\u00e9n se dedic\u00f3 a la docencia en la Universidad de Buenos Aires y public\u00f3 numerosos textos sobre derecho laboral. Recibi\u00f3 diversos reconocimientos a lo largo de su vida, entre ellos, en octubre de 2002 recibi\u00f3 la <strong>\u00abMenci\u00f3n de Honor Diputado Juan Bautista Alberdi\u201d<\/strong>, el m\u00e1ximo galard\u00f3n que otorga la C\u00e1mara de Diputados de la Naci\u00f3n a aquellas personas f\u00edsicas y\/o jur\u00eddicas que se destaquen por sus acciones culturales, cient\u00edficas, pol\u00edticas, human\u00edsticas, o por aportes que, en general, realcen los valores democr\u00e1ticos y republicanos.<\/p>\n<div contenteditable=\"false\" class=\"embed_cont type_freetext\" rel=\"freetext\" id=\"embed57_wrap\">\n<p> Embed <span onclick=\"parent.parent.TinyMCETdcuerpo.preview_embed('embed57')\" class=\"embed_colapse less\" id=\"embed57_colapse\"\/>  <span onclick=\"parent.parent.TinyMCETdcuerpo.delete_embed('embed57')\" class=\"embed_delete less\" id=\"embed57_delete\"\/><\/p>\n<div id=\"embed57_content\" class=\"embed_content\">\n<div id=\"embed57_embed\">\n<figure class=\"figure\"><a href=\"https:\/\/t.me\/minutounocom\" target=\"_blank\" rel=\"noopener\"><img decoding=\"async\" src=\"https:\/\/media.minutouno.com\/adjuntos\/150\/banners\/039\/099\/0039099175.jpg\" class=\"figure-img img-fluid\" style=\"width:100%;height:auto;\"\/><\/a><\/figure>\n<\/div>\n<\/div><\/div>\n<\/div>\n<p><a href=\"https:\/\/www.minutouno.com\/politica\/el-sentido-mensaje-cristina-kirchner-la-muerte-hector-recalde-n6091235\">source<\/a><\/p>\n","protected":false},"excerpt":{"rendered":"<p>Embed &#8211; https:\/\/publish.twitter.com\/oembed?url=https:\/\/twitter.com\/CFKArgentina\/status\/1866232141211677053&amp;partner=&amp;hide_thread=false Con una enorme tristeza despedimos a H\u00e9ctor Recalde, militante peronista que como&#8230;<\/p>\n","protected":false},"author":0,"featured_media":196550,"comment_status":"open","ping_status":"open","sticky":false,"template":"","format":"standard","meta":{"footnotes":""},"categories":[2],"tags":[],"class_list":["post-196549","post","type-post","status-publish","format-standard","has-post-thumbnail","hentry","category-politica"],"featured_image_urls":{"full":["https:\/\/radiofenix.com.ar\/2023\/wp-content\/uploads\/wp-header-logo.png",0,0,false],"thumbnail":["https:\/\/radiofenix.com.ar\/2023\/wp-content\/uploads\/wp-header-logo.png",1,1,false],"medium":["https:\/\/radiofenix.com.ar\/2023\/wp-content\/uploads\/wp-header-logo.png",1,1,false],"medium_large":["https:\/\/radiofenix.com.ar\/2023\/wp-content\/uploads\/wp-header-logo.png",1,1,false],"large":["https:\/\/radiofenix.com.ar\/2023\/wp-content\/uploads\/wp-header-logo.png",1,1,false],"1536x1536":["https:\/\/radiofenix.com.ar\/2023\/wp-content\/uploads\/wp-header-logo.png",1,1,false],"2048x2048":["https:\/\/radiofenix.com.ar\/2023\/wp-content\/uploads\/wp-header-logo.png",1,1,false],"newsium-slider-full":["https:\/\/radiofenix.com.ar\/2023\/wp-content\/uploads\/wp-header-logo.png",1,1,false],"newsium-featured":["https:\/\/radiofenix.com.ar\/2023\/wp-content\/uploads\/wp-header-logo.png",1,1,false],"newsium-medium":["https:\/\/radiofenix.com.ar\/2023\/wp-content\/uploads\/wp-header-logo.png",1,1,false]},"author_info":{"info":[""]},"category_info":"<a href=\"https:\/\/radiofenix.com.ar\/2023\/category\/politica\/\" rel=\"category tag\">Pol\u00edtica<\/a>","tag_info":"Pol\u00edtica","comment_count":"0","_links":{"self":[{"href":"https:\/\/radiofenix.com.ar\/2023\/wp-json\/wp\/v2\/posts\/196549","targetHints":{"allow":["GET"]}}],"collection":[{"href":"https:\/\/radiofenix.com.ar\/2023\/wp-json\/wp\/v2\/posts"}],"about":[{"href":"https:\/\/radiofenix.com.ar\/2023\/wp-json\/wp\/v2\/types\/post"}],"replies":[{"embeddable":true,"href":"https:\/\/radiofenix.com.ar\/2023\/wp-json\/wp\/v2\/comments?post=196549"}],"version-history":[{"count":0,"href":"https:\/\/radiofenix.com.ar\/2023\/wp-json\/wp\/v2\/posts\/196549\/revisions"}],"wp:featuredmedia":[{"embeddable":true,"href":"https:\/\/radiofenix.com.ar\/2023\/wp-json\/wp\/v2\/media\/196550"}],"wp:attachment":[{"href":"https:\/\/radiofenix.com.ar\/2023\/wp-json\/wp\/v2\/media?parent=196549"}],"wp:term":[{"taxonomy":"category","embeddable":true,"href":"https:\/\/radiofenix.com.ar\/2023\/wp-json\/wp\/v2\/categories?post=196549"},{"taxonomy":"post_tag","embeddable":true,"href":"https:\/\/radiofenix.com.ar\/2023\/wp-json\/wp\/v2\/tags?post=196549"}],"curies":[{"name":"wp","href":"https:\/\/api.w.org\/{rel}","templated":true}]}}