{"id":196551,"date":"2024-12-11T08:57:58","date_gmt":"2024-12-11T08:57:58","guid":{"rendered":"https:\/\/radiofenix.com.ar\/2023\/el-grupo-olmos-vendio-bravo-tv-a-perfil\/"},"modified":"2024-12-11T08:57:58","modified_gmt":"2024-12-11T08:57:58","slug":"el-grupo-olmos-vendio-bravo-tv-a-perfil","status":"publish","type":"post","link":"https:\/\/radiofenix.com.ar\/2023\/el-grupo-olmos-vendio-bravo-tv-a-perfil\/","title":{"rendered":"El grupo Olmos vendi\u00f3 Bravo TV a Perfil"},"content":{"rendered":"<div><!-- Body --><\/p>\n<p>El grupo Perfil adquiri\u00f3 el control de Bravo TV, el canal digital de televisi\u00f3n abierta que hab\u00eda sido lanzado hace dos a\u00f1os como producto de la fusi\u00f3n del Grupo Perfil y el Grupo Cr\u00f3nica. La empresa que dirige Jorge Fontevecchia se convirti\u00f3 en propietaria del 100 por ciento de la se\u00f1al y se prepara para darle una nueva imagen y reformular su contenido.\u00a0<\/p>\n<p>Despu\u00e9s de comprar las 76 cl\u00ednicas argentinas de Fresenius Medical Care AG, la  empresa alemana especializada en salud renal y producci\u00f3n de suministros m\u00e9dicos para tratamiento de di\u00e1lisis hace un a\u00f1o, y de hace pocos meses asumir la gesti\u00f3n de la Fundaci\u00f3n Favaloro, el Grupo Olmos (convertido hoy en el mayor prestador de servicios m\u00e9dicos del pa\u00eds) vendi\u00f3 el 50 por ciento de su licencia de televisi\u00f3n abierta 27.1 Bravo TV a Perfil Teledifusora, que ya era propietaria del otro 50 por ciento y pasa ahora a ser due\u00f1a del 100 por ciento de su capital social.<\/p>\n<p>La programaci\u00f3n que actualmente se realiza en los estudios de Cr\u00f3nica TV pasar\u00e1 a realizarse en los de Perfil Producciones y se espera para marzo el lanzamiento de una programaci\u00f3n totalmente renovada.<\/p>\n<p>Grupo Perfil ya gestiona otros tres canales: los de televisi\u00f3n abierta 27.2 NET TV y 21.1 Caras TV m\u00e1s  la se\u00f1al de noticias econ\u00f3micas Canal E, conjuntamente con las radios AM 1190 radio Perfil y la FM 101.9 radio Horizonte.<\/p>\n<p>En el caso de Bravo TV la idea de Grupo Perfil es reformular su actual contenido de telenovelas hacia una programaci\u00f3n de vivo m\u00e1s similar a la de NET TV con el agregado de dos programas de periodismo pol\u00edtico en el primer-time. Los nuevos due\u00f1os prometen\u00a0\u00a0\u00abtener la noche pol\u00edtica m\u00e1s picante de la televisi\u00f3n abierta\u00bb.\u00a0<\/p>\n<p>\u00abGrupo Olmos y Grupo Perfil finalizan esta relaci\u00f3n satisfactoriamente dese\u00e1ndose mutuamente \u00e9xitos en cada una de sus actividades, comprometi\u00e9ndose a una colaboraci\u00f3n rec\u00edproca\u00bb, se\u00f1alaron en el comunicado donde se anunci\u00f3 la venta.\u00a0<\/p>\n<p><!-- Live Blog Post --><\/div>\n<p><a href=\"https:\/\/www.pagina12.com.ar\/789386-el-grupo-olmos-vendio-bravo-tv-a-perfil\">source<\/a><\/p>\n","protected":false},"excerpt":{"rendered":"<p>El grupo Perfil adquiri\u00f3 el control de Bravo TV, el canal digital de televisi\u00f3n abierta&#8230;<\/p>\n","protected":false},"author":0,"featured_media":196552,"comment_status":"open","ping_status":"open","sticky":false,"template":"","format":"standard","meta":{"footnotes":""},"categories":[4],"tags":[],"class_list":["post-196551","post","type-post","status-publish","format-standard","has-post-thumbnail","hentry","category-espectaculos"],"featured_image_urls":{"full":["https:\/\/radiofenix.com.ar\/2023\/wp-content\/uploads\/wp-header-logo.png",0,0,false],"thumbnail":["https:\/\/radiofenix.com.ar\/2023\/wp-content\/uploads\/wp-header-logo.png",1,1,false],"medium":["https:\/\/radiofenix.com.ar\/2023\/wp-content\/uploads\/wp-header-logo.png",1,1,false],"medium_large":["https:\/\/radiofenix.com.ar\/2023\/wp-content\/uploads\/wp-header-logo.png",1,1,false],"large":["https:\/\/radiofenix.com.ar\/2023\/wp-content\/uploads\/wp-header-logo.png",1,1,false],"1536x1536":["https:\/\/radiofenix.com.ar\/2023\/wp-content\/uploads\/wp-header-logo.png",1,1,false],"2048x2048":["https:\/\/radiofenix.com.ar\/2023\/wp-content\/uploads\/wp-header-logo.png",1,1,false],"newsium-slider-full":["https:\/\/radiofenix.com.ar\/2023\/wp-content\/uploads\/wp-header-logo.png",1,1,false],"newsium-featured":["https:\/\/radiofenix.com.ar\/2023\/wp-content\/uploads\/wp-header-logo.png",1,1,false],"newsium-medium":["https:\/\/radiofenix.com.ar\/2023\/wp-content\/uploads\/wp-header-logo.png",1,1,false]},"author_info":{"info":[""]},"category_info":"<a href=\"https:\/\/radiofenix.com.ar\/2023\/category\/espectaculos\/\" rel=\"category tag\">Espectaculos<\/a>","tag_info":"Espectaculos","comment_count":"0","_links":{"self":[{"href":"https:\/\/radiofenix.com.ar\/2023\/wp-json\/wp\/v2\/posts\/196551","targetHints":{"allow":["GET"]}}],"collection":[{"href":"https:\/\/radiofenix.com.ar\/2023\/wp-json\/wp\/v2\/posts"}],"about":[{"href":"https:\/\/radiofenix.com.ar\/2023\/wp-json\/wp\/v2\/types\/post"}],"replies":[{"embeddable":true,"href":"https:\/\/radiofenix.com.ar\/2023\/wp-json\/wp\/v2\/comments?post=196551"}],"version-history":[{"count":0,"href":"https:\/\/radiofenix.com.ar\/2023\/wp-json\/wp\/v2\/posts\/196551\/revisions"}],"wp:featuredmedia":[{"embeddable":true,"href":"https:\/\/radiofenix.com.ar\/2023\/wp-json\/wp\/v2\/media\/196552"}],"wp:attachment":[{"href":"https:\/\/radiofenix.com.ar\/2023\/wp-json\/wp\/v2\/media?parent=196551"}],"wp:term":[{"taxonomy":"category","embeddable":true,"href":"https:\/\/radiofenix.com.ar\/2023\/wp-json\/wp\/v2\/categories?post=196551"},{"taxonomy":"post_tag","embeddable":true,"href":"https:\/\/radiofenix.com.ar\/2023\/wp-json\/wp\/v2\/tags?post=196551"}],"curies":[{"name":"wp","href":"https:\/\/api.w.org\/{rel}","templated":true}]}}