{"id":196555,"date":"2024-12-12T08:57:46","date_gmt":"2024-12-12T08:57:46","guid":{"rendered":"https:\/\/radiofenix.com.ar\/2023\/california-otra-vez-en-llamas\/"},"modified":"2024-12-12T08:57:46","modified_gmt":"2024-12-12T08:57:46","slug":"california-otra-vez-en-llamas","status":"publish","type":"post","link":"https:\/\/radiofenix.com.ar\/2023\/california-otra-vez-en-llamas\/","title":{"rendered":"California otra vez en llamas"},"content":{"rendered":"<div><!-- Body --><\/p>\n<p>Ya son<b> 6000 las personas evacuadas<\/b> en la ciudad de <b>Malib\u00fa<\/b>, en el oeste de <b>California<\/b>, por un nuevo<b> incendio a\u00fan fuera de control<\/b>. Esto provoc\u00f3 el cierre de carreteras y escuelas frente al peligro de que el fuego se siga propagando.<\/p>\n<div class=\"iframely-embed medium-embedded-content\" data-html=\"Jmx0O2RpdiZndDsmbHQ7ZGl2IHN0eWxlPSJsZWZ0OiAwOyB3aWR0aDogMTAwJTsgaGVpZ2h0OiAwOyBwb3NpdGlvbjogcmVsYXRpdmU7IHBhZGRpbmctYm90dG9tOiA1Ni40NTgzJTsiJmd0OyZsdDtpZnJhbWUgc3JjPSJodHRwczovL2lmcmFtZWx5LnBhZ2luYTEyLmNvbS5hci9hcGkvaWZyYW1lP2NsaWNrX3RvX3BsYXk9MSZhbXA7dXJsPWh0dHBzJTNBJTJGJTJGZ2VvLmRhaWx5bW90aW9uLmNvbSUyRnBsYXllciUyRnh0NWVlLmh0bWwlM0Z2aWRlbyUzRHg5YWxia3kmYW1wO2tleT00Njc2YjVmZGMwODMyNTdlYTg3ZjcxNjA4Yzc0ZTlmZSIgc3R5bGU9InRvcDogMDsgbGVmdDogMDsgd2lkdGg6IDEwMCU7IGhlaWdodDogMTAwJTsgcG9zaXRpb246IGFic29sdXRlOyBib3JkZXI6IDA7IiBhbGxvd2Z1bGxzY3JlZW4gc2Nyb2xsaW5nPSJubyIgYWxsb3c9ImVuY3J5cHRlZC1tZWRpYSAqOyImZ3Q7Jmx0Oy9pZnJhbWUmZ3Q7Jmx0Oy9kaXYmZ3Q7Jmx0Oy9kaXYmZ3Q7Jmx0O2RpdiBjbGFzcz0ibWVkaXVtLWluc2VydC1lbWJlZHMtbWV0YSImZ3Q7Jmx0O3NjcmlwdCB0eXBlPSJ0ZXh0L2pzb24iJmd0O3sidXJsIjoiaHR0cHM6Ly9nZW8uZGFpbHltb3Rpb24uY29tL3BsYXllci94dDVlZS5odG1sP3ZpZGVvPXg5YWxia3kiLCJ0eXBlIjoidmlkZW8iLCJ2ZXJzaW9uIjoiMS4wIiwidGl0bGUiOiJVbiBpbmNlbmRpbyBvYmxpZ2EgYSBldmFjdWFyIGEgdW5hcyA2LjAwMCBwZXJzb25hcyBlbiBDYWxpZm9ybmlhIiwiYXV0aG9yIjoiUMOhZ2luYTEyIiwiYXV0aG9yX3VybCI6Imh0dHBzOi8vd3d3LmRhaWx5bW90aW9uLmNvbS9QYWdpbmExMiIsInByb3ZpZGVyX25hbWUiOiJEYWlseW1vdGlvbiIsImRlc2NyaXB0aW9uIjoiVW4gaW5jZW5kaW8gdG9kYXbDrWEgc2luIGNvbnRyb2xhciBoYSBvYmxpZ2FkbyBhIGxhIGV2YWN1YWNpw7NuIGRlIHVuYXMgNi4wMDAgcGVyc29uYXMgeSBlbCBjaWVycmUgZGUgY2FycmV0ZXJhcyB5IGVzY3VlbGFzIGFudGUgZWwgcmllZ28gZGUgcsOhcGlkYSBwcm9wYWdhY2nDs24gZGUgbGFzIGxsYW1hcyBlbiBsYSBjaXVkYWQgZGUgTWFsaWLDuiwgZW4gZWwgb2VzdGUgZGUgQ2FsaWZvcm5pYS4gIEVsIGluY2VuZGlvLCBjb25vY2lkbyBjb21vIEZyYW5rbGluLCBoYSBxdWVtYWRvIG3DoXMgZGUgMi4yMDAgYWNyZXMgKGNhc2kgOSBraWzDs21ldHJvcyBjdWFkcmFkb3MpIGVuIG1lbm9zIGRlIDI0IGhvcmFzIHkgc2UgZXh0ZW5kacOzIGEgbG8gbGFyZ28gZGUgbGEgY29zdGEgZGVsIFBhY8OtZmljbywgb2JsaWdhbmRvIGFsIGNpZXJyZSBkZSB0b2RhcyBsYXMgZXNjdWVsYXMgaGFzdGEgbnVldm8gZW4gZWwgY2VudHJvIHkgZWwgZXN0ZSBkZSBNYWxpYsO6LCBkb25kZSByZXNpZGVuIG3DoXMgZGUgMTAuMDAwIGhhYml0YW50ZXMsIGluZm9ybcOzIGVsIGRlcGFydGFtZW50byBkZSBCb21iZXJvcyBkZSBDYWxpZm9ybmlhIChGaXJlQ2FsKS4iLCJ0aHVtYm5haWxfdXJsIjoiaHR0cHM6Ly9zMi5kbWNkbi5uZXQvdi9YVnBsWTFkTUNPTzI3V2hUWi94NzIwIiwidGh1bWJuYWlsX3dpZHRoIjoxMjgwLCJ0aHVtYm5haWxfaGVpZ2h0Ijo3MjAsImNhY2hlX2FnZSI6ODY0MDB9Jmx0Oy9zY3JpcHQmZ3Q7Jmx0Oy9kaXYmZ3Q7\">\n                <a data-iframely-url=\"\" href=\"https:\/\/geo.dailymotion.com\/player\/xt5ee.html?video=x9albky\">https:\/\/geo.dailymotion.com\/player\/xt5ee.html?video=x9albky<\/a>\n              <\/div>\n<p>Seg\u00fan la informaci\u00f3n del Departamento de Bomberos de California (FireCal), \u201cFranklin\u201d, como se lo conoce al incendio, ya arras\u00f3 con 2200 acres (1 acre equivale a 4047 metros cuadrados, por lo que ya son <b>casi 9 millones de metros cuadrados destruidos<\/b>). El fuego sigue expandi\u00e9ndose por la costa del Pac\u00edfico, y provoc\u00f3 el <b>cierre casi autom\u00e1tico de todas las escuelas en el centro y el este de Malib\u00fa<\/b>, donde viven m\u00e1s de 10.000 personas. De acuerdo a la informaci\u00f3n proporcionada por FireCal en su comunicado, se clausur\u00f3 la ruta que atraviesa la costa del Pac\u00edfico entre Carbon Canyon y Corral Canyon, para facilitar la evacuaci\u00f3n en las zonas afectadas.<\/p>\n<p>Las llamas se originaron este lunes por la noche, a la altura de la carretera de Malib\u00fa Canyon, junto al parque estatal Malib\u00fa Creek. Es en esa zona donde los bomberos trabajan intensamente para apagar el incendio. En ese mismo lugar se encuentra l<b>a Universidad de Pepperdine, que durante la noche del lunes se vio obligada a emitir una orden de desalojo a su propio personal del campus<\/b> por la r\u00e1pida expansi\u00f3n de \u201cFranklin\u201d. El comunicado emitido alertaba: \u00abTodos los miembros de la comunidad en el campus de Malib\u00fa deben refugiarse en el Centro del Campus Tyler o en la Biblioteca Payson\u00bb.<\/p>\n<p>El Servicio Nacional de Meteorolog\u00eda mantendr\u00e1 hasta este mi\u00e9rcoles el anuncio de <b>alerta roja por fuertes vientos <\/b>en Los \u00c1ngeles, as\u00ed como en Ventura, que podr\u00edan alcanzar hasta 120 kil\u00f3metros por hora y complicar\u00edan la situaci\u00f3n.<\/p>\n<p>California es un Estado que ya conoce de fuertes incendios en los \u00faltimos a\u00f1os. De hecho, el m\u00e1s fuerte de los siniestros desde que se llevan registros ha sucedido en 2018, cuando la misma ciudad de Malib\u00fa fue evacuada. En aquel entonces llegaron a registrarse 44 muertos, y la ciudad de Paradise y la localidad de Concow fueron las m\u00e1s perjudicadas, mientras que lleg\u00f3 a haber 200 personas desaparecidas. Al a\u00f1o anterior, en 2017, hab\u00eda ocurrido la tragedia de Santa Rosa, en el mismo estado, cuando otro incendio termin\u00f3 con la vida de 22 personas.<\/p>\n<p>En este caso, a\u00fan se desconoce la cantidad de v\u00edctimas y la magnitud de los da\u00f1os que produjo este incendio, as\u00ed como tambi\u00e9n las autoridades contin\u00faan investigando el origen de las llamas.<\/p>\n<p><!-- Live Blog Post --><\/div>\n<p><a href=\"https:\/\/www.pagina12.com.ar\/789317-california-otra-vez-en-llamas\">source<\/a><\/p>\n","protected":false},"excerpt":{"rendered":"<p>Ya son 6000 las personas evacuadas en la ciudad de Malib\u00fa, en el oeste de&#8230;<\/p>\n","protected":false},"author":0,"featured_media":196556,"comment_status":"open","ping_status":"open","sticky":false,"template":"","format":"standard","meta":{"footnotes":""},"categories":[7],"tags":[],"class_list":["post-196555","post","type-post","status-publish","format-standard","has-post-thumbnail","hentry","category-sociedad"],"featured_image_urls":{"full":["https:\/\/radiofenix.com.ar\/2023\/wp-content\/uploads\/wp-header-logo.png",0,0,false],"thumbnail":["https:\/\/radiofenix.com.ar\/2023\/wp-content\/uploads\/wp-header-logo.png",1,1,false],"medium":["https:\/\/radiofenix.com.ar\/2023\/wp-content\/uploads\/wp-header-logo.png",1,1,false],"medium_large":["https:\/\/radiofenix.com.ar\/2023\/wp-content\/uploads\/wp-header-logo.png",1,1,false],"large":["https:\/\/radiofenix.com.ar\/2023\/wp-content\/uploads\/wp-header-logo.png",1,1,false],"1536x1536":["https:\/\/radiofenix.com.ar\/2023\/wp-content\/uploads\/wp-header-logo.png",1,1,false],"2048x2048":["https:\/\/radiofenix.com.ar\/2023\/wp-content\/uploads\/wp-header-logo.png",1,1,false],"newsium-slider-full":["https:\/\/radiofenix.com.ar\/2023\/wp-content\/uploads\/wp-header-logo.png",1,1,false],"newsium-featured":["https:\/\/radiofenix.com.ar\/2023\/wp-content\/uploads\/wp-header-logo.png",1,1,false],"newsium-medium":["https:\/\/radiofenix.com.ar\/2023\/wp-content\/uploads\/wp-header-logo.png",1,1,false]},"author_info":{"info":[""]},"category_info":"<a href=\"https:\/\/radiofenix.com.ar\/2023\/category\/sociedad\/\" rel=\"category tag\">Sociedad<\/a>","tag_info":"Sociedad","comment_count":"0","_links":{"self":[{"href":"https:\/\/radiofenix.com.ar\/2023\/wp-json\/wp\/v2\/posts\/196555","targetHints":{"allow":["GET"]}}],"collection":[{"href":"https:\/\/radiofenix.com.ar\/2023\/wp-json\/wp\/v2\/posts"}],"about":[{"href":"https:\/\/radiofenix.com.ar\/2023\/wp-json\/wp\/v2\/types\/post"}],"replies":[{"embeddable":true,"href":"https:\/\/radiofenix.com.ar\/2023\/wp-json\/wp\/v2\/comments?post=196555"}],"version-history":[{"count":0,"href":"https:\/\/radiofenix.com.ar\/2023\/wp-json\/wp\/v2\/posts\/196555\/revisions"}],"wp:featuredmedia":[{"embeddable":true,"href":"https:\/\/radiofenix.com.ar\/2023\/wp-json\/wp\/v2\/media\/196556"}],"wp:attachment":[{"href":"https:\/\/radiofenix.com.ar\/2023\/wp-json\/wp\/v2\/media?parent=196555"}],"wp:term":[{"taxonomy":"category","embeddable":true,"href":"https:\/\/radiofenix.com.ar\/2023\/wp-json\/wp\/v2\/categories?post=196555"},{"taxonomy":"post_tag","embeddable":true,"href":"https:\/\/radiofenix.com.ar\/2023\/wp-json\/wp\/v2\/tags?post=196555"}],"curies":[{"name":"wp","href":"https:\/\/api.w.org\/{rel}","templated":true}]}}