{"id":196561,"date":"2024-12-12T08:57:52","date_gmt":"2024-12-12T08:57:52","guid":{"rendered":"https:\/\/radiofenix.com.ar\/2023\/el-gobierno-pospondra-hasta-febrero-la-convocatoria-a-sesiones-extraordinarias\/"},"modified":"2024-12-12T08:57:52","modified_gmt":"2024-12-12T08:57:52","slug":"el-gobierno-pospondra-hasta-febrero-la-convocatoria-a-sesiones-extraordinarias","status":"publish","type":"post","link":"https:\/\/radiofenix.com.ar\/2023\/el-gobierno-pospondra-hasta-febrero-la-convocatoria-a-sesiones-extraordinarias\/","title":{"rendered":"El Gobierno pospondr\u00e1 hasta febrero la convocatoria a sesiones extraordinarias"},"content":{"rendered":"<div id=\"\">\n<p>Y asegur\u00f3 qu<span class=\"saysCMSEmphasis\" id=\"saysCMSEmphasislg5220331tp\">e \u00abtodos conocen cu\u00e1l es nuestra situaci\u00f3n parlamentaria, estamos en minor\u00eda, y saben que dependemos de preestablecer acuerdos para tratarlos en el Congreso\u201d. <\/span><\/p>\n<div contenteditable=\"false\" class=\"embed_cont type_imagen\" id=\"8012224-Libre-2137724870_wrap\">\n<p> guillermo francos 2.jpg <span onclick=\"parent.parent.TinyMCETdcuerpo.preview_embed('8012224-Libre-2137724870')\" class=\"embed_colapse less\" id=\"8012224-Libre-2137724870_colapse\"\/> <span onclick=\"parent.parent.TinyMCETdcuerpo.delete_embed('8012224-Libre-2137724870')\" class=\"embed_delete less\" id=\"8012224-Libre-2137724870_delete\"\/><\/p>\n<div id=\"8012224-Libre-2137724870_content\" class=\"embed_content\"><img decoding=\"async\" src=\"https:\/\/media.minutouno.com\/p\/d0ebb24efd6646976e3ede1088db02ca\/adjuntos\/150\/imagenes\/042\/004\/0042004816\/610x0\/smart\/guillermo-francos-2jpg.jpg\" alt=\"\" title=\"\" width=\"610\" height=\"undefined\" id=\"8012224-Libre-2137724870_embed\"\/><\/div>\n<\/p><\/div>\n<p><span class=\"saysCMSEmphasis\" id=\"saysCMSEmphasis2tf9975k62g\">\u00abHoy no los tenemos, por eso, en diciembre no convocar\u00edamos\u00bb, insisti\u00f3 Francos. <\/span><\/p>\n<p>De esta manera Francos contrari\u00f3 al vocero presidencial <strong>Manuel Adorni<\/strong> quien d\u00edas atr\u00e1s hab\u00eda anticipado en sus redes sociales que las sesiones extraordinarias se llevar\u00edan a cabo \u00abentre el 5 y el 27 de diciembre\u00bb.<\/p>\n<p>Asimismo, en el gobierno libertario admiten que la reforma electoral, que incluye la eliminaci\u00f3n de las elecciones Primarias Abiertas, Simult\u00e1neas y Obligatorias (PASO); modificaciones en la publicidad estatal y el financiamiento a los partidos, es de los proyectos que m\u00e1s resistencia encuentra en la oposici\u00f3n y traba las negociaciones.<\/p>\n<div contenteditable=\"false\" class=\"embed_cont type_imagen\" id=\"7995190-Libre-1806919250_wrap\">\n<p>camara diputados <span onclick=\"parent.parent.TinyMCETdcuerpo.preview_embed('7995190-Libre-1806919250')\" class=\"embed_colapse less\" id=\"7995190-Libre-1806919250_colapse\"\/>  <span onclick=\"parent.parent.TinyMCETdcuerpo.delete_embed('7995190-Libre-1806919250')\" class=\"embed_delete less\" id=\"7995190-Libre-1806919250_delete\"\/><\/p>\n<div id=\"7995190-Libre-1806919250_content\" class=\"embed_content\"><img loading=\"lazy\" decoding=\"async\" src=\"https:\/\/media.minutouno.com\/p\/5efe8a4412d1b428e6cca160c418f4a4\/adjuntos\/150\/imagenes\/041\/971\/0041971179\/camara-diputados.jpg\" alt=\"\" title=\"\" width=\"610\" height=\"456\" id=\"7995190-Libre-1806919250_embed\"\/><\/div>\n<\/p><\/div>\n<p>\u00abNo hay certezas. La mitad del PRO quiere, Innovaci\u00f3n Federal y el radicalismo ni\u201d, explicaron sobre esta discusi\u00f3n y agregaron que \u00abal momento, hay un 80% de que no convoquemos, y un 20% de que s\u00ed en diciembre\u201d.<\/p>\n<p>El oficialismo tampoco consigui\u00f3 por el momento el respaldo a su proyecto de \u00abLey Antimafias\u00bb y la iniciativa sobre reiterancia impulsados por la ministra de Seguridad, <strong>Patricia Bullrich<\/strong>.<\/p>\n<p>As\u00ed planteado el escenario por el momento la convocatoria se demorar\u00e1 y si los interlocutores con el PRO logran finalmente aceitar el v\u00ednculo para el mes de febrero, reci\u00e9n en ese momento habr\u00e1 llamado.<\/p>\n<div contenteditable=\"false\" class=\"embed_cont type_freetext\" rel=\"freetext\" id=\"embed46_wrap\">\n<p>Embed <span onclick=\"parent.parent.TinyMCETdcuerpo.preview_embed('embed46')\" class=\"embed_colapse less\" id=\"embed46_colapse\"\/>  <span onclick=\"parent.parent.TinyMCETdcuerpo.delete_embed('embed46')\" class=\"embed_delete less\" id=\"embed46_delete\"\/><\/p>\n<div id=\"embed46_content\" class=\"embed_content\">\n<div id=\"embed46_embed\">\n<figure class=\"figure\"><a href=\"https:\/\/t.me\/minutounocom\" target=\"_blank\" rel=\"noopener\"><img decoding=\"async\" src=\"https:\/\/media.minutouno.com\/adjuntos\/150\/banners\/039\/099\/0039099175.jpg\" class=\"figure-img img-fluid\" style=\"width:100%;height:auto;\"\/><\/a><\/figure>\n<\/div>\n<\/div><\/div>\n<\/p><\/div>\n<p><a href=\"https:\/\/www.minutouno.com\/politica\/el-gobierno-pospondra-febrero-la-convocatoria-sesiones-extraordinarias-n6091919\">source<\/a><\/p>\n","protected":false},"excerpt":{"rendered":"<p>Y asegur\u00f3 que \u00abtodos conocen cu\u00e1l es nuestra situaci\u00f3n parlamentaria, estamos en minor\u00eda, y saben&#8230;<\/p>\n","protected":false},"author":0,"featured_media":196562,"comment_status":"open","ping_status":"open","sticky":false,"template":"","format":"standard","meta":{"footnotes":""},"categories":[2],"tags":[],"class_list":["post-196561","post","type-post","status-publish","format-standard","has-post-thumbnail","hentry","category-politica"],"featured_image_urls":{"full":["https:\/\/radiofenix.com.ar\/2023\/wp-content\/uploads\/wp-header-logo.png",0,0,false],"thumbnail":["https:\/\/radiofenix.com.ar\/2023\/wp-content\/uploads\/wp-header-logo.png",1,1,false],"medium":["https:\/\/radiofenix.com.ar\/2023\/wp-content\/uploads\/wp-header-logo.png",1,1,false],"medium_large":["https:\/\/radiofenix.com.ar\/2023\/wp-content\/uploads\/wp-header-logo.png",1,1,false],"large":["https:\/\/radiofenix.com.ar\/2023\/wp-content\/uploads\/wp-header-logo.png",1,1,false],"1536x1536":["https:\/\/radiofenix.com.ar\/2023\/wp-content\/uploads\/wp-header-logo.png",1,1,false],"2048x2048":["https:\/\/radiofenix.com.ar\/2023\/wp-content\/uploads\/wp-header-logo.png",1,1,false],"newsium-slider-full":["https:\/\/radiofenix.com.ar\/2023\/wp-content\/uploads\/wp-header-logo.png",1,1,false],"newsium-featured":["https:\/\/radiofenix.com.ar\/2023\/wp-content\/uploads\/wp-header-logo.png",1,1,false],"newsium-medium":["https:\/\/radiofenix.com.ar\/2023\/wp-content\/uploads\/wp-header-logo.png",1,1,false]},"author_info":{"info":[""]},"category_info":"<a href=\"https:\/\/radiofenix.com.ar\/2023\/category\/politica\/\" rel=\"category tag\">Pol\u00edtica<\/a>","tag_info":"Pol\u00edtica","comment_count":"0","_links":{"self":[{"href":"https:\/\/radiofenix.com.ar\/2023\/wp-json\/wp\/v2\/posts\/196561","targetHints":{"allow":["GET"]}}],"collection":[{"href":"https:\/\/radiofenix.com.ar\/2023\/wp-json\/wp\/v2\/posts"}],"about":[{"href":"https:\/\/radiofenix.com.ar\/2023\/wp-json\/wp\/v2\/types\/post"}],"replies":[{"embeddable":true,"href":"https:\/\/radiofenix.com.ar\/2023\/wp-json\/wp\/v2\/comments?post=196561"}],"version-history":[{"count":0,"href":"https:\/\/radiofenix.com.ar\/2023\/wp-json\/wp\/v2\/posts\/196561\/revisions"}],"wp:featuredmedia":[{"embeddable":true,"href":"https:\/\/radiofenix.com.ar\/2023\/wp-json\/wp\/v2\/media\/196562"}],"wp:attachment":[{"href":"https:\/\/radiofenix.com.ar\/2023\/wp-json\/wp\/v2\/media?parent=196561"}],"wp:term":[{"taxonomy":"category","embeddable":true,"href":"https:\/\/radiofenix.com.ar\/2023\/wp-json\/wp\/v2\/categories?post=196561"},{"taxonomy":"post_tag","embeddable":true,"href":"https:\/\/radiofenix.com.ar\/2023\/wp-json\/wp\/v2\/tags?post=196561"}],"curies":[{"name":"wp","href":"https:\/\/api.w.org\/{rel}","templated":true}]}}