{"id":196567,"date":"2024-12-13T08:57:52","date_gmt":"2024-12-13T08:57:52","guid":{"rendered":"https:\/\/radiofenix.com.ar\/2023\/la-legislatura-portena-aprobo-las-modificaciones-del-codigo-urbanistico\/"},"modified":"2024-12-13T08:57:52","modified_gmt":"2024-12-13T08:57:52","slug":"la-legislatura-portena-aprobo-las-modificaciones-del-codigo-urbanistico","status":"publish","type":"post","link":"https:\/\/radiofenix.com.ar\/2023\/la-legislatura-portena-aprobo-las-modificaciones-del-codigo-urbanistico\/","title":{"rendered":"La Legislatura porte\u00f1a aprob\u00f3 las modificaciones del C\u00f3digo Urban\u00edstico"},"content":{"rendered":"<div><!-- Body --><\/p>\n<p>En la <b>\u00faltima sesi\u00f3n<\/b> del a\u00f1o, y en el marco de una jornada marat\u00f3nica que <b>continuaba<\/b> al cierre de esta edici\u00f3n, la <b>Legislatura porte\u00f1a<\/b>\u00a0aprob\u00f3 las actualizaciones al <a href=\"https:\/\/www.pagina12.com.ar\/tags\/10707-codigo-urbanistico\">C\u00f3digo Urban\u00edstico<\/a> (CUR) luego de aprobar el <a href=\"https:\/\/www.pagina12.com.ar\/787855-avanza-en-la-legislatura-el-boleto-universitario\">boleto universitario<\/a> y la <a href=\"https:\/\/www.pagina12.com.ar\/766945-cromanon-sobrevivientes-y-familiares-de-victimas-piden-una-r\">ley de reparaci\u00f3n integral vitalicia para sobrevivientes y familiares de v\u00edctimas de Croma\u00f1\u00f3n<\/a> (ver aparte). El C\u00f3digo, que viene a modificar el de 2018, fue votado con 31votos del oficialismo y sus bloques aliados, mientras que Uni\u00f3n por la Patria (UxP) anunci\u00f3 que se abstendr\u00eda al advertir que el proyecto es \u00ab<b>insuficiente<\/b>\u00bb y no refleja una \u00ab<b>planificaci\u00f3n integral<\/b>\u00ab. Hubo entonces 18 abstenciones y 11 votos negativos.<\/p>\n<p>El inicio de la sesi\u00f3n <b>se demor\u00f3 cuatro horas<\/b>. Con <b>negociaciones <\/b>de votos y sucesivos cuartos intermedios, el temario con casi <b>200 proyectos<\/b>, resoluciones y declaraciones comenz\u00f3 a tratarse <b>reci\u00e9n pasadas las 14<\/b> cuando estaba pautado para comenzar a las 9 de la ma\u00f1ana. Cerca de las 21, con otras dilaciones de por medio, lleg\u00f3 el turno de las <b>modificaciones del CUR<\/b>, que <a href=\"https:\/\/www.pagina12.com.ar\/770699-codigo-urbanistico-los-reclamos-pendientes\">ya hab\u00edan sido aprobadas en primera lectura<\/a> y volv\u00edan al recinto luego de la <a href=\"https:\/\/www.pagina12.com.ar\/783679-lo-que-dejo-la-audiencia-publica-por-el-codigo-urbanistico\">audiencia p\u00fablica del mes pasado<\/a>. Con los votos de bloques aliados como la UCR o Confianza P\u00fablica, aunque con el rechazo de La Libertad Avanza (LLA), el oficialismo consigui\u00f3 los votos necesarios para aprobarlo. <b>Uni\u00f3n por la patria (UxP), pese a que se abstuvo en general, anunci\u00f3 que rechazar\u00eda y acompa\u00f1ar\u00eda diversos art\u00edculos en particular<\/b>.\u00a0\u00a0<\/p>\n<p>La legisladora del oficialismo <b>Paola Michielotto<\/b>\u00a0se\u00f1al\u00f3 al tomar la palabra que el nuevo CUR \u00ab<b>mejorar\u00e1 la calidad de vida de los porte\u00f1os<\/b>\u00bb y que la ciudad requiere de \u00abun desarrollo urbano m\u00e1s equilibrado que preserve la <b>identidad barrial<\/b>\u00bb y \u00abrevitalizar las \u00e1reas de menor desarrollo\u00bb. En el primer sentido destac\u00f3 dos incorporaciones: la <b>Unidad de Sustentabilidad de Altura Baja 0<\/b>, con un <b>tope de 9 metros<\/b> de altura a aplicar en sectores de barrios residenciales, y la ampliaci\u00f3n de los pulmones de manzana. En el segundo, afirm\u00f3 que se lograr\u00e1 con la figura de la \u00ab<b>capacidad constructiva adicional<\/b>\u00bb que prev\u00e9 <b>otorgar metros de constructividad en el sur<\/b> a los desarrolladores que, por ejemplo, construyan en el norte.\u00a0<\/p>\n<p>Desde UxP, el diputado <b>Mat\u00edas Barroetave\u00f1a<\/b> asegur\u00f3 que el C\u00f3digo es \u00ab<b>insuficiente porque no planifica<\/b>, por ejemplo, sin tomar en cuenta la movilidad, pero\u00a0<b>se ha mejorado con la participaci\u00f3n de los vecinos<\/b> y con posibilidades de di\u00e1logo\u00bb. \u00abLlegamos a este momento despu\u00e9s de lo que sucedi\u00f3 con el <b>CUR de 2018<\/b> con esa idea de que se puede <b>densificar la ciudad<\/b> y hoy seguimos teniendo los <b>problemas de antes pero agravados<\/b>\u00ab, sostuvo y advirti\u00f3 sobre la \u00abdificultad para <b>acceder a vivienda<\/b>, que necesita de ideas que est\u00e1n dando vueltas y pueden generar consensos\u00bb.<\/p>\n<p><b>Claudia Neira<\/b> (UxP), por su parte, asegur\u00f3 que \u00ablo m\u00e1s preocupante es que detr\u00e1s de este C\u00f3digo <b>no hay una planificaci\u00f3n integral<\/b> que oriente el desarrollo urbano de la Ciudad\u00bb. Destac\u00f3 que \u00absi llegamos ac\u00e1 es porque los colectivos vecinales dijeron que el CUR de 2018 estaba <b>destrozando la ciudad<\/b>\u00bb y consiguieron \u00abalgunas <b>modificaciones positivas<\/b> al proyecto del Ejecutivo: <b>ajustes de alturas y densidades<\/b>, recuperaci\u00f3n del pulm\u00f3n de manzana, creaci\u00f3n de \u00e1reas de desarrollo prioritario\u00bb. Al cierre de la discusi\u00f3n, la oposici\u00f3n tambi\u00e9n consigui\u00f3 <b>incluir en el C\u00f3digo la protecci\u00f3n del edificio del Centro de Salud Mental N\u00b01<\/b>, que el Gobierno nacional <a href=\"https:\/\/www.pagina12.com.ar\/779969-el-gobierno-nacional-quiere-poner-en-venta-el-centro-de-salu\">hab\u00eda puesto a la venta en el marco de procesos de enajenaci\u00f3n de la AABE.\u00a0<\/a><\/p>\n<p>Neira tambi\u00e9n critic\u00f3 el instrumento de la \u00ab<b>capacidad constructiva adicional<\/b>, algo que la Ciudad no necesita y que lo \u00fanico que va a traer son nuevos problemas\u00bb. Desde la izquierda, en tanto, tambi\u00e9n advirtieron sobre ese mecanismo: \u00ab<b>Le va a otorgar a los grupos inmobiliarios una plusval\u00eda urbana muy significativa<\/b>\u00ab, sostuvo Gabriel Solano. LLA directamente rechaz\u00f3 el proyecto, pero por los motivos contrarios: \u00abNo nos comemos el cuento de la planificaci\u00f3n cuando siguen <b>limitando la libertad individual<\/b>\u00ab, asegur\u00f3 <b>Mar\u00eda del Pilar Ram\u00edrez<\/b>, quien critic\u00f3, por ejemplo, la figura de la \u00ab<b>saturaci\u00f3n de uso<\/b>\u00bb que busca limitar actividades en zonas con usos que superen lo permitido: calific\u00f3 al instrumento como un \u00ab<b>atentado contra la propiedad privada<\/b>\u00ab.\u00a0<\/p>\n<p>La diputada <b>Delfina Vel\u00e1zquez<\/b>, en tanto, hizo hincapi\u00e9 en la <b>participaci\u00f3n ciudadana<\/b>\u00a0del proyecto, al se\u00f1alar que \u00ab<b>sigue estando ausente<\/b> tanto ac\u00e1 como en la conducta general del oficialismo\u00bb. Asegur\u00f3 que las instancias de participaci\u00f3n, como las rondas por comuna que se terminaron generando, fueron \u00ab<b>arrancadas con much\u00edsima insistencia<\/b> de los bloques y de la ciudadan\u00eda\u00bb. A su vez pidi\u00f3 que el C\u00f3digo incorpore un instrumento de \u00ab<b>perspectiva ambiental<\/b> al mismo nivel de las \u00e1reas de protecci\u00f3n hist\u00f3rica\u00bb. Desde la oposici\u00f3n indicaron que el CUR fue discutido sin la aprobaci\u00f3n previa de un <b>C\u00f3digo Ambiental<\/b> y de la <b>actualizaci\u00f3n del Plan Urbano Ambiental<\/b>.\u00a0<\/p>\n<p>Antes de tratar el CUR, el oficialismo <b>no pudo avanzar con la ley de \u00abficha limpia\u00bb<\/b> para la ciudad, para la que necesitaba dos tercios del recinto. Al cierre de esta edici\u00f3n, y tras m\u00e1s de ocho horas de sesi\u00f3n, todav\u00eda buscaba votos en LLA para aprobar el <b>presupuesto 2025<\/b>.\u00a0<\/p>\n<p><!-- Live Blog Post --><\/div>\n<p><a href=\"https:\/\/www.pagina12.com.ar\/790039-la-legislatura-portena-aprobo-las-modificaciones-del-codigo-\">source<\/a><\/p>\n","protected":false},"excerpt":{"rendered":"<p>En la \u00faltima sesi\u00f3n del a\u00f1o, y en el marco de una jornada marat\u00f3nica que&#8230;<\/p>\n","protected":false},"author":0,"featured_media":196568,"comment_status":"open","ping_status":"open","sticky":false,"template":"","format":"standard","meta":{"footnotes":""},"categories":[7],"tags":[],"class_list":["post-196567","post","type-post","status-publish","format-standard","has-post-thumbnail","hentry","category-sociedad"],"featured_image_urls":{"full":["https:\/\/radiofenix.com.ar\/2023\/wp-content\/uploads\/wp-header-logo.png",0,0,false],"thumbnail":["https:\/\/radiofenix.com.ar\/2023\/wp-content\/uploads\/wp-header-logo.png",1,1,false],"medium":["https:\/\/radiofenix.com.ar\/2023\/wp-content\/uploads\/wp-header-logo.png",1,1,false],"medium_large":["https:\/\/radiofenix.com.ar\/2023\/wp-content\/uploads\/wp-header-logo.png",1,1,false],"large":["https:\/\/radiofenix.com.ar\/2023\/wp-content\/uploads\/wp-header-logo.png",1,1,false],"1536x1536":["https:\/\/radiofenix.com.ar\/2023\/wp-content\/uploads\/wp-header-logo.png",1,1,false],"2048x2048":["https:\/\/radiofenix.com.ar\/2023\/wp-content\/uploads\/wp-header-logo.png",1,1,false],"newsium-slider-full":["https:\/\/radiofenix.com.ar\/2023\/wp-content\/uploads\/wp-header-logo.png",1,1,false],"newsium-featured":["https:\/\/radiofenix.com.ar\/2023\/wp-content\/uploads\/wp-header-logo.png",1,1,false],"newsium-medium":["https:\/\/radiofenix.com.ar\/2023\/wp-content\/uploads\/wp-header-logo.png",1,1,false]},"author_info":{"info":[""]},"category_info":"<a href=\"https:\/\/radiofenix.com.ar\/2023\/category\/sociedad\/\" rel=\"category tag\">Sociedad<\/a>","tag_info":"Sociedad","comment_count":"0","_links":{"self":[{"href":"https:\/\/radiofenix.com.ar\/2023\/wp-json\/wp\/v2\/posts\/196567","targetHints":{"allow":["GET"]}}],"collection":[{"href":"https:\/\/radiofenix.com.ar\/2023\/wp-json\/wp\/v2\/posts"}],"about":[{"href":"https:\/\/radiofenix.com.ar\/2023\/wp-json\/wp\/v2\/types\/post"}],"replies":[{"embeddable":true,"href":"https:\/\/radiofenix.com.ar\/2023\/wp-json\/wp\/v2\/comments?post=196567"}],"version-history":[{"count":0,"href":"https:\/\/radiofenix.com.ar\/2023\/wp-json\/wp\/v2\/posts\/196567\/revisions"}],"wp:featuredmedia":[{"embeddable":true,"href":"https:\/\/radiofenix.com.ar\/2023\/wp-json\/wp\/v2\/media\/196568"}],"wp:attachment":[{"href":"https:\/\/radiofenix.com.ar\/2023\/wp-json\/wp\/v2\/media?parent=196567"}],"wp:term":[{"taxonomy":"category","embeddable":true,"href":"https:\/\/radiofenix.com.ar\/2023\/wp-json\/wp\/v2\/categories?post=196567"},{"taxonomy":"post_tag","embeddable":true,"href":"https:\/\/radiofenix.com.ar\/2023\/wp-json\/wp\/v2\/tags?post=196567"}],"curies":[{"name":"wp","href":"https:\/\/api.w.org\/{rel}","templated":true}]}}