{"id":196573,"date":"2024-12-13T08:57:57","date_gmt":"2024-12-13T08:57:57","guid":{"rendered":"https:\/\/radiofenix.com.ar\/2023\/causa-cuadernos-seis-anos-despues-ordenaron-pericia-al-chofer-oscar-centeno\/"},"modified":"2024-12-13T08:57:57","modified_gmt":"2024-12-13T08:57:57","slug":"causa-cuadernos-seis-anos-despues-ordenaron-pericia-al-chofer-oscar-centeno","status":"publish","type":"post","link":"https:\/\/radiofenix.com.ar\/2023\/causa-cuadernos-seis-anos-despues-ordenaron-pericia-al-chofer-oscar-centeno\/","title":{"rendered":"Causa Cuadernos: seis a\u00f1os despu\u00e9s ordenaron pericia al chofer Oscar Centeno"},"content":{"rendered":"<div id=\"\">\n<p>Tambi\u00e9n podr\u00e1n presenciar la diligencia los peritos de parte que deber\u00e1n acreditarse, previamente.<\/p>\n<h2>Imputado protegido<\/h2>\n<div contenteditable=\"false\" class=\"embed_cont type_imagen\" id=\"7969894-Libre-339764693_wrap\">\n<p>cuadernos centeno <span onclick=\"parent.parent.TinyMCETdcuerpo.preview_embed('7969894-Libre-339764693')\" class=\"embed_colapse less\" id=\"7969894-Libre-339764693_colapse\"\/>  <span onclick=\"parent.parent.TinyMCETdcuerpo.delete_embed('7969894-Libre-339764693')\" class=\"embed_delete less\" id=\"7969894-Libre-339764693_delete\"\/><\/p>\n<div id=\"7969894-Libre-339764693_content\" class=\"embed_content\"><img loading=\"lazy\" decoding=\"async\" src=\"https:\/\/media.minutouno.com\/p\/de60f1427d77006e3ec2d2e290733ed8\/adjuntos\/150\/imagenes\/041\/745\/0041745839\/cuadernos-centeno.jpg\" alt=\"\" title=\"\" width=\"610\" height=\"457\" id=\"7969894-Libre-339764693_embed\"\/><\/div>\n<\/p><\/div>\n<p>El Tribunal puso en conocimiento de la pericia al Programa Nacional de Protecci\u00f3n a Testigos e Imputados del Ministerio de Seguridad de la Naci\u00f3n, con el objeto de que se concrete el traslado de Centeno.<\/p>\n<p>Es a los efectos de que se implementen las medidas de seguridad dada la condici\u00f3n del ex chofer.<\/p>\n<p>La causa principal de los \u00abcuadernos\u201d, cuyo juicio comenzar\u00e1 a fin de 2025, se inici\u00f3 a partir de las anotaciones de Centeno. Hab\u00eda desatado en julio de 2018 un esc\u00e1ndalo de supuestos sobornos para obtener contratos en la obra p\u00fablica.<\/p>\n<p>Se la acus\u00f3 a la expresidenta Cristina Kirchner y una docena de sus ex colaboradores, adem\u00e1s de empresarios de las m\u00e1s importantes compa\u00f1\u00edas de la construcci\u00f3n, muchos de los cuales declararon como \u201carrepentidos\u201d para no quedar presos.<\/p>\n<p>Las acusaciones surgieron de Centeno, un exchofer del Ministerio de Planificaci\u00f3n que supuestamente anot\u00f3 en cuadernos los viajes que hac\u00eda con funcionarios para retirar sobornos pagados por empresarios.<\/p>\n<p>El caso fue motorizado en su momento por el fiscal Carlos Stornelli y el entonces juez Claudio Bonadio.<\/p>\n<p>Cristina Kirchner y 74 imputados comenzar\u00e1n a ser juzgados el 6 de noviembre del a\u00f1o pr\u00f3ximo.<\/p>\n<h2>Alteraciones y tachaduras<\/h2>\n<p>Uno de los empresarios acusados, Armando Loson, en un expediente paralelo logr\u00f3 probar que hubo alteraciones, sobreescrituras y tachaduras.<\/p>\n<p>En esa causa, el juez Marcelo Mart\u00ednez De Giorgi proces\u00f3 sin prisi\u00f3n preventiva a Jorge Bacigalupo, el amigo del exremisero Oscar Centeno. Lo acus\u00f3 de realizar enmiendas en algunos de los cuadernos, que registran el pago de sobornos de empresarios a funcionarios del kirchnerismo, en p\u00e1rrafos referidos a Armando Loson y Gerardo Ferreyra.<\/p>\n<p>Luego la C\u00e1mara Federal revoc\u00f3 ese procesamiento, orden\u00f3 profundizar la investigaci\u00f3n y realizar una nueva pericia sobre los originales.<\/p>\n<p>Una vez elevado a debate, el Tribunal Oral Federal 7 defini\u00f3 hacer una pericia en el marco del juicio oral que comenzar\u00e1 reci\u00e9n a fin del a\u00f1o 2025.<\/p>\n<p>La pericia se orden\u00f3 para saber si Centeno fue el autor de los manuscritos.<\/p>\n<p>La Direcci\u00f3n de Criminal\u00edstica y Estudios Forenses de la Gendarmer\u00eda Nacional analizar\u00e1 los seis cuadernos reservados y los archivos con copias digitales de las carpetas que contienen la reproducci\u00f3n de los cuadernos.<\/p>\n<p>Se deber\u00e1 establecer si los manuscritos fueron escritos por el mismo autor, si se trata de la letra de Oscar Centeno o de terceras personas. En ese caso, se deber\u00e1 precisar qu\u00e9 tramos.<\/p>\n<h2>Tel\u00e9fonos y pruebas<\/h2>\n<p>En agosto pasado, el TOF rechaz\u00f3 un pedido de la defensa de Cristina Kirchner para investigar las llamadas de los tel\u00e9fonos del fallecido juez Claudio Bonadio y el fiscal Carlos Stornelli, quienes instruyeron el caso y pusieron en su momento presos a los grandes empresarios del pa\u00eds. Hoy todos est\u00e1n en libertad.<\/p>\n<p>En tanto, habilit\u00f3 incorporar los tel\u00e9fonos del ex secretario de Obras P\u00fablicas y \u201carrepentido\u201d Jos\u00e9 L\u00f3pez, que fue una de las pruebas que se us\u00f3 en la causa de la obra p\u00fablica.<\/p>\n<p>Est\u00e1 previsto que el juicio se realice por zoom una vez por semana solo los d\u00edas jueves. Est\u00e1n citados 626 testigos.<\/p>\n<div contenteditable=\"false\" class=\"embed_cont type_freetext\" rel=\"freetext\" id=\"embed0_wrap\">\n<p>Embed <span onclick=\"parent.parent.TinyMCETdcuerpo.preview_embed('embed0')\" class=\"embed_colapse less\" id=\"embed0_colapse\"\/>  <span onclick=\"parent.parent.TinyMCETdcuerpo.delete_embed('embed0')\" class=\"embed_delete less\" id=\"embed0_delete\"\/><\/p>\n<div id=\"embed0_content\" class=\"embed_content\">\n<div id=\"embed0_embed\">\n<figure class=\"figure\"><a href=\"https:\/\/t.me\/minutounocom\" target=\"_blank\" rel=\"noopener\"><img decoding=\"async\" src=\"https:\/\/media.minutouno.com\/adjuntos\/150\/banners\/039\/099\/0039099175.jpg\" class=\"figure-img img-fluid\" style=\"width:100%;height:auto;\"\/><\/a><\/figure>\n<\/div>\n<\/div><\/div>\n<\/p><\/div>\n<p><a href=\"https:\/\/www.minutouno.com\/politica\/causa-cuadernos-seis-anos-despues-ordenaron-pericia-al-chofer-oscar-centeno-n6092263\">source<\/a><\/p>\n","protected":false},"excerpt":{"rendered":"<p>Tambi\u00e9n podr\u00e1n presenciar la diligencia los peritos de parte que deber\u00e1n acreditarse, previamente. Imputado protegido&#8230;<\/p>\n","protected":false},"author":0,"featured_media":196574,"comment_status":"open","ping_status":"open","sticky":false,"template":"","format":"standard","meta":{"footnotes":""},"categories":[2],"tags":[],"class_list":["post-196573","post","type-post","status-publish","format-standard","has-post-thumbnail","hentry","category-politica"],"featured_image_urls":{"full":["https:\/\/radiofenix.com.ar\/2023\/wp-content\/uploads\/wp-header-logo.png",0,0,false],"thumbnail":["https:\/\/radiofenix.com.ar\/2023\/wp-content\/uploads\/wp-header-logo.png",1,1,false],"medium":["https:\/\/radiofenix.com.ar\/2023\/wp-content\/uploads\/wp-header-logo.png",1,1,false],"medium_large":["https:\/\/radiofenix.com.ar\/2023\/wp-content\/uploads\/wp-header-logo.png",1,1,false],"large":["https:\/\/radiofenix.com.ar\/2023\/wp-content\/uploads\/wp-header-logo.png",1,1,false],"1536x1536":["https:\/\/radiofenix.com.ar\/2023\/wp-content\/uploads\/wp-header-logo.png",1,1,false],"2048x2048":["https:\/\/radiofenix.com.ar\/2023\/wp-content\/uploads\/wp-header-logo.png",1,1,false],"newsium-slider-full":["https:\/\/radiofenix.com.ar\/2023\/wp-content\/uploads\/wp-header-logo.png",1,1,false],"newsium-featured":["https:\/\/radiofenix.com.ar\/2023\/wp-content\/uploads\/wp-header-logo.png",1,1,false],"newsium-medium":["https:\/\/radiofenix.com.ar\/2023\/wp-content\/uploads\/wp-header-logo.png",1,1,false]},"author_info":{"info":[""]},"category_info":"<a href=\"https:\/\/radiofenix.com.ar\/2023\/category\/politica\/\" rel=\"category tag\">Pol\u00edtica<\/a>","tag_info":"Pol\u00edtica","comment_count":"0","_links":{"self":[{"href":"https:\/\/radiofenix.com.ar\/2023\/wp-json\/wp\/v2\/posts\/196573","targetHints":{"allow":["GET"]}}],"collection":[{"href":"https:\/\/radiofenix.com.ar\/2023\/wp-json\/wp\/v2\/posts"}],"about":[{"href":"https:\/\/radiofenix.com.ar\/2023\/wp-json\/wp\/v2\/types\/post"}],"replies":[{"embeddable":true,"href":"https:\/\/radiofenix.com.ar\/2023\/wp-json\/wp\/v2\/comments?post=196573"}],"version-history":[{"count":0,"href":"https:\/\/radiofenix.com.ar\/2023\/wp-json\/wp\/v2\/posts\/196573\/revisions"}],"wp:featuredmedia":[{"embeddable":true,"href":"https:\/\/radiofenix.com.ar\/2023\/wp-json\/wp\/v2\/media\/196574"}],"wp:attachment":[{"href":"https:\/\/radiofenix.com.ar\/2023\/wp-json\/wp\/v2\/media?parent=196573"}],"wp:term":[{"taxonomy":"category","embeddable":true,"href":"https:\/\/radiofenix.com.ar\/2023\/wp-json\/wp\/v2\/categories?post=196573"},{"taxonomy":"post_tag","embeddable":true,"href":"https:\/\/radiofenix.com.ar\/2023\/wp-json\/wp\/v2\/tags?post=196573"}],"curies":[{"name":"wp","href":"https:\/\/api.w.org\/{rel}","templated":true}]}}