{"id":196579,"date":"2024-12-13T19:56:02","date_gmt":"2024-12-13T19:56:02","guid":{"rendered":"https:\/\/radiofenix.com.ar\/2023\/es-ley-la-reparacion-vitalicia-para-familiares-y-sobrevivientes-de-cromanon\/"},"modified":"2024-12-13T19:56:02","modified_gmt":"2024-12-13T19:56:02","slug":"es-ley-la-reparacion-vitalicia-para-familiares-y-sobrevivientes-de-cromanon","status":"publish","type":"post","link":"https:\/\/radiofenix.com.ar\/2023\/es-ley-la-reparacion-vitalicia-para-familiares-y-sobrevivientes-de-cromanon\/","title":{"rendered":"Es ley la reparaci\u00f3n &quot;vitalicia&quot; para familiares y sobrevivientes de Croma\u00f1\u00f3n"},"content":{"rendered":"<div><!-- Body --><\/p>\n<p>A semanas de que se cumplan <b>veinte a\u00f1os<\/b> de la masacre de <b>Croma\u00f1\u00f3n<\/b>, la Legislatura porte\u00f1a aprob\u00f3 por <b>amplia mayor\u00eda<\/b> el proyecto para transformar en <b>vitalicia la asistencia econ\u00f3mica<\/b> a los sobrevivientes y familiares de v\u00edctimas. Hasta ahora la reparaci\u00f3n era <b>provisoria<\/b>, por lo que las organizaciones ten\u00edan que luchar cada tres a\u00f1os para aprobar sucesivas pr\u00f3rrogas.\u00a0<\/p>\n<p>El proyecto, que tambi\u00e9n <b>reemplaza el concepto \u00abtragedia\u00bb por el de \u00abmasacre\u00bb<\/b>, estipula la <b>reapertura del padr\u00f3n<\/b> de la reparaci\u00f3n, que adem\u00e1s de la asistencia econ\u00f3mica comprende programas de salud, salud mental y educaci\u00f3n.<\/p>\n<p>Las organizaciones denunciaban que el padr\u00f3n hab\u00eda quedado muy <b>retrasado <\/b>con sobrevivientes y familiares sin acceder. Aunque se logr\u00f3 la reapertura, sin embargo, la oposici\u00f3n y las organizaciones denunciaron que sigue siendo <b>limitada<\/b>: s\u00f3lo se podr\u00e1n inscribir quienes hayan accedido a programas de salud por las secuelas de la masacre <b>hasta agosto<\/b> de este a\u00f1o.\u00a0<\/p>\n<p>UxP y la izquierda buscaron hasta el momento de la votaci\u00f3n que eso se extendiera <b>hasta diciembre<\/b>, pero el oficialismo no acept\u00f3 esa modificaci\u00f3n. La ley se aprob\u00f3 casi por unanimidad, con la excepci\u00f3n del voto de <b>Yamil Santoro<\/b>, quien rechaz\u00f3 el car\u00e1cter vitalicio de la asistencia al considerarla un \u00ab<b>privilegio ilegal<\/b>\u00ab.\u00a0<\/p>\n<p><!-- Live Blog Post --><\/div>\n<p><a href=\"https:\/\/www.pagina12.com.ar\/790031-es-ley-la-reparacion-vitalicia-para-familiares-y-sobrevivien\">source<\/a><\/p>\n","protected":false},"excerpt":{"rendered":"<p>A semanas de que se cumplan veinte a\u00f1os de la masacre de Croma\u00f1\u00f3n, la Legislatura&#8230;<\/p>\n","protected":false},"author":0,"featured_media":196580,"comment_status":"open","ping_status":"open","sticky":false,"template":"","format":"standard","meta":{"footnotes":""},"categories":[7],"tags":[],"class_list":["post-196579","post","type-post","status-publish","format-standard","has-post-thumbnail","hentry","category-sociedad"],"featured_image_urls":{"full":["https:\/\/radiofenix.com.ar\/2023\/wp-content\/uploads\/wp-header-logo.png",0,0,false],"thumbnail":["https:\/\/radiofenix.com.ar\/2023\/wp-content\/uploads\/wp-header-logo.png",1,1,false],"medium":["https:\/\/radiofenix.com.ar\/2023\/wp-content\/uploads\/wp-header-logo.png",1,1,false],"medium_large":["https:\/\/radiofenix.com.ar\/2023\/wp-content\/uploads\/wp-header-logo.png",1,1,false],"large":["https:\/\/radiofenix.com.ar\/2023\/wp-content\/uploads\/wp-header-logo.png",1,1,false],"1536x1536":["https:\/\/radiofenix.com.ar\/2023\/wp-content\/uploads\/wp-header-logo.png",1,1,false],"2048x2048":["https:\/\/radiofenix.com.ar\/2023\/wp-content\/uploads\/wp-header-logo.png",1,1,false],"newsium-slider-full":["https:\/\/radiofenix.com.ar\/2023\/wp-content\/uploads\/wp-header-logo.png",1,1,false],"newsium-featured":["https:\/\/radiofenix.com.ar\/2023\/wp-content\/uploads\/wp-header-logo.png",1,1,false],"newsium-medium":["https:\/\/radiofenix.com.ar\/2023\/wp-content\/uploads\/wp-header-logo.png",1,1,false]},"author_info":{"info":[""]},"category_info":"<a href=\"https:\/\/radiofenix.com.ar\/2023\/category\/sociedad\/\" rel=\"category tag\">Sociedad<\/a>","tag_info":"Sociedad","comment_count":"0","_links":{"self":[{"href":"https:\/\/radiofenix.com.ar\/2023\/wp-json\/wp\/v2\/posts\/196579","targetHints":{"allow":["GET"]}}],"collection":[{"href":"https:\/\/radiofenix.com.ar\/2023\/wp-json\/wp\/v2\/posts"}],"about":[{"href":"https:\/\/radiofenix.com.ar\/2023\/wp-json\/wp\/v2\/types\/post"}],"replies":[{"embeddable":true,"href":"https:\/\/radiofenix.com.ar\/2023\/wp-json\/wp\/v2\/comments?post=196579"}],"version-history":[{"count":0,"href":"https:\/\/radiofenix.com.ar\/2023\/wp-json\/wp\/v2\/posts\/196579\/revisions"}],"wp:featuredmedia":[{"embeddable":true,"href":"https:\/\/radiofenix.com.ar\/2023\/wp-json\/wp\/v2\/media\/196580"}],"wp:attachment":[{"href":"https:\/\/radiofenix.com.ar\/2023\/wp-json\/wp\/v2\/media?parent=196579"}],"wp:term":[{"taxonomy":"category","embeddable":true,"href":"https:\/\/radiofenix.com.ar\/2023\/wp-json\/wp\/v2\/categories?post=196579"},{"taxonomy":"post_tag","embeddable":true,"href":"https:\/\/radiofenix.com.ar\/2023\/wp-json\/wp\/v2\/tags?post=196579"}],"curies":[{"name":"wp","href":"https:\/\/api.w.org\/{rel}","templated":true}]}}