{"id":196581,"date":"2024-12-13T19:56:04","date_gmt":"2024-12-13T19:56:04","guid":{"rendered":"https:\/\/radiofenix.com.ar\/2023\/por-que-central-cordoba-saco-a-boca-de-la-fase-de-grupos-de-copa-libertadores-2025\/"},"modified":"2024-12-13T19:56:04","modified_gmt":"2024-12-13T19:56:04","slug":"por-que-central-cordoba-saco-a-boca-de-la-fase-de-grupos-de-copa-libertadores-2025","status":"publish","type":"post","link":"https:\/\/radiofenix.com.ar\/2023\/por-que-central-cordoba-saco-a-boca-de-la-fase-de-grupos-de-copa-libertadores-2025\/","title":{"rendered":"\u00bfPor qu\u00e9 Central C\u00f3rdoba sac\u00f3 a Boca de la fase de grupos de Copa Libertadores 2025?"},"content":{"rendered":"<p>El equipo de Fernando Gago est\u00e1 quinto en la tabla anual y necesita que se libere otro cupo para no tener que conformarse con jugar la Copa Sudamericana de nuevo.<br \/><a href=\"https:\/\/www.pagina12.com.ar\/789847-por-que-central-cordoba-saco-a-boca-de-la-fase-de-grupos-de-\">source<\/a><\/p>\n","protected":false},"excerpt":{"rendered":"<p>El equipo de Fernando Gago est\u00e1 quinto en la tabla anual y necesita que se&#8230;<\/p>\n","protected":false},"author":0,"featured_media":196582,"comment_status":"open","ping_status":"open","sticky":false,"template":"","format":"standard","meta":{"footnotes":""},"categories":[3],"tags":[],"class_list":["post-196581","post","type-post","status-publish","format-standard","has-post-thumbnail","hentry","category-deportes"],"featured_image_urls":{"full":["https:\/\/radiofenix.com.ar\/2023\/wp-content\/uploads\/wp-header-logo.png",0,0,false],"thumbnail":["https:\/\/radiofenix.com.ar\/2023\/wp-content\/uploads\/wp-header-logo.png",1,1,false],"medium":["https:\/\/radiofenix.com.ar\/2023\/wp-content\/uploads\/wp-header-logo.png",1,1,false],"medium_large":["https:\/\/radiofenix.com.ar\/2023\/wp-content\/uploads\/wp-header-logo.png",1,1,false],"large":["https:\/\/radiofenix.com.ar\/2023\/wp-content\/uploads\/wp-header-logo.png",1,1,false],"1536x1536":["https:\/\/radiofenix.com.ar\/2023\/wp-content\/uploads\/wp-header-logo.png",1,1,false],"2048x2048":["https:\/\/radiofenix.com.ar\/2023\/wp-content\/uploads\/wp-header-logo.png",1,1,false],"newsium-slider-full":["https:\/\/radiofenix.com.ar\/2023\/wp-content\/uploads\/wp-header-logo.png",1,1,false],"newsium-featured":["https:\/\/radiofenix.com.ar\/2023\/wp-content\/uploads\/wp-header-logo.png",1,1,false],"newsium-medium":["https:\/\/radiofenix.com.ar\/2023\/wp-content\/uploads\/wp-header-logo.png",1,1,false]},"author_info":{"info":[""]},"category_info":"<a href=\"https:\/\/radiofenix.com.ar\/2023\/category\/deportes\/\" rel=\"category tag\">Deportes<\/a>","tag_info":"Deportes","comment_count":"0","_links":{"self":[{"href":"https:\/\/radiofenix.com.ar\/2023\/wp-json\/wp\/v2\/posts\/196581","targetHints":{"allow":["GET"]}}],"collection":[{"href":"https:\/\/radiofenix.com.ar\/2023\/wp-json\/wp\/v2\/posts"}],"about":[{"href":"https:\/\/radiofenix.com.ar\/2023\/wp-json\/wp\/v2\/types\/post"}],"replies":[{"embeddable":true,"href":"https:\/\/radiofenix.com.ar\/2023\/wp-json\/wp\/v2\/comments?post=196581"}],"version-history":[{"count":0,"href":"https:\/\/radiofenix.com.ar\/2023\/wp-json\/wp\/v2\/posts\/196581\/revisions"}],"wp:featuredmedia":[{"embeddable":true,"href":"https:\/\/radiofenix.com.ar\/2023\/wp-json\/wp\/v2\/media\/196582"}],"wp:attachment":[{"href":"https:\/\/radiofenix.com.ar\/2023\/wp-json\/wp\/v2\/media?parent=196581"}],"wp:term":[{"taxonomy":"category","embeddable":true,"href":"https:\/\/radiofenix.com.ar\/2023\/wp-json\/wp\/v2\/categories?post=196581"},{"taxonomy":"post_tag","embeddable":true,"href":"https:\/\/radiofenix.com.ar\/2023\/wp-json\/wp\/v2\/tags?post=196581"}],"curies":[{"name":"wp","href":"https:\/\/api.w.org\/{rel}","templated":true}]}}