{"id":196585,"date":"2024-12-13T19:56:08","date_gmt":"2024-12-13T19:56:08","guid":{"rendered":"https:\/\/radiofenix.com.ar\/2023\/el-gobierno-le-respondio-a-oscar-parrilli-por-la-situacion-de-kueider-no-tenemos-miedo\/"},"modified":"2024-12-13T19:56:08","modified_gmt":"2024-12-13T19:56:08","slug":"el-gobierno-le-respondio-a-oscar-parrilli-por-la-situacion-de-kueider-no-tenemos-miedo","status":"publish","type":"post","link":"https:\/\/radiofenix.com.ar\/2023\/el-gobierno-le-respondio-a-oscar-parrilli-por-la-situacion-de-kueider-no-tenemos-miedo\/","title":{"rendered":"El Gobierno le respondi\u00f3 a Oscar Parrilli por la situaci\u00f3n de Kueider: &quot;No tenemos miedo&quot;"},"content":{"rendered":"<div id=\"\">\n<p>Quien sali\u00f3 a responderle a Parrilli fue el vocero presidencial,<strong> Manuel Adorni:<\/strong> <span class=\"saysCMSEmphasis\" id=\"saysCMSEmphasiscbe5n61ajj5\">\u201cNosotros no le tenemos miedo a nadie, mucho menos a un corrupto\u201d<\/span>, expres\u00f3 de forma contundente al brindar su habitual conferencia de prensa en Casa Rosada.<\/p>\n<p><strong>\u201cLo que diga Parrilli la verdad que no le importa a nadie\u201d,<\/strong> consider\u00f3 Adorni y aclar\u00f3: <strong>\u201cNo s\u00e9 de qu\u00e9 tendr\u00edamos que tener miedo, \u00bfde que un corrupto hable? cuando adem\u00e1s pertenece a su espacio y tiene el kirchnerismo en la sangre. As\u00ed que no veo cu\u00e1l ser\u00eda el miedo que deber\u00edamos tener\u201d<\/strong>.<\/p>\n<p>\u201cNosotros no tenemos miedo a nadie, mucho menos vamos a tener miedo de que una persona con, al menos, presunci\u00f3n de corrupci\u00f3n y de quien no hemos entendido bien c\u00f3mo andaba con ese dinero encima, adem\u00e1s de las causas abiertas que tiene y de que est\u00e1 preso en el pa\u00eds vecino. No entiendo qu\u00e9 nos podr\u00eda dar miedo de una persona as\u00ed\u201d, dijo el vocero presidencial.<\/p>\n<p>Y lanz\u00f3: \u201cEn tal caso, <span class=\"saysCMSEmphasis\" id=\"saysCMSEmphasisf8epglak2d4\">Parrilli tiene la misma o una situaci\u00f3n semejante a la del senador Kueider.<\/span> As\u00ed que lo que diga Parrilli nos interesa poco. Claramente no le tenemos miedo, mucho menos a un corrupto\u201d.<\/p>\n<p>Dicho esto, Adorni reiter\u00f3 que <strong>\u201ctiene que quedar claro que a nosotros nos interesa depurar de corruptos el Congreso Nacional\u201d. <\/strong>\u201cLo hemos dicho siempre, no es una novedad. Previo incluso a que el Presidente sea diputado. <strong>Creo que es el deseo de todos \u00bfno? Que se depure el Congreso de corruptos\u201d<\/strong>, cerr\u00f3 el vocero.<\/p>\n<p>Esta semana, el <a href=\"https:\/\/www.minutouno.com\/politica\/el-partido-justicialista-rios-expulso-edgardo-kueider-n6091518\" target=\"_blank\" rel=\"follow noopener\" title=\"El Partido Justicialista de Entre R\u00edos expuls\u00f3 a Edgardo Kueider\"> Partido Justicialista (PJ) de Entre R\u00edos ech\u00f3 a Edgardo Kueider <\/a>de ese espacio pol\u00edtico varios d\u00edas despu\u00e9s de que el senador nacional sea detenido en Paraguay e imputado por <strong>\u201ctentativa de contrabando\u201d<\/strong>.<\/p>\n<p><strong>Las cr\u00edticas de la oposici\u00f3n a Kueider pesaban desde su voto positivo para la aprobaci\u00f3n de la Ley Bases. <\/strong>Si bien asumi\u00f3 como senador en representaci\u00f3n del kirchnerismo, abandon\u00f3 Uni\u00f3n por la Patria en 2022 y conform\u00f3 el bloque peronista Unidad Federal.<\/p>\n<p>\u201cDesde este Consejo advertimos en su momento que la posici\u00f3n del senador frente al gobierno de (el presidente Javier) Milei y, particularmente, su apoyo a una ley (Bases) tan nociva a los intereses de la Naci\u00f3n, c<strong>ontradec\u00eda la doctrina, los valores y las m\u00e1ximas del peronismo<\/strong>\u201d, sostuvieron las autoridades del PJ.<\/p>\n<p>En un comunicado, informaron que, luego de un \u201creclamo masivo de las bases y \u00f3rganos partidarios departamentales y locales\u201d llegaron \u201c a la resoluci\u00f3n de expulsar a Edgardo Dar\u00edo Kueider del Partido Justicialista de Entre R\u00edos por el incumplimiento de las obligaciones partidarias, por inconductas, indisciplinas y violaci\u00f3n de principios y resoluciones de los organismos partidarios\u201d.<\/p>\n<div contenteditable=\"false\" class=\"embed_cont type_freetext\" rel=\"freetext\" id=\"embed65_wrap\">\n<p>Embed <span onclick=\"parent.parent.TinyMCETdcuerpo.preview_embed('embed65')\" class=\"embed_colapse less\" id=\"embed65_colapse\"\/>  <span onclick=\"parent.parent.TinyMCETdcuerpo.delete_embed('embed65')\" class=\"embed_delete less\" id=\"embed65_delete\"\/><\/p>\n<div id=\"embed65_content\" class=\"embed_content\">\n<div id=\"embed65_embed\">\n<figure class=\"figure\"><a href=\"https:\/\/t.me\/minutounocom\" target=\"_blank\" rel=\"noopener\"><img decoding=\"async\" src=\"https:\/\/media.minutouno.com\/adjuntos\/150\/banners\/039\/099\/0039099175.jpg\" class=\"figure-img img-fluid\" style=\"width:100%;height:auto;\"\/><\/a><\/figure>\n<\/div>\n<\/div><\/div>\n<\/p><\/div>\n<p><a href=\"https:\/\/www.minutouno.com\/politica\/el-gobierno-le-respondio-oscar-parrilli-la-situacion-kueider-no-tenemos-miedo-n6092383\">source<\/a><\/p>\n","protected":false},"excerpt":{"rendered":"<p>Quien sali\u00f3 a responderle a Parrilli fue el vocero presidencial, Manuel Adorni: \u201cNosotros no le&#8230;<\/p>\n","protected":false},"author":0,"featured_media":196586,"comment_status":"open","ping_status":"open","sticky":false,"template":"","format":"standard","meta":{"footnotes":""},"categories":[2],"tags":[],"class_list":["post-196585","post","type-post","status-publish","format-standard","has-post-thumbnail","hentry","category-politica"],"featured_image_urls":{"full":["https:\/\/radiofenix.com.ar\/2023\/wp-content\/uploads\/wp-header-logo.png",0,0,false],"thumbnail":["https:\/\/radiofenix.com.ar\/2023\/wp-content\/uploads\/wp-header-logo.png",1,1,false],"medium":["https:\/\/radiofenix.com.ar\/2023\/wp-content\/uploads\/wp-header-logo.png",1,1,false],"medium_large":["https:\/\/radiofenix.com.ar\/2023\/wp-content\/uploads\/wp-header-logo.png",1,1,false],"large":["https:\/\/radiofenix.com.ar\/2023\/wp-content\/uploads\/wp-header-logo.png",1,1,false],"1536x1536":["https:\/\/radiofenix.com.ar\/2023\/wp-content\/uploads\/wp-header-logo.png",1,1,false],"2048x2048":["https:\/\/radiofenix.com.ar\/2023\/wp-content\/uploads\/wp-header-logo.png",1,1,false],"newsium-slider-full":["https:\/\/radiofenix.com.ar\/2023\/wp-content\/uploads\/wp-header-logo.png",1,1,false],"newsium-featured":["https:\/\/radiofenix.com.ar\/2023\/wp-content\/uploads\/wp-header-logo.png",1,1,false],"newsium-medium":["https:\/\/radiofenix.com.ar\/2023\/wp-content\/uploads\/wp-header-logo.png",1,1,false]},"author_info":{"info":[""]},"category_info":"<a href=\"https:\/\/radiofenix.com.ar\/2023\/category\/politica\/\" rel=\"category tag\">Pol\u00edtica<\/a>","tag_info":"Pol\u00edtica","comment_count":"0","_links":{"self":[{"href":"https:\/\/radiofenix.com.ar\/2023\/wp-json\/wp\/v2\/posts\/196585","targetHints":{"allow":["GET"]}}],"collection":[{"href":"https:\/\/radiofenix.com.ar\/2023\/wp-json\/wp\/v2\/posts"}],"about":[{"href":"https:\/\/radiofenix.com.ar\/2023\/wp-json\/wp\/v2\/types\/post"}],"replies":[{"embeddable":true,"href":"https:\/\/radiofenix.com.ar\/2023\/wp-json\/wp\/v2\/comments?post=196585"}],"version-history":[{"count":0,"href":"https:\/\/radiofenix.com.ar\/2023\/wp-json\/wp\/v2\/posts\/196585\/revisions"}],"wp:featuredmedia":[{"embeddable":true,"href":"https:\/\/radiofenix.com.ar\/2023\/wp-json\/wp\/v2\/media\/196586"}],"wp:attachment":[{"href":"https:\/\/radiofenix.com.ar\/2023\/wp-json\/wp\/v2\/media?parent=196585"}],"wp:term":[{"taxonomy":"category","embeddable":true,"href":"https:\/\/radiofenix.com.ar\/2023\/wp-json\/wp\/v2\/categories?post=196585"},{"taxonomy":"post_tag","embeddable":true,"href":"https:\/\/radiofenix.com.ar\/2023\/wp-json\/wp\/v2\/tags?post=196585"}],"curies":[{"name":"wp","href":"https:\/\/api.w.org\/{rel}","templated":true}]}}