{"id":196589,"date":"2024-12-13T21:14:48","date_gmt":"2024-12-13T21:14:48","guid":{"rendered":"https:\/\/radiofenix.com.ar\/2023\/un-diagnostico-global-sobre-la-crisis-de-deuda\/"},"modified":"2024-12-13T21:14:48","modified_gmt":"2024-12-13T21:14:48","slug":"un-diagnostico-global-sobre-la-crisis-de-deuda","status":"publish","type":"post","link":"https:\/\/radiofenix.com.ar\/2023\/un-diagnostico-global-sobre-la-crisis-de-deuda\/","title":{"rendered":"Un diagn\u00f3stico global sobre la crisis de deuda"},"content":{"rendered":"<div><!-- Body --><\/p>\n<p>Con el Papa Francisco a la cabeza y la participaci\u00f3n del ex ministro Mart\u00edn Guzm\u00e1n y el Nobel Joseph Stiglitz, un grupo de expertos acad\u00e9micos, profesionales, ministros de finanzas,<br \/>\nlegisladores, autoridades de instituciones financieras internacionales, l\u00edderes<br \/>\nreligiosos y expertos de organizaciones de la sociedad civil se reunieron en la<br \/>\nAcademia Pontificia de Ciencias Sociales (PASS, por sus siglas en ingl\u00e9s) en la<br \/>\nCiudad del Vaticano para discutir la situaci\u00f3n actual de la<br \/>\ndeuda, especialmente en el Hemisferio Sur.\u00a0<\/p>\n<p>En este escenario, el equipo elev\u00f3 un diagn\u00f3stico y una serie de propuestas dirigidas, sobre todo, a pa\u00edses con serias crisis de deuda. \u00abLa resoluci\u00f3n de una crisis macroecon\u00f3mica de deuda implica una distribuci\u00f3n de p\u00e9rdidas, un proceso generalmente asociado con conflictos. El proceso para resolver estos conflictos var\u00eda si es entre pa\u00edses (como en la Iniciativa para los Pa\u00edses Pobres Altamente Endeudados para el alivio de deuda) o entre un pa\u00eds y el sector privado\u00bb, apuntaron en el inicio.\u00a0<\/p>\n<p>En esa l\u00ednea, destacaron que \u00abbajo la actual y deficiente arquitectura financiera internacional, sin un mecanismo internacional para la reestructuraci\u00f3n de deudas soberanas, los asuntos suelen resolverse de manera sub\u00f3ptima. El sector privado utiliza el temor al incumplimiento como una herramienta para negociar t\u00e9rminos que sirven a sus propios intereses, pero que a menudo resultan insostenibles para el pa\u00eds, imponiendo altos costos al pa\u00eds deudor, costos que a menudo son asumidos por aquellos menos capaces de hacerlo\u00bb.\u00a0<\/p>\n<h2>\u00abUn sentido de solidaridad\u00bb<\/h2>\n<p>En la situaci\u00f3n actual, precisaron entre las conclusiones, \u00aby con la actual y deficiente arquitectura financiera internacional para la resoluci\u00f3n de crisis de deuda soberana, un sentido de solidaridad de los m\u00e1s poderosos ser\u00e1 un determinante importante de si ser\u00e1 posible alcanzar resoluciones de deuda que permitan a los ciudadanos de los pa\u00edses en crisis recuperar la esperanza en el a\u00f1o del Jubileo\u00bb.\u00a0<\/p>\n<p>En su discurso, el Papa Francisco reiter\u00f3 que \u00abson los principios de justicia y solidaridad los que llevar\u00e1n a encontrar. En este camino, es esencial actuar con buena fe y con verdad, siguiendo un c\u00f3digo de conducta internacional con est\u00e1ndares \u00e9ticos que puedan guiar el di\u00e1logo entre las partes\u00bb. Adem\u00e1s, el Sumo Pont\u00edfice hizo un llamado a un mecanismo internacional para la reestructuraci\u00f3n de deudas soberanas, \u00abbasado en la solidaridad y la armon\u00eda de los pueblos, que tome en cuenta la naturaleza global del problema y sus implicaciones econ\u00f3micas, financieras y sociales\u00bb.<\/p>\n<p>Por todo esto, los economistas refirieron que \u00abes esencial reformar la arquitectura financiera internacional, no s\u00f3lo para facilitar resoluciones de deuda justas y eficientes, sino tambi\u00e9n para proporcionar un mayor acceso a los fondos que resultan esenciales para el crecimiento y el desarrollo de maneras que permitan reducir la frecuencia y la gravedad de las recurrentes crisis de deuda que han plagado al mundo\u00bb.\u00a0<\/p>\n<h2>Pagar, la peor opci\u00f3n\u00a0<\/h2>\n<p>Entre las propuestas de qu\u00e9 hacer, el grupo asegur\u00f3 que \u00abcuando un pa\u00eds incumple, los conflictos entre los acreedores y entre estos y el deudor a menudo generan situaciones en las que todos terminan peor que si se hubiera organizado una reestructuraci\u00f3n de deuda de manera m\u00e1s ordenada\u00bb. Y agregaron que \u00abla alternativa, es decir, continuar pagando deudas insostenibles emitidas a altas tasas de inter\u00e9s (que reconocen y crean el riesgo de incumplimiento), es generalmente la peor de todas las opciones posibles\u00bb.<\/p>\n<p>Tambi\u00e9n especifican que \u00abest\u00e1 claro que las mejoras contractuales, como las cl\u00e1usulas de acci\u00f3n colectiva, las cuales facilitan la agregaci\u00f3n de acreedores en los procesos de reestructuraci\u00f3n de deudas soberanas, aunque \u00fatiles, son en gran medida insuficientes para resolver los conflictos que deben abordarse en las crisis de deuda\u00bb. All\u00ed, destacan que \u00abla postura del FMI (su an\u00e1lisis de sostenibilidad de deuda -DSA- y sus pol\u00edticas de deuda) impacta en el poder de negociaci\u00f3n de las diferentes partes y, por lo tanto, es un determinante principal de los resultados de la deuda. Dicha postura generalmente est\u00e1 influenciada por el poder ejercido a trav\u00e9s de sus accionistas\u00bb.\u00a0<\/p>\n<h2>Los n\u00fameros del fen\u00f3meno<\/h2>\n<p>El trabajo presentado en el Vaticano destac\u00f3 que los problemas de pa\u00edses con deuda tienen \u00abcifras que son alarmantes\u00bb. Para detalla el tema, aportan datos de la UNCTAD, que muestran que m\u00e1s de 54 pa\u00edses gastan m\u00e1s del 10% de sus ingresos fiscales en intereses de la deuda. La carga promedio de los intereses como porcentaje de los ingresos fiscales para las naciones en desarrollo aument\u00f3 m\u00e1s del 50% con respecto a 2015. 3.300 millones de personas viven en pa\u00edses que gastan m\u00e1s en el servicio de la deuda que en salud, y 2.100 millones en pa\u00edses que gastan m\u00e1s en el servicio de la deuda que en educaci\u00f3n. En este contexto, estos pa\u00edses no pueden realizar las inversiones necesarias para la transici\u00f3n verde. Este no es un camino hacia un desarrollo humano y social global equitativo.<\/p>\n<p>\u00abLa situaci\u00f3n actual es otro ejemplo m\u00e1s de una asimetr\u00eda bien conocida en los mercados financieros globales: los flujos de capital son proc\u00edclicos para las econom\u00edas en desarrollo y contrac\u00edclicos para las econom\u00edas avanzadas\u00bb, destacaron. Esto significa -afirmaron- que el capital fluye de las econom\u00edas avanzadas hacia las econom\u00edas en desarrollo en tiempos favorables a nivel global, pero los flujos se revierten cuando hay choques globales negativos.\u00a0<\/p>\n<p>Asimismo, \u00abel\u00a0capital privado fluy\u00f3 desde el sector privado occidental hacia pa\u00edses de ingresos bajos y medios bajos (LLMIC, por sus siglas en ingl\u00e9s) despu\u00e9s del rescate del sistema bancario estadounidense tras el colapso del banco de inversi\u00f3n Lehman Brothers en 2008. En un contexto de tasas de inter\u00e9s cercanas a cero en las econom\u00edas avanzadas, los gestores de capital privado buscaron rendimientos en otros lugares y ofrecieron financiamiento a tasas de inter\u00e9s altas con vencimientos a corto plazo a pa\u00edses menos desarrollados\u00bb.\u00a0<\/p>\n<p>En esa l\u00ednea, concluyeron que \u00ablos gobiernos en esos pa\u00edses tambi\u00e9n estaban ansiosos por endeudarse. Sin embargo, esos flujos no facilitaron una mayor inversi\u00f3n pro-desarrollo; para que ese hubiera sido el caso, esos flujos tendr\u00edan que haber sido m\u00e1s estables, baratos y con vencimientos m\u00e1s largos. Por ejemplo, las inversiones en educaci\u00f3n eventualmente resultan en una mayor productividad econ\u00f3mica, pero toma m\u00e1s de una o dos d\u00e9cadas para que esos resultados sean visibles\u00bb.\u00a0<\/p>\n<p><!-- Live Blog Post --><\/div>\n<p><a href=\"https:\/\/www.pagina12.com.ar\/790208-un-diagnostico-global-sobre-la-crisis-de-deuda\">source<\/a><\/p>\n","protected":false},"excerpt":{"rendered":"<p>Con el Papa Francisco a la cabeza y la participaci\u00f3n del ex ministro Mart\u00edn Guzm\u00e1n&#8230;<\/p>\n","protected":false},"author":0,"featured_media":196590,"comment_status":"open","ping_status":"open","sticky":false,"template":"","format":"standard","meta":{"footnotes":""},"categories":[5],"tags":[],"class_list":["post-196589","post","type-post","status-publish","format-standard","has-post-thumbnail","hentry","category-economia"],"featured_image_urls":{"full":["https:\/\/radiofenix.com.ar\/2023\/wp-content\/uploads\/wp-header-logo.png",0,0,false],"thumbnail":["https:\/\/radiofenix.com.ar\/2023\/wp-content\/uploads\/wp-header-logo.png",1,1,false],"medium":["https:\/\/radiofenix.com.ar\/2023\/wp-content\/uploads\/wp-header-logo.png",1,1,false],"medium_large":["https:\/\/radiofenix.com.ar\/2023\/wp-content\/uploads\/wp-header-logo.png",1,1,false],"large":["https:\/\/radiofenix.com.ar\/2023\/wp-content\/uploads\/wp-header-logo.png",1,1,false],"1536x1536":["https:\/\/radiofenix.com.ar\/2023\/wp-content\/uploads\/wp-header-logo.png",1,1,false],"2048x2048":["https:\/\/radiofenix.com.ar\/2023\/wp-content\/uploads\/wp-header-logo.png",1,1,false],"newsium-slider-full":["https:\/\/radiofenix.com.ar\/2023\/wp-content\/uploads\/wp-header-logo.png",1,1,false],"newsium-featured":["https:\/\/radiofenix.com.ar\/2023\/wp-content\/uploads\/wp-header-logo.png",1,1,false],"newsium-medium":["https:\/\/radiofenix.com.ar\/2023\/wp-content\/uploads\/wp-header-logo.png",1,1,false]},"author_info":{"info":[""]},"category_info":"<a href=\"https:\/\/radiofenix.com.ar\/2023\/category\/economia\/\" rel=\"category tag\">Economia<\/a>","tag_info":"Economia","comment_count":"0","_links":{"self":[{"href":"https:\/\/radiofenix.com.ar\/2023\/wp-json\/wp\/v2\/posts\/196589","targetHints":{"allow":["GET"]}}],"collection":[{"href":"https:\/\/radiofenix.com.ar\/2023\/wp-json\/wp\/v2\/posts"}],"about":[{"href":"https:\/\/radiofenix.com.ar\/2023\/wp-json\/wp\/v2\/types\/post"}],"replies":[{"embeddable":true,"href":"https:\/\/radiofenix.com.ar\/2023\/wp-json\/wp\/v2\/comments?post=196589"}],"version-history":[{"count":0,"href":"https:\/\/radiofenix.com.ar\/2023\/wp-json\/wp\/v2\/posts\/196589\/revisions"}],"wp:featuredmedia":[{"embeddable":true,"href":"https:\/\/radiofenix.com.ar\/2023\/wp-json\/wp\/v2\/media\/196590"}],"wp:attachment":[{"href":"https:\/\/radiofenix.com.ar\/2023\/wp-json\/wp\/v2\/media?parent=196589"}],"wp:term":[{"taxonomy":"category","embeddable":true,"href":"https:\/\/radiofenix.com.ar\/2023\/wp-json\/wp\/v2\/categories?post=196589"},{"taxonomy":"post_tag","embeddable":true,"href":"https:\/\/radiofenix.com.ar\/2023\/wp-json\/wp\/v2\/tags?post=196589"}],"curies":[{"name":"wp","href":"https:\/\/api.w.org\/{rel}","templated":true}]}}