{"id":196591,"date":"2024-12-13T21:14:53","date_gmt":"2024-12-13T21:14:53","guid":{"rendered":"https:\/\/radiofenix.com.ar\/2023\/valeria-edelsztein-lo-que-estan-haciendo-con-la-ciencia-es-realmente-una-tragedia\/"},"modified":"2024-12-13T21:14:53","modified_gmt":"2024-12-13T21:14:53","slug":"valeria-edelsztein-lo-que-estan-haciendo-con-la-ciencia-es-realmente-una-tragedia","status":"publish","type":"post","link":"https:\/\/radiofenix.com.ar\/2023\/valeria-edelsztein-lo-que-estan-haciendo-con-la-ciencia-es-realmente-una-tragedia\/","title":{"rendered":"Valeria Edelsztein: \u201cLo que est\u00e1n haciendo con la ciencia es realmente una tragedia\u201d"},"content":{"rendered":"<p>Ante la mirada de Daniel Salamone, la investigadora aprovech\u00f3 el premio para denunciar la situaci\u00f3n del sector. Confiesa que hasta el momento no tuvo ninguna r\u00e9plica de parte del organismo e insiste: \u201cHay un oscurantismo a nivel general que realmente me angustia much\u00edsimo\u201d.<br \/><a href=\"https:\/\/www.pagina12.com.ar\/789921-lo-que-estan-haciendo-con-la-ciencia-es-realmente-una-traged\">source<\/a><\/p>\n","protected":false},"excerpt":{"rendered":"<p>Ante la mirada de Daniel Salamone, la investigadora aprovech\u00f3 el premio para denunciar la situaci\u00f3n&#8230;<\/p>\n","protected":false},"author":0,"featured_media":196592,"comment_status":"open","ping_status":"open","sticky":false,"template":"","format":"standard","meta":{"footnotes":""},"categories":[7],"tags":[],"class_list":["post-196591","post","type-post","status-publish","format-standard","has-post-thumbnail","hentry","category-sociedad"],"featured_image_urls":{"full":["https:\/\/radiofenix.com.ar\/2023\/wp-content\/uploads\/wp-header-logo.png",0,0,false],"thumbnail":["https:\/\/radiofenix.com.ar\/2023\/wp-content\/uploads\/wp-header-logo.png",1,1,false],"medium":["https:\/\/radiofenix.com.ar\/2023\/wp-content\/uploads\/wp-header-logo.png",1,1,false],"medium_large":["https:\/\/radiofenix.com.ar\/2023\/wp-content\/uploads\/wp-header-logo.png",1,1,false],"large":["https:\/\/radiofenix.com.ar\/2023\/wp-content\/uploads\/wp-header-logo.png",1,1,false],"1536x1536":["https:\/\/radiofenix.com.ar\/2023\/wp-content\/uploads\/wp-header-logo.png",1,1,false],"2048x2048":["https:\/\/radiofenix.com.ar\/2023\/wp-content\/uploads\/wp-header-logo.png",1,1,false],"newsium-slider-full":["https:\/\/radiofenix.com.ar\/2023\/wp-content\/uploads\/wp-header-logo.png",1,1,false],"newsium-featured":["https:\/\/radiofenix.com.ar\/2023\/wp-content\/uploads\/wp-header-logo.png",1,1,false],"newsium-medium":["https:\/\/radiofenix.com.ar\/2023\/wp-content\/uploads\/wp-header-logo.png",1,1,false]},"author_info":{"info":[""]},"category_info":"<a href=\"https:\/\/radiofenix.com.ar\/2023\/category\/sociedad\/\" rel=\"category tag\">Sociedad<\/a>","tag_info":"Sociedad","comment_count":"0","_links":{"self":[{"href":"https:\/\/radiofenix.com.ar\/2023\/wp-json\/wp\/v2\/posts\/196591","targetHints":{"allow":["GET"]}}],"collection":[{"href":"https:\/\/radiofenix.com.ar\/2023\/wp-json\/wp\/v2\/posts"}],"about":[{"href":"https:\/\/radiofenix.com.ar\/2023\/wp-json\/wp\/v2\/types\/post"}],"replies":[{"embeddable":true,"href":"https:\/\/radiofenix.com.ar\/2023\/wp-json\/wp\/v2\/comments?post=196591"}],"version-history":[{"count":0,"href":"https:\/\/radiofenix.com.ar\/2023\/wp-json\/wp\/v2\/posts\/196591\/revisions"}],"wp:featuredmedia":[{"embeddable":true,"href":"https:\/\/radiofenix.com.ar\/2023\/wp-json\/wp\/v2\/media\/196592"}],"wp:attachment":[{"href":"https:\/\/radiofenix.com.ar\/2023\/wp-json\/wp\/v2\/media?parent=196591"}],"wp:term":[{"taxonomy":"category","embeddable":true,"href":"https:\/\/radiofenix.com.ar\/2023\/wp-json\/wp\/v2\/categories?post=196591"},{"taxonomy":"post_tag","embeddable":true,"href":"https:\/\/radiofenix.com.ar\/2023\/wp-json\/wp\/v2\/tags?post=196591"}],"curies":[{"name":"wp","href":"https:\/\/api.w.org\/{rel}","templated":true}]}}