{"id":196595,"date":"2024-12-13T21:14:57","date_gmt":"2024-12-13T21:14:57","guid":{"rendered":"https:\/\/radiofenix.com.ar\/2023\/lula-fue-operado-con-exito-y-ya-esta-despierto-y-conversando\/"},"modified":"2024-12-13T21:14:57","modified_gmt":"2024-12-13T21:14:57","slug":"lula-fue-operado-con-exito-y-ya-esta-despierto-y-conversando","status":"publish","type":"post","link":"https:\/\/radiofenix.com.ar\/2023\/lula-fue-operado-con-exito-y-ya-esta-despierto-y-conversando\/","title":{"rendered":"Lula fue operado con \u00e9xito y ya est\u00e1 despierto y conversando"},"content":{"rendered":"<div><!-- Body --><\/p>\n<p><b>El presidente de Brasil, Luiz In\u00e1cio Lula da Silva, super\u00f3 \u00abcon \u00e9xito\u00bb este jueves una nueva intervenci\u00f3n<\/b> en el hospital, luego de que lo operaran de urgencia el martes por una hemorragia intracraneal.<\/p>\n<p>\u00abLa intervenci\u00f3n fue con \u00e9xito\u00bb y <b>\u00abel presidente est\u00e1 despierto y conversando\u00bb<\/b>, dijo a los periodistas uno de los m\u00e9dicos de Lula, Roberto Kalil, quien ayer hab\u00eda explicado que se trataba de <b>un cateterismo de \u00abbajo riesgo\u00bb para \u00abminimizar el riesgo de futuros sangramientos\u00bb.<\/b><\/p>\n<p><b>El propio Kalil hab\u00eda explicado el mi\u00e9rcoles que la nueva intervenci\u00f3n estaba dentro del \u00abtratamiento programado\u00bb<\/b> luego de la cirug\u00eda realizada tras sufrir una hemorragia intracraneal.<br \/><b><br \/>\u00abCuando se drena un hematoma, existe una peque\u00f1a posibilidad de que en el futuro las peque\u00f1as arterias de las meninges<\/b> -membranas que cubren el sistema nervioso central- causen un peque\u00f1o sangramiento. Este procedimiento complementario minimiza ese riesgo\u00bb, explic\u00f3 Kalil.<\/p>\n<p><b>El hematoma de Lula es fruto de la ca\u00edda que sufri\u00f3 el pasado 19 de octubre en el Palacio de la Alvorada<\/b>, residencia oficial de la Presidencia, cuando se golpe\u00f3 la cabeza en el ba\u00f1o y tuvo que recibir cinco puntos de sutura en la nuca.\u00a0<\/p>\n<p><!-- Live Blog Post --><\/div>\n<p><a href=\"https:\/\/www.pagina12.com.ar\/789794-lula-fue-operado-con-exito-y-ya-esta-despierto-y-conversando\">source<\/a><\/p>\n","protected":false},"excerpt":{"rendered":"<p>El presidente de Brasil, Luiz In\u00e1cio Lula da Silva, super\u00f3 \u00abcon \u00e9xito\u00bb este jueves una&#8230;<\/p>\n","protected":false},"author":0,"featured_media":196596,"comment_status":"open","ping_status":"open","sticky":false,"template":"","format":"standard","meta":{"footnotes":""},"categories":[60],"tags":[],"class_list":["post-196595","post","type-post","status-publish","format-standard","has-post-thumbnail","hentry","category-internacional"],"featured_image_urls":{"full":["https:\/\/radiofenix.com.ar\/2023\/wp-content\/uploads\/wp-header-logo.png",0,0,false],"thumbnail":["https:\/\/radiofenix.com.ar\/2023\/wp-content\/uploads\/wp-header-logo.png",1,1,false],"medium":["https:\/\/radiofenix.com.ar\/2023\/wp-content\/uploads\/wp-header-logo.png",1,1,false],"medium_large":["https:\/\/radiofenix.com.ar\/2023\/wp-content\/uploads\/wp-header-logo.png",1,1,false],"large":["https:\/\/radiofenix.com.ar\/2023\/wp-content\/uploads\/wp-header-logo.png",1,1,false],"1536x1536":["https:\/\/radiofenix.com.ar\/2023\/wp-content\/uploads\/wp-header-logo.png",1,1,false],"2048x2048":["https:\/\/radiofenix.com.ar\/2023\/wp-content\/uploads\/wp-header-logo.png",1,1,false],"newsium-slider-full":["https:\/\/radiofenix.com.ar\/2023\/wp-content\/uploads\/wp-header-logo.png",1,1,false],"newsium-featured":["https:\/\/radiofenix.com.ar\/2023\/wp-content\/uploads\/wp-header-logo.png",1,1,false],"newsium-medium":["https:\/\/radiofenix.com.ar\/2023\/wp-content\/uploads\/wp-header-logo.png",1,1,false]},"author_info":{"info":[""]},"category_info":"<a href=\"https:\/\/radiofenix.com.ar\/2023\/category\/internacional\/\" rel=\"category tag\">Internacional<\/a>","tag_info":"Internacional","comment_count":"0","_links":{"self":[{"href":"https:\/\/radiofenix.com.ar\/2023\/wp-json\/wp\/v2\/posts\/196595","targetHints":{"allow":["GET"]}}],"collection":[{"href":"https:\/\/radiofenix.com.ar\/2023\/wp-json\/wp\/v2\/posts"}],"about":[{"href":"https:\/\/radiofenix.com.ar\/2023\/wp-json\/wp\/v2\/types\/post"}],"replies":[{"embeddable":true,"href":"https:\/\/radiofenix.com.ar\/2023\/wp-json\/wp\/v2\/comments?post=196595"}],"version-history":[{"count":0,"href":"https:\/\/radiofenix.com.ar\/2023\/wp-json\/wp\/v2\/posts\/196595\/revisions"}],"wp:featuredmedia":[{"embeddable":true,"href":"https:\/\/radiofenix.com.ar\/2023\/wp-json\/wp\/v2\/media\/196596"}],"wp:attachment":[{"href":"https:\/\/radiofenix.com.ar\/2023\/wp-json\/wp\/v2\/media?parent=196595"}],"wp:term":[{"taxonomy":"category","embeddable":true,"href":"https:\/\/radiofenix.com.ar\/2023\/wp-json\/wp\/v2\/categories?post=196595"},{"taxonomy":"post_tag","embeddable":true,"href":"https:\/\/radiofenix.com.ar\/2023\/wp-json\/wp\/v2\/tags?post=196595"}],"curies":[{"name":"wp","href":"https:\/\/api.w.org\/{rel}","templated":true}]}}