{"id":196601,"date":"2024-12-14T08:57:43","date_gmt":"2024-12-14T08:57:43","guid":{"rendered":"https:\/\/radiofenix.com.ar\/2023\/corea-del-sur-el-presidente-queda-solo-tras-defender-la-ley-marcial\/"},"modified":"2024-12-14T08:57:43","modified_gmt":"2024-12-14T08:57:43","slug":"corea-del-sur-el-presidente-queda-solo-tras-defender-la-ley-marcial","status":"publish","type":"post","link":"https:\/\/radiofenix.com.ar\/2023\/corea-del-sur-el-presidente-queda-solo-tras-defender-la-ley-marcial\/","title":{"rendered":"Corea del Sur: el presidente queda solo tras defender la ley marcial"},"content":{"rendered":"<div><!-- Body --><\/p>\n<p>El presidente surcoreano, <a href=\"https:\/\/www.pagina12.com.ar\/788636-corea-del-sur-un-presidente-que-no-se-rinde\"><b>Yoon Suk-yeol<\/b><\/a>, di\u00f3 un discurso en el que <b>redobl\u00f3 la apuesta sobre su decisi\u00f3n de decretar la <\/b><a href=\"https:\/\/www.pagina12.com.ar\/787421-crisis-en-corea-del-sur-el-presidente-decreto-la-ley-marcial\"><b>ley marcial<\/b><\/a><b> en el pa\u00eds<\/b>, donde justific\u00f3 que <b>la medida era necesaria para \u00absalvar\u00bb la democracia del pa\u00eds<\/b>, una postura que llev\u00f3 a su partido a <b>retirar su apoyo en la <\/b><a href=\"https:\/\/www.pagina12.com.ar\/787770-corea-del-sur-la-oposicion-presento-una-mocion-para-destitui\"><b>nueva votaci\u00f3n <\/b><\/a><b>para su <\/b><a href=\"https:\/\/www.pagina12.com.ar\/788581-el-presidente-surcoreano-evito-la-destitucion-por-cinco-voto\"><b>destituci\u00f3n<\/b> <\/a>el pr\u00f3ximo s\u00e1bado. Mientras tanto, <b>la polic\u00eda allan\u00f3 el complejo presidencial <\/b>en b\u00fasqueda de pruebas, en medio de la <b>expulsi\u00f3n de funcionarios<\/b> del gabinete de Yoon. <\/p>\n<p>Minutos antes de la intervenci\u00f3n del presidente, el l\u00edder del oficialista <b>Partido del Poder Popular<\/b> (PPP), <b>Han Dong-hoon<\/b>, expres\u00f3 su <b>apoyo hacia la moci\u00f3n parlamentaria que busca inhabilitar a Yoon<\/b> el 14 de diciembre. <b>Su apoyo se suma al de otros siete diputados del PPP<\/b> que expresaron su intenci\u00f3n de avalar su destituci\u00f3n.<\/p>\n<p>La iniciativa, registrada el jueves formalmente por la oposici\u00f3n en el Parlamento,<b> necesita al menos ocho votos dentro del PPP para lograr la mayor\u00eda<\/b> de dos tercios que har\u00eda efectiva la inhabilitaci\u00f3n de Yoon, <b>dejandolo a expensas del Tribunal Constitucional<\/b>, que deber\u00e1 <b>juzgar una posible violaci\u00f3n de la Carta Magna <\/b>por parte del presidente, al decretar el estado de excepci\u00f3n el pasado 3 de diciembre.<\/p>\n<h2>Un Yoon desafiante<\/h2>\n<p>En su discurso del jueves, <b>el tercero desde que decret\u00f3 la ley marcial<\/b>, Yoon <b>defendi\u00f3 la medida<\/b>, alegando que buscaba<b> \u00abproteger la democracia liberal de la dictadura parlamentaria\u00bb de la oposici\u00f3n<\/b>, que hoy cuenta con una mayor\u00eda en el recinto. En su segundo discurso, apenas un d\u00eda despu\u00e9s de anunciar el mandato, <b>el presidente hab\u00eda pedido perd\u00f3n por los \u00abinconvenientes causados a la poblaci\u00f3n\u00bb <\/b>a ra\u00edz del estado de excepci\u00f3n, <b>pero no por la medida en s\u00ed<\/b>.<\/p>\n<p>El mandatario asegur\u00f3 que <b>su decisi\u00f3n solo caus\u00f3 que se movilicen un grupo reducido de tropas y cuerpos de \u00e9lite para garantizar la seguridad del Estado y \u00abprevenir accidentes\u00bb<\/b>, a la vez que consider\u00f3 que<b> se est\u00e1 \u00abfabricando\u00bb un delito de insurrecci\u00f3n contra su persona <\/b>mediante la diseminaci\u00f3n de informaci\u00f3n falsa. A pesar de ello, <b>Yoon declar\u00f3 que no evitar\u00e1 \u00abresponsabilidades legales y pol\u00edticas\u00bb que puedan surgir en su contra<\/b>.<\/p>\n<p>Manteniendo su tono desafiante,<b> el presidente afirm\u00f3 que no est\u00e1 \u00abobsesionado\u00bb con llegar al fin de su mandato<\/b>, pero que<b> encara \u00abcon confianza\u00bb los intentos de destituirlo<\/b>, en un discurso televisado que dur\u00f3 unos 10 minutos.<\/p>\n<p>\u00abConsiderar las medidas de emergencia para salvar el pa\u00eds como un acto de rebeli\u00f3n para destruirlo pone en grave peligro nuestra Constituci\u00f3n y nuestro sistema legal. Las medidas de la ley marcial ejercidas por la autoridad legal del presidente para proteger el pa\u00eds y normalizar los asuntos estatales en un estado de par\u00e1lisis nacional son un juicio altamente pol\u00edtico del presidente\u00bb, dijo Yoon en su discurso.<\/p>\n<h2>\u00abLuchar\u00e9 hasta el \u00faltimo momento\u00bb<\/h2>\n<p>En los \u00faltimos d\u00edas, <b>altos mandos militares<\/b> aseguraron que tanto el presidente como su ex ministro de Defensa, <b>Kim Yong-hyun<\/b>, les dieron <b>\u00f3rdenes de vaciar el Parlamento a la fuerza de forma personal<\/b>, para que <b>los diputados no pudieran revocar con sus votos el estado de excepci\u00f3n<\/b>, algo que el Congreso logr\u00f3 igualmente, gracias a que <b>dichas \u00f3rdenes no fueron respetadas<\/b>. <b>Kim<\/b>, que se encuentra detenido desde entonces, <b>intent\u00f3 quitarse la vida el martes<\/b>, sin \u00e9xito.<\/p>\n<p>El propio presidente asegur\u00f3 en su discurso que <b>orden\u00f3 a Kim enviar tropas a la Comisi\u00f3n Electoral Central<\/b> (NEC) para investigar un <b>supuesto fraude<\/b> cometido en las legislativas de abril, en las que el conservador partido del presidente sali\u00f3 con las de perder, y que <b>supuestamente habr\u00eda sido provocado por piratas inform\u00e1ticos norcoreanos<\/b>.<\/p>\n<p>Este jueves, <b>el presidente renov\u00f3 sus acusaciones de sabotaje <\/b>hacia el opositor Partido Democr\u00e1tico (PD), el cual insiste que <b>intent\u00f3 paralizar las funciones del legislativo<\/b>. \u00abLuchar\u00e9 hasta el \u00faltimo momento junto al pueblo\u00bb, sentenci\u00f3 Yoon. Un portavoz del PD, luego del discurso, calific\u00f3 al presidente de \u00abextremadamente delirante\u00bb y consider\u00f3 que s<b>u accionar equivale a \u00abdeclararle la guerra a la gente\u00bb<\/b>.<\/p>\n<p>El presidente, por su parte, <b>denunci\u00f3 que su destituci\u00f3n muestra el apuro del PD por lograr elecciones anticipadas<\/b>, ya que su l\u00edder, <b>Lee Jae-myung<\/b>, podr\u00eda quedar pr\u00f3ximamente <b>descalificado <\/b>si el Tribunal Supremo del pa\u00eds <b>ratifica su condena por violar la ley electoral<\/b>.<\/p>\n<p>El mismo d\u00eda, la oposici\u00f3n, de ideas liberales, logr\u00f3 que el Parlamento aprobara <b>mociones para inhabilitar<\/b> tambi\u00e9n al ministro de Justicia, <b>Park Sung-jae<\/b>, el jefe del Estado Mayor del Ej\u00e9rcito, <b>Park An-su<\/b>, y al jefe de la polic\u00eda nacional, <b>Cho Ji-ho<\/b>, por el rol que cumplieron en la aplicaci\u00f3n de la ley marcial.<\/p>\n<h2>Fuego aliado<\/h2>\n<p><b>El l\u00edder de su propio partido se mostr\u00f3 a favor del proceso de destituci\u00f3n <\/b>para \u00abaclarar el mando del pa\u00eds\u00bb, incluso pidiendo que <b>las capacidades del presidente queden suspendidas<\/b> a trav\u00e9s del proceso. \u00abDebemos evitar que haya m\u00e1s confusi\u00f3n. Ahora solo hay un m\u00e9todo efectivo. En la pr\u00f3xima votaci\u00f3n, los legisladores de nuestro partido deben ingresar al sal\u00f3n de la Asamblea y participar en la votaci\u00f3n con base en sus propias convicciones y sus conciencias\u00bb, afirm\u00f3 Han.<\/p>\n<p>Han llam\u00f3 a <b>apoyar la moci\u00f3n<\/b> luego de que l<b>a presentada por la oposici\u00f3n la semana pasada fuera boicoteada por el propio PPP<\/b> el s\u00e1bado anterior, prolongando as\u00ed la crisis pol\u00edtica desatada por la imposici\u00f3n de la ley marcial. El l\u00edder del partido conservador hab\u00eda dicho, tras el boicot, que <b>el PPP apoyar\u00eda una salida \u00abordenada\u00bb que diera tiempo a la dimisi\u00f3n de Yoon<\/b>.<\/p>\n<p>Sin embargo,<b> Han parece haber modificado su postura<\/b> tras hablar con el presidente, que en su discurso del jueves <b>evit\u00f3 hablar de la dimisi\u00f3n<\/b>, a pesar de haber asegurado que pondr\u00eda sus funciones en manos del partido el fin de semana. <b>El l\u00edder del partido pidi\u00f3 que se convoque a un comit\u00e9 de \u00e9tica para debatir la posibilidad de exigir que Yoon abandone el partido.<\/b><\/p>\n<h2>Descontento y allanamientos<\/h2>\n<p>El jueves, <b>la polic\u00eda intent\u00f3 un nuevo allanamiento del complejo presidencial<\/b> en la capital, en b\u00fasqueda de <b>pruebas sobre los acontecimientos del 3 de diciembre<\/b>. El d\u00eda anterior, l<b>os guardias de seguridad del recinto impidieron el acceso a los investigadores<\/b>, seg\u00fan report\u00f3 la agencia de noticias coreana <i>Yonhap<\/i>.<\/p>\n<p>En respuesta, <b>el PD amenaz\u00f3 con iniciar procesos por insurrecci\u00f3n contra el personal del complejo y la guardia presidencial<\/b>, de seguir obstruyendo la investigaci\u00f3n. El mismo d\u00eda, l<b>a polic\u00eda allan\u00f3 los cuarteles generales del comando de defensa del Ej\u00e9rcito en Se\u00fal.<\/b><\/p>\n<div class=\"iframely-embed medium-embedded-content\" data-html=\"Jmx0O2RpdiZndDsmbHQ7ZGl2IHN0eWxlPSJsZWZ0OiAwOyB3aWR0aDogMTAwJTsgaGVpZ2h0OiAwOyBwb3NpdGlvbjogcmVsYXRpdmU7IHBhZGRpbmctYm90dG9tOiA1Ni4wNDE3JTsiJmd0OyZsdDtpZnJhbWUgc3JjPSJodHRwczovL2lmcmFtZWx5LnBhZ2luYTEyLmNvbS5hci9hcGkvaWZyYW1lP2NsaWNrX3RvX3BsYXk9MSZhbXA7dXJsPWh0dHBzJTNBJTJGJTJGZ2VvLmRhaWx5bW90aW9uLmNvbSUyRnBsYXllciUyRnh0NWVlLmh0bWwlM0Z2aWRlbyUzRHg5YXFqeHUmYW1wO2tleT00Njc2YjVmZGMwODMyNTdlYTg3ZjcxNjA4Yzc0ZTlmZSIgc3R5bGU9InRvcDogMDsgbGVmdDogMDsgd2lkdGg6IDEwMCU7IGhlaWdodDogMTAwJTsgcG9zaXRpb246IGFic29sdXRlOyBib3JkZXI6IDA7IiBhbGxvd2Z1bGxzY3JlZW4gc2Nyb2xsaW5nPSJubyIgYWxsb3c9ImVuY3J5cHRlZC1tZWRpYSAqOyImZ3Q7Jmx0Oy9pZnJhbWUmZ3Q7Jmx0Oy9kaXYmZ3Q7Jmx0Oy9kaXYmZ3Q7Jmx0O2RpdiBjbGFzcz0ibWVkaXVtLWluc2VydC1lbWJlZHMtbWV0YSImZ3Q7Jmx0O3NjcmlwdCB0eXBlPSJ0ZXh0L2pzb24iJmd0O3sidXJsIjoiaHR0cHM6Ly9nZW8uZGFpbHltb3Rpb24uY29tL3BsYXllci94dDVlZS5odG1sP3ZpZGVvPXg5YXFqeHUiLCJ0eXBlIjoidmlkZW8iLCJ2ZXJzaW9uIjoiMS4wIiwidGl0bGUiOiJMYXMgcHJvdGVzdGFzIGNvbnRyYSBZb29uIFN1ay15ZW9sIG5vIHNlIGRldGllbmVuIGVuIENvcmVhIGRlbCBTdXIiLCJhdXRob3IiOiJQw6FnaW5hMTIiLCJhdXRob3JfdXJsIjoiaHR0cHM6Ly93d3cuZGFpbHltb3Rpb24uY29tL1BhZ2luYTEyIiwicHJvdmlkZXJfbmFtZSI6IkRhaWx5bW90aW9uIiwiZGVzY3JpcHRpb24iOiJFbCBwcmVzaWRlbnRlIHN1cmNvcmVhbm8sIFlvb24gU3VrLXllb2wsIHByb251bmNpw7MgZXN0ZSBqdWV2ZXMgdW4gZGVzYWZpYW50ZSBkaXNjdXJzbyBlbiBlbCBxdWUganVzdGlmaWPDsyBzdSBkZWNpc2nDs24gZGUgZGVjcmV0YXIgbGEgbGV5IG1hcmNpYWwgcGFyYSBcInNhbHZhclwiIGxhIGRlbW9jcmFjaWEgZW4gc3UgcGHDrXMsIHBvc3R1cmEgcXVlIGhhIGxsZXZhZG8gYSBsYSBkaXJlY2Npw7NuIGRlIHN1IHBhcnRpZG8gYSBhYmFuZG9uYXJsbyBhIHN1IHN1ZXJ0ZSBlbiBsYSB2b3RhY2nDs24gcGFyYSBkZXN0aXR1aXJsbyBlbCBzw6FiYWRvLiAgU2FiZWRvciB5YSBkZSBsbyBxdWUgWW9vbiBpYmEgYSBkZWNpciBlbiBzdSBhbG9jdWNpw7NuLCBlbCBsw61kZXIgZGVsIGdvYmVybmFudGUgeSBjb25zZXJ2YWRvciBQYXJ0aWRvIGRlbCBQb2RlciBQb3B1bGFyIChQUFApLCBIYW4gRG9uZy1ob29uLCBleHByZXPDsyBtaW51dG9zIGFudGVzIGRlIGxhIGludGVydmVuY2nDs24gdGVsZXZpc2FkYSBkZWwgcHJlc2lkZW50ZSBzdSBhcG95byBwYXJhIGxhIG1vY2nDs24gcGFybGFtZW50YXJpYSBxdWUgYnVzY2EgaW5oYWJpbGl0YXJsbyBlbCAxNCBkZSBkaWNpZW1icmUuIiwidGh1bWJuYWlsX3VybCI6Imh0dHBzOi8vczEuZG1jZG4ubmV0L3YvWFdsTG8xZE4zMWNhbzRuWTUveDcyMCIsInRodW1ibmFpbF93aWR0aCI6MTI4MCwidGh1bWJuYWlsX2hlaWdodCI6NzIwLCJjYWNoZV9hZ2UiOjg2NDAwfSZsdDsvc2NyaXB0Jmd0OyZsdDsvZGl2Jmd0Ow==\">\n                <a data-iframely-url=\"\" href=\"https:\/\/geo.dailymotion.com\/player\/xt5ee.html?video=x9aqjxu\">https:\/\/geo.dailymotion.com\/player\/xt5ee.html?video=x9aqjxu<\/a>\n              <\/div>\n<p>Desde la semana pasada, <b>Se\u00fal es escenario de protestas diarias que re\u00fanen a miles de personas en reclamo por la salida de Yoon<\/b>. Cerca del<b> 75% de los surcoreanos apoya la dimisi\u00f3n del presidente<\/b>, seg\u00fan <a href=\"http:\/\/www.realmeter.net\/%eb%a6%ac%ec%96%bc%eb%af%b8%ed%84%b0-%e5%b0%b9-%eb%8c%80%ed%86%b5%eb%a0%b9-%eb%b9%84%ec%83%81%ea%b3%84%ec%97%84-%ec%84%a0%ed%8f%ac-%ec%82%ac%ed%83%9c-%e2%91%a0-%ec%a6%89\/\" target=\"_blank\" rel=\"noopener\">una encuesta<\/a> publicada este jueves por la empresa <i>Realmeter<\/i>. <b>La aprobaci\u00f3n popular del mandatario ha ca\u00eddo hasta el 17,3%, el m\u00ednimo hist\u00f3rico del pa\u00eds asi\u00e1tico<\/b>.<\/p>\n<p><!-- Live Blog Post --><\/div>\n<p><a href=\"https:\/\/www.pagina12.com.ar\/790001-corea-del-sur-el-presidente-queda-solo-tras-defender-la-ley-\">source<\/a><\/p>\n","protected":false},"excerpt":{"rendered":"<p>El presidente surcoreano, Yoon Suk-yeol, di\u00f3 un discurso en el que redobl\u00f3 la apuesta sobre&#8230;<\/p>\n","protected":false},"author":0,"featured_media":196602,"comment_status":"open","ping_status":"open","sticky":false,"template":"","format":"standard","meta":{"footnotes":""},"categories":[60],"tags":[],"class_list":["post-196601","post","type-post","status-publish","format-standard","has-post-thumbnail","hentry","category-internacional"],"featured_image_urls":{"full":["https:\/\/radiofenix.com.ar\/2023\/wp-content\/uploads\/wp-header-logo.png",0,0,false],"thumbnail":["https:\/\/radiofenix.com.ar\/2023\/wp-content\/uploads\/wp-header-logo.png",1,1,false],"medium":["https:\/\/radiofenix.com.ar\/2023\/wp-content\/uploads\/wp-header-logo.png",1,1,false],"medium_large":["https:\/\/radiofenix.com.ar\/2023\/wp-content\/uploads\/wp-header-logo.png",1,1,false],"large":["https:\/\/radiofenix.com.ar\/2023\/wp-content\/uploads\/wp-header-logo.png",1,1,false],"1536x1536":["https:\/\/radiofenix.com.ar\/2023\/wp-content\/uploads\/wp-header-logo.png",1,1,false],"2048x2048":["https:\/\/radiofenix.com.ar\/2023\/wp-content\/uploads\/wp-header-logo.png",1,1,false],"newsium-slider-full":["https:\/\/radiofenix.com.ar\/2023\/wp-content\/uploads\/wp-header-logo.png",1,1,false],"newsium-featured":["https:\/\/radiofenix.com.ar\/2023\/wp-content\/uploads\/wp-header-logo.png",1,1,false],"newsium-medium":["https:\/\/radiofenix.com.ar\/2023\/wp-content\/uploads\/wp-header-logo.png",1,1,false]},"author_info":{"info":[""]},"category_info":"<a href=\"https:\/\/radiofenix.com.ar\/2023\/category\/internacional\/\" rel=\"category tag\">Internacional<\/a>","tag_info":"Internacional","comment_count":"0","_links":{"self":[{"href":"https:\/\/radiofenix.com.ar\/2023\/wp-json\/wp\/v2\/posts\/196601","targetHints":{"allow":["GET"]}}],"collection":[{"href":"https:\/\/radiofenix.com.ar\/2023\/wp-json\/wp\/v2\/posts"}],"about":[{"href":"https:\/\/radiofenix.com.ar\/2023\/wp-json\/wp\/v2\/types\/post"}],"replies":[{"embeddable":true,"href":"https:\/\/radiofenix.com.ar\/2023\/wp-json\/wp\/v2\/comments?post=196601"}],"version-history":[{"count":0,"href":"https:\/\/radiofenix.com.ar\/2023\/wp-json\/wp\/v2\/posts\/196601\/revisions"}],"wp:featuredmedia":[{"embeddable":true,"href":"https:\/\/radiofenix.com.ar\/2023\/wp-json\/wp\/v2\/media\/196602"}],"wp:attachment":[{"href":"https:\/\/radiofenix.com.ar\/2023\/wp-json\/wp\/v2\/media?parent=196601"}],"wp:term":[{"taxonomy":"category","embeddable":true,"href":"https:\/\/radiofenix.com.ar\/2023\/wp-json\/wp\/v2\/categories?post=196601"},{"taxonomy":"post_tag","embeddable":true,"href":"https:\/\/radiofenix.com.ar\/2023\/wp-json\/wp\/v2\/tags?post=196601"}],"curies":[{"name":"wp","href":"https:\/\/api.w.org\/{rel}","templated":true}]}}