{"id":196615,"date":"2024-12-15T08:57:57","date_gmt":"2024-12-15T08:57:57","guid":{"rendered":"https:\/\/radiofenix.com.ar\/2023\/lilia-lemoine-acuso-a-victoria-villarruel-de-intentar-formar-un-gobierno-paralelo\/"},"modified":"2024-12-15T08:57:57","modified_gmt":"2024-12-15T08:57:57","slug":"lilia-lemoine-acuso-a-victoria-villarruel-de-intentar-formar-un-gobierno-paralelo","status":"publish","type":"post","link":"https:\/\/radiofenix.com.ar\/2023\/lilia-lemoine-acuso-a-victoria-villarruel-de-intentar-formar-un-gobierno-paralelo\/","title":{"rendered":"Lilia Lemoine acus\u00f3 a Victoria Villarruel de intentar formar un &quot;gobierno paralelo&quot;"},"content":{"rendered":"<div id=\"\">\n<p>En l\u00ednea con <a href=\"https:\/\/www.minutouno.com\/politica\/javier-milei-salio-defensa-edgardo-kueider-su-expulsion-del-senado-la-sesion-es-invalida-n6092902\" target=\"_blank\" rel=\"follow noopener\">el presidente Milei que consider\u00f3 que \u00abla sesi\u00f3n es inv\u00e1lida\u00bb<\/a>, Lemoine critic\u00f3 la expulsi\u00f3n de este aliado clave del Gobierno en el Senado.<\/p>\n<div contenteditable=\"false\" class=\"embed_cont type_freetext\" rel=\"freetext\" id=\"embed434_wrap\" data-provider=\"Twitter\">\n<p>Embed &#8211; https:\/\/publish.twitter.com\/oembed?url=https:\/\/twitter.com\/lilialemoine\/status\/1867562763775819830&amp;partner=&amp;hide_thread=false<span onclick=\"parent.parent.TinyMCETdcuerpo.preview_embed('embed434')\" class=\"embed_colapse less\" id=\"embed434_colapse\"\/><span onclick=\"parent.parent.TinyMCETdcuerpo.delete_embed('embed434')\" class=\"embed_delete less\" id=\"embed434_delete\"\/><\/p>\n<div id=\"embed434_content\" class=\"embed_content\">\n<div id=\"embed434_embed\">\n<blockquote data-td-script-src=\"https:\/\/platform.twitter.com\/widgets.js\" class=\"twitter-tweet\">\n<p dir=\"ltr\" lang=\"es\"> YO ME PREGUNTO&#8230;<\/p>\n<p>&#8230;tendr\u00eda 400 empleados y NINGUNO le avisar\u00eda \u00abche, est\u00e1s rompiendo el reglamento\u00bb?<\/p>\n<p>Tendr\u00e1n planes de un gobierno paralelo en su mente alimentado por el ego, recursos estatales&#8230; y alg\u00fan empresario dadivoso? <a href=\"https:\/\/t.co\/oOBhmubhy4\">pic.twitter.com\/oOBhmubhy4<\/a><\/p>\n<p> \u2014 Lilia Lemoine (@lilialemoine) <a href=\"https:\/\/twitter.com\/lilialemoine\/status\/1867562763775819830?ref_src=twsrc%5Etfw\">December 13, 2024<\/a><\/p><\/blockquote>\n<\/div><\/div>\n<\/p><\/div>\n<p>En su cuenta en la red social X, Lemoine lanz\u00f3: \u00abYo me pregunto&#8230; tendr\u00eda 400 empleados y NINGUNO le avisar\u00eda &#8216;\u00bfche, est\u00e1s rompiendo el reglamento?&#8217;. \u00bfTendr\u00e1n planes de un Gobierno paralelo en su infobmente alimentado por el ego, recursos estatales&#8230; y alg\u00fan empresario dadivoso?\u00bb \u00ab<\/p>\n<h2>Todos contra Villarruel<\/h2>\n<p>Esta no es la primera vez que desde el mileismo m\u00e1s duro disparan contra Villarruel, un blanco ya asiduo de la Rosada.<\/p>\n<p>De hecho la feroz interna que divide a Milei y Villarruel ya parece haber superado el punto de retorno. El mandatario libertario <span class=\"saysCMSEmphasis\" id=\"saysCMSEmphasishuqrb1fhlja\"> no dud\u00f3 en acusar a Villarruel de estar \u00abm\u00e1s cerca del c\u00edrculo rojo y de la casta\u00bb que de su propia visi\u00f3n <\/span>y admiti\u00f3 que s\u00f3lo mantienen \u00abel di\u00e1logo que se necesita institucionalmente para cumplir nuestros roles\u00bb.<\/p>\n<div contenteditable=\"false\" class=\"embed_cont type_imagen\" id=\"8011201-Libre-496665199_wrap\">\n<p>victoria villarruel.jpg <span onclick=\"parent.parent.TinyMCETdcuerpo.preview_embed('8011201-Libre-496665199')\" class=\"embed_colapse less\" id=\"8011201-Libre-496665199_colapse\"\/>  <span onclick=\"parent.parent.TinyMCETdcuerpo.delete_embed('8011201-Libre-496665199')\" class=\"embed_delete less\" id=\"8011201-Libre-496665199_delete\"\/><\/p>\n<div id=\"8011201-Libre-496665199_content\" class=\"embed_content\"><img decoding=\"async\" src=\"https:\/\/media.minutouno.com\/p\/16b060e02b13e9bda2ff0cefcdc7d2d2\/adjuntos\/150\/imagenes\/041\/999\/0041999211\/610x0\/smart\/victoria-villarrueljpg.jpg\" alt=\"\" title=\"\" width=\"610\" height=\"undefined\" id=\"8011201-Libre-496665199_embed\"\/><\/div>\n<\/p><\/div>\n<p>En di\u00e1logo con <em>LN<\/em>+ asegur\u00f3 adem\u00e1s que \u00abVictoria Villarruel no tiene ning\u00fan tipo de injerencia en la toma de decisiones\u00bb.<\/p>\n<p>Tras la embestida presidencial, <span class=\"saysCMSEmphasis\" id=\"saysCMSEmphasiso1dfdhx0s7\">el ej\u00e9rcito de trolls al mando de Santiago Caputo sali\u00f3 \u00ablapidar\u00bb en las redes a la Vicepresidenta y a lo que sumaron hasta algunos legisladores.<\/span><\/p>\n<p>Tal fue el caso de <strong>Mar\u00eda Celeste Ponce<\/strong>, diputada de la Naci\u00f3n de La Libertad Avanza, que carg\u00f3 con dureza contra Villarruel en su cuenta de la red social X. Ponce respondi\u00f3 directamente a un posteo en el que Villarruel celebraba el primer aniversario del triunfo la f\u00f3rmula libertaria en el balotaje frente a Sergio Massa.<\/p>\n<p><span class=\"saysCMSEmphasis\" id=\"saysCMSEmphasisi8vyce7vm5h\">\u00abNo Victoria, votaron a Javier Milei y de vos esper\u00e1bamos que fueras una compa\u00f1era leal, no que usaras la popularidad del Mejor Presidente del Mundo para tu propia campa\u00f1a, obstaculizando sus pol\u00edticas en el Senado,<\/span> ali\u00e1ndote con sus enemigos y solt\u00e1ndole la mano al gobierno en los momentos m\u00e1s oscuros. Los amigos est\u00e1n en las buenas y en las malas&#8230; no solo para compartir los triunfos\u00bb, se\u00f1al\u00f3 y cerr\u00f3 sun incendiario mensaje con un lapidario: \u00ab<span class=\"saysCMSEmphasis\" id=\"saysCMSEmphasis5m20jvtbgbh\">De esa deslealtad NO SE VUELVE\u00bb.<\/span><\/p>\n<div contenteditable=\"false\" class=\"embed_cont type_imagen\" id=\"7997755-Libre-883461403_wrap\">\n<p> Lilia Lemoine proyecto.jpg <span onclick=\"parent.parent.TinyMCETdcuerpo.preview_embed('7997755-Libre-883461403')\" class=\"embed_colapse less\" id=\"7997755-Libre-883461403_colapse\"\/> <span onclick=\"parent.parent.TinyMCETdcuerpo.delete_embed('7997755-Libre-883461403')\" class=\"embed_delete less\" id=\"7997755-Libre-883461403_delete\"\/><\/p>\n<div id=\"7997755-Libre-883461403_content\" class=\"embed_content\"><img loading=\"lazy\" decoding=\"async\" src=\"https:\/\/media.minutouno.com\/p\/7a42858352e36be8180c7498d9a6b9ec\/adjuntos\/150\/imagenes\/041\/917\/0041917341\/lilia-lemoine-proyectojpg.jpg\" alt=\"Lilia Lemoine\" title=\"Lilia Lemoine\" width=\"610\" height=\"341\" id=\"7997755-Libre-883461403_embed\"\/><\/div>\n<\/p><\/div>\n<p>Quien tambi\u00e9n carg\u00f3 contra Villarruel fue la compa\u00f1era de bancada en diputados de Ponce, Lemoine. Aunque no es la primera vez que lo hace, s\u00ed es cierto que lo haca cada vez con mayor virulencia. En sus redes sociales la diputada terraplanista revel\u00f3 el despectivo apodo que le puso a la Vicepresidenta y sus seguidores, e incluso la tild\u00f3 de ser peor que el kirchnerismo.<\/p>\n<p><span class=\"saysCMSEmphasis\" id=\"saysCMSEmphasisnz203qzhfr\">\u00abVichacruel est\u00e1 mandando a su callcenter de villarruelines (que paga con recursos del senado, ni siquiera lo paga de su bolsillo) a buscar informaci\u00f3n m\u00eda para pegarme\u00bb,<\/span> asegur\u00f3 Lemoine en su cuenta en X.<\/p>\n<p>Y sentenci\u00f3: \u201c\u00a1<span class=\"saysCMSEmphasis\" id=\"saysCMSEmphasiswtnwgwgnsp8\">Ni el kirchnerismo lleg\u00f3 tan lejos! \u00a1Qu\u00e9 tipa oscura result\u00f3 ser! Es \u201camante de la \u2018alta pol\u00edtica\u2019\u201d y \u201c100% casta\u201d.<\/span><\/p>\n<div contenteditable=\"false\" class=\"embed_cont type_freetext\" rel=\"freetext\" id=\"embed40_wrap\">\n<p> Embed <span onclick=\"parent.parent.TinyMCETdcuerpo.preview_embed('embed40')\" class=\"embed_colapse less\" id=\"embed40_colapse\"\/> <span onclick=\"parent.parent.TinyMCETdcuerpo.delete_embed('embed40')\" class=\"embed_delete less\" id=\"embed40_delete\"\/><\/p>\n<div id=\"embed40_content\" class=\"embed_content\">\n<div id=\"embed40_embed\">\n<figure class=\"figure\"><a href=\"https:\/\/t.me\/minutounocom\" target=\"_blank\" rel=\"noopener\"><img decoding=\"async\" src=\"https:\/\/media.minutouno.com\/adjuntos\/150\/banners\/039\/099\/0039099175.jpg\" class=\"figure-img img-fluid\" style=\"width:100%;height:auto;\"\/><\/a><\/figure>\n<\/div>\n<\/div><\/div>\n<\/p><\/div>\n<p><a href=\"https:\/\/www.minutouno.com\/politica\/lilia-lemoine-acuso-victoria-villarruel-intentar-formar-un-gobierno-paralelo-n6092949\">source<\/a><\/p>\n","protected":false},"excerpt":{"rendered":"<p>En l\u00ednea con el presidente Milei que consider\u00f3 que \u00abla sesi\u00f3n es inv\u00e1lida\u00bb, Lemoine critic\u00f3&#8230;<\/p>\n","protected":false},"author":0,"featured_media":196616,"comment_status":"open","ping_status":"open","sticky":false,"template":"","format":"standard","meta":{"footnotes":""},"categories":[2],"tags":[],"class_list":["post-196615","post","type-post","status-publish","format-standard","has-post-thumbnail","hentry","category-politica"],"featured_image_urls":{"full":["https:\/\/radiofenix.com.ar\/2023\/wp-content\/uploads\/wp-header-logo.png",0,0,false],"thumbnail":["https:\/\/radiofenix.com.ar\/2023\/wp-content\/uploads\/wp-header-logo.png",1,1,false],"medium":["https:\/\/radiofenix.com.ar\/2023\/wp-content\/uploads\/wp-header-logo.png",1,1,false],"medium_large":["https:\/\/radiofenix.com.ar\/2023\/wp-content\/uploads\/wp-header-logo.png",1,1,false],"large":["https:\/\/radiofenix.com.ar\/2023\/wp-content\/uploads\/wp-header-logo.png",1,1,false],"1536x1536":["https:\/\/radiofenix.com.ar\/2023\/wp-content\/uploads\/wp-header-logo.png",1,1,false],"2048x2048":["https:\/\/radiofenix.com.ar\/2023\/wp-content\/uploads\/wp-header-logo.png",1,1,false],"newsium-slider-full":["https:\/\/radiofenix.com.ar\/2023\/wp-content\/uploads\/wp-header-logo.png",1,1,false],"newsium-featured":["https:\/\/radiofenix.com.ar\/2023\/wp-content\/uploads\/wp-header-logo.png",1,1,false],"newsium-medium":["https:\/\/radiofenix.com.ar\/2023\/wp-content\/uploads\/wp-header-logo.png",1,1,false]},"author_info":{"info":[""]},"category_info":"<a href=\"https:\/\/radiofenix.com.ar\/2023\/category\/politica\/\" rel=\"category tag\">Pol\u00edtica<\/a>","tag_info":"Pol\u00edtica","comment_count":"0","_links":{"self":[{"href":"https:\/\/radiofenix.com.ar\/2023\/wp-json\/wp\/v2\/posts\/196615","targetHints":{"allow":["GET"]}}],"collection":[{"href":"https:\/\/radiofenix.com.ar\/2023\/wp-json\/wp\/v2\/posts"}],"about":[{"href":"https:\/\/radiofenix.com.ar\/2023\/wp-json\/wp\/v2\/types\/post"}],"replies":[{"embeddable":true,"href":"https:\/\/radiofenix.com.ar\/2023\/wp-json\/wp\/v2\/comments?post=196615"}],"version-history":[{"count":0,"href":"https:\/\/radiofenix.com.ar\/2023\/wp-json\/wp\/v2\/posts\/196615\/revisions"}],"wp:featuredmedia":[{"embeddable":true,"href":"https:\/\/radiofenix.com.ar\/2023\/wp-json\/wp\/v2\/media\/196616"}],"wp:attachment":[{"href":"https:\/\/radiofenix.com.ar\/2023\/wp-json\/wp\/v2\/media?parent=196615"}],"wp:term":[{"taxonomy":"category","embeddable":true,"href":"https:\/\/radiofenix.com.ar\/2023\/wp-json\/wp\/v2\/categories?post=196615"},{"taxonomy":"post_tag","embeddable":true,"href":"https:\/\/radiofenix.com.ar\/2023\/wp-json\/wp\/v2\/tags?post=196615"}],"curies":[{"name":"wp","href":"https:\/\/api.w.org\/{rel}","templated":true}]}}