{"id":196617,"date":"2024-12-15T08:57:59","date_gmt":"2024-12-15T08:57:59","guid":{"rendered":"https:\/\/radiofenix.com.ar\/2023\/sebastian-wainraich-me-baso-mas-en-los-personajes-que-en-la-trama\/"},"modified":"2024-12-15T08:57:59","modified_gmt":"2024-12-15T08:57:59","slug":"sebastian-wainraich-me-baso-mas-en-los-personajes-que-en-la-trama","status":"publish","type":"post","link":"https:\/\/radiofenix.com.ar\/2023\/sebastian-wainraich-me-baso-mas-en-los-personajes-que-en-la-trama\/","title":{"rendered":"Sebasti\u00e1n Wainraich: &quot;Me baso m\u00e1s en los personajes que en la trama&quot;"},"content":{"rendered":"<div><!-- Body --><\/p>\n<p>Son las dos de la ma\u00f1ana y Luis Alberto Camino no puede conciliar el sue\u00f1o. No es para menos: en seis horas abren las escuelas y comenzar\u00e1 el acto electoral del que puede resultar ganador y convertirse en el nuevo presidente de la Argentina. Su cabeza no para: est\u00e1 ansioso y confiado, proyecta la victoria, su primer discurso, y hasta lo que van a pensar y sentir sus colaboradores de mayor confianza, y tambi\u00e9n sus detractores de ayer y hoy. Es un hombre que puso absolutamente todo para llegar a este momento. Qu\u00e9 pasar\u00e1 en esa elecci\u00f3n, qui\u00e9n ganar\u00e1, y c\u00f3mo se reacomodar\u00e1n sus cosas y las de quienes lo rodean es el interrogante que cruza la trama de<b> <i>Patria y familia<\/i> (Planeta), la novela pol\u00edtica escrita con ritmo de thriller por Sebasti\u00e1n Wainraich<\/b>. Una obra que se mete de lleno en los recovecos del poder y la ambici\u00f3n, pero con la libertad que le da la ficci\u00f3n, y sin temor a las lecturas e interpretaciones posteriores.<\/p>\n<p><b>Comediante, conductor de radio y TV, guionista, escritor de dos libros de cuentos y ahora de su primera novela<\/b>. As\u00ed se lo podr\u00eda definir a Wainraich, que en <i>Patria y familia<\/i> construye una historia que indaga en cuestiones como el poder, la ambici\u00f3n, las lealtades y las traiciones en la pol\u00edtica sin caer en la solemnidad. Una trama ficcional que imagina la posible intimidad de un candidato a presidente que tiene problemas como cualquier ciudadano, aunque con rasgos de personalidad por los que tranquilamente podr\u00edan diagnosticarlo como una persona psiqui\u00e1trica. Adem\u00e1s, claro, sin ser un un hombre cualquiera: gobierna la provincia de Buenos Aires y todas las encuestas lo dan como favorito.<\/p>\n<p>\u201cMe pregunt\u00e9 c\u00f3mo la pasa un tipo la noche previa a las elecciones, alguien que es candidato a presidente, y a partir de esas preguntas empec\u00e9 a llegar a ciertas respuestas y la trama se fue armando. Cuando termin\u00e9 de escribir, encontr\u00e9\u00a0otras respuestas. Como que Luis Alberto Camino, el protagonista, es un gran negador. Porque la primera lectura es que el tipo es un psic\u00f3pata, un hijo de puta, pero cuando profundiz\u00e1s en su historia se lo puede ver como un negador de sus conflictos, que se mete en el barro de la pol\u00edtica porque se siente m\u00e1s c\u00f3modo ah\u00ed, con esos c\u00f3digos o valores -no s\u00e9 c\u00f3mo llamarlos- de poco cari\u00f1o. <b>En su mundo pol\u00edtico, nadie se maneja con amor, es todo por inter\u00e9s, todo por poder, hasta los nombres de sus hijos tienen un inter\u00e9s\u2026 <\/b><\/p>\n<p><b>-\u00bfPor qu\u00e9 esta vez no fue cuento y te animaste a la novela?<\/b><\/p>\n<p>-Siempre la pens\u00e9 novela. Varias veces hab\u00eda intentado novela pero me quedaba en el camino, o no la encontraba o no me gustaba. Y en este caso vi la novela. Creo que me tranquiliz\u00f3 tener un final, que si bien despu\u00e9s lo cambi\u00e9, sab\u00eda hacia d\u00f3nde iba. Tener un horizonte hacia donde escribir me da confianza. Y tener un personaje s\u00f3lido tambi\u00e9n. Que el protagonista ser un personaje \u201cmalo\u201d, para reducirlo a una definici\u00f3n, lo hace ilimitado y m\u00e1s divertido para escribir. <\/p>\n<p><b>-\u00bfEso fue nuevo para vos, acostumbrado a otros registros de protagonistas?<\/b><\/p>\n<p>-Casi siempre escribo m\u00e1s personajes culposos, dubitativos, que son un poco m\u00e1s complejos\u2026 Este, en realidad, es un personaje que no tiene l\u00edmites, porque la maldad no tiene l\u00edmites. Es como cuando los actores hac\u00edan de malos en las telenovelas, y la gente los amaba, eran muy aplaudidos y hasta queridos. <\/p>\n<p><b>-El tema es que se torna dif\u00edcil encontrar empat\u00eda con Luis Alberto Camino, porque la verdad que concentra buena parte de los males pol\u00edticos y humanos.<\/b><\/p>\n<p>-Uno puede empatizar un poco cuando empieza a conocer su infancia, su adolescencia, algunos sucesos, y cuando ve que el resto es como \u00e9l. Adem\u00e1s, el hecho de ser el protagonista de la novela te pone de su lado. Tener en claro a un personaje es importante. Me baso m\u00e1s en los personajes que en la trama para escribir. Y sent\u00eda que ten\u00eda uno muy interesante, al que se le sum\u00f3 el mundo que lo rodea, los otros personajes, y el contexto en el que se iba a mover.<\/p>\n<p><b>-\u00bfY siempre avanz\u00e1s en la escritura a trav\u00e9s de personajes? O sea, por lo general cuando escrib\u00eds, la primera idea que te dispara un texto, un mon\u00f3logo, una obra, \u00bfsiempre es a trav\u00e9s de un personaje?<\/b><\/p>\n<p>-S\u00ed, casi siempre. No es que me pongo a escribir para decir \u201cuy, quiero hablar sobre el paso del tiempo, del poder o de lo que sea\u201d\u2026 No, escribo sobre el personaje y sobre la historia, y cuando la tengo bastante avanzada me doy cuenta sobre qu\u00e9 escrib\u00eda. Con <i>Patria y Familia<\/i>, por ejemplo, me di cuenta de que, en realidad, si bien no se parece en nada ni a la pel\u00edcula <i>Una noche de amor<\/i> ni a la serie <i>Casi feliz<\/i>, ni a lo que hago en el teatro, termino hablando siempre de lo mismo, porque tambi\u00e9n es una novela sobre la paternidad, sobre los v\u00ednculos. Llevado a un contexto mucho m\u00e1s turbio, mucho m\u00e1s hostil, pero en realidad el tipo est\u00e1 buscando cari\u00f1o, que en el fondo es lo que deseamos todos los seres humanos: que nos quieran.<\/p>\n<p><b>-Te metiste con la pol\u00edtica, un \u00e1mbito en el que la Argentina tiene una gran tradici\u00f3n de novela, pero siempre resulta riesgoso. \u00bfC\u00f3mo funcion\u00f3 eso a la hora de escribirla? <\/b><\/p>\n<p>-Me divirti\u00f3 contar la pol\u00edtica a partir de una ficci\u00f3n. Y por m\u00e1s que digamos que no, siempre est\u00e1s pensando qu\u00e9 va a decir el otro, qu\u00e9 van a opinar\u2026 Pero me dije que tal vez un poco la novela sirva para distraer al lector, como que le va a generar incertidumbre sobre qu\u00e9 personaje puede ser tal o cual pol\u00edtico, qu\u00e9 s\u00e9 yo.<\/p>\n<p><b>-\u00bfY en qu\u00e9 te basaste para la construcci\u00f3n de personajes?<\/b><\/p>\n<p>-En realidad, Luis Alberto Camino es un pol\u00edtico bastante tradicional, por lo menos de puertas hacia afuera, por c\u00f3mo se mueve con mucha habilidad en los medios de comunicaci\u00f3n, en las internas. Eso hace que vaya escalando en su carrera hasta llegar a la oportunidad de ser candidato a presidente. De puertas para adentro no conozco a los pol\u00edticos, no s\u00e9 c\u00f3mo son \u00edntimamente, pero bueno, a este lo invent\u00e9 de la peor manera, pobrecito. Es l\u00f3gico que uno quiera saber si est\u00e1 basado en alguien. Siempre suele interesarnos eso. A todos. Algunos me dicen, \u00abah, es tal\u00bb, otros me dicen que es tal otro. No me bas\u00e9 en ning\u00fan dirigente pol\u00edtico en particular, m\u00e1s bien hay una mezcla de varios. Hubo un exasesor de un pol\u00edtico que me llam\u00f3, me escribi\u00f3 en realidad, y me dijo que lo que comentaba en la novela era \u201ctal cual, es as\u00ed, si lo vas a hacer audiovisual, junt\u00e9monos un d\u00eda que te puedo contar m\u00e1s cosas\u201d. No s\u00e9 si hablaba de su jefe o del mundo de la pol\u00edtica en general.<\/p>\n<p><b>-La novela tiene una mirada cr\u00edtica sobre el mundo de la pol\u00edtica. Sin embargo, no hay juicio moral ni social sobre lo que pasa en la trama. <\/b><\/p>\n<p>-Intent\u00e9 que no haya una bajada de l\u00ednea, ni una cosa as\u00ed de c\u00f3mo hay que vivir. Me despoj\u00e9 de todo eso. De hecho, el estilo del relato es de serie. Intent\u00e9 darle ritmo, oraciones cortas, sin demasiadas reflexiones. Hay de vez en cuando, pero sin que entorpezcan el ritmo, casi como una cr\u00f3nica. El lenguaje es bastante coloquial, es un viaje a la cabeza de este tipo. No intent\u00e9 bajar l\u00ednea. Obvio que s\u00e9 que si pint\u00e1s a uno, parece que est\u00e1s pintado a todos. De hecho, imagino un poco as\u00ed al mundo de la pol\u00edtica. Pero no culpar\u00eda solo a la clase pol\u00edtica. Me parece que hay un sistema que lleva a que sea as\u00ed. Siempre digo que debe ser agotador ser pol\u00edtico, porque tienen que hablar bien de ellos mismos todo el tiempo y nunca reconocer un error ni mostrarse vulnerables, tienen que criticar a los dem\u00e1s&#8230; Pero, \u00bfvotar\u00edamos a un tipo que dijera: \u201cY, la verdad, con mi pareja vengo m\u00e1s o menos, me equivoqu\u00e9 mucho este \u00faltimo a\u00f1o\u2026\u201d? Yo no lo votar\u00eda. O que dijese \u201ca los jubilados les digo que el pr\u00f3ximo a\u00f1o se van a cagar de hambre\u201d. Bueno, tal vez lo votar\u00edan, no se sabe.<\/p>\n<p><b>-En <i>Patria y familia<\/i> hay un fuerte desarrollo del componente sexual del protagonista. \u00bfPor qu\u00e9 decidiste incorporar ese aspecto al relato?<\/b><\/p>\n<p>-Me pareci\u00f3 que el protagonista necesitaba descargar por ah\u00ed, porque ve a las mujeres como un objeto. Y el sexo lo necesita, ya que al no poder enfrentar los conflictos, descarga un poco a trav\u00e9s de los sexual. Eso s\u00ed, confieso que mientras lo escrib\u00eda me daba un poco de verg\u00fcenza, porque soy pudoroso. Eso es por leer a Charles\u00a0Bukowski y a Henry Miller. O a Philip Roth tambi\u00e9n. <\/p>\n<p><b>-\u00bfSentiste pudor por intentar \u201ccalentar\u201d al lector? <\/b><\/p>\n<p>-No creo que el lector se caliente sabiendo que estoy yo atr\u00e1s (<i>risas<\/i>). Me parece que tiene que ver con la coherencia del personaje y de la historia. Es eso. Y el detalle de sus encuentros amorosos es porque el tipo en eso tiene una transparencia que no tiene en otros temas, por eso cuenta cuando est\u00e1 excitado, cuando est\u00e1 caliente, cuando necesita descargar. No tiene ning\u00fan problema. <\/p>\n<p><b>-Lo sexual, en la novela, no es potestad solo del candidato. \u00bfCre\u00e9s que el sexo y la pol\u00edtica conviven m\u00e1s de lo que se cree? <\/b><\/p>\n<p>-S\u00ed, no tengo pruebas de eso y tengo dudas, no es que no tengo dudas. Pero apuesto a que s\u00ed, a que el sexo puede ser una descarga en cualquier persona que est\u00e1 involucrada en la pol\u00edtica las 24 horas. Entonces, terminan generando v\u00ednculos entre ellos tambi\u00e9n que trascienden lo profesional. <\/p>\n<p><b>-En ese aspecto, en <i>Patria y familia<\/i> la vida p\u00fablica y la vida privada de los dirigentes pol\u00edticos tienen una distancia muy grande entre s\u00ed. \u00bfLa cre\u00e9s as\u00ed en la pol\u00edtica o en los personajes p\u00fablicos? <\/b><\/p>\n<p>-Quise plantear otro debate. En un momento el personaje dice, \u201c\u00bfUstedes creen que si soy fiel, si tengo una vida ordenada, voy a ser mejor presidente? Es una estupidez eso\u201d. Incluso, agrega, \u201cSi yo tengo como prioridad a la familia, voy a ser un mal presidente. El presidente se tiene que dedicar a su cargo las 24 horas\u201d. Y es algo en lo que estoy de acuerdo. El costo que tiene que pagar una persona que quiere dedicarse a la pol\u00edtica es trabajar las 24 horas. Si vas a ser presidente de un pa\u00eds, ten\u00e9s que postergar el resto, porque si no, \u00bfc\u00f3mo hac\u00e9s? Si nosotros con nuestros trabajos tenemos que postergar cosas por una reuni\u00f3n y tenemos cinco whatsapps sin contestar, un presidente requiere dedicaci\u00f3n exclusiva. Tambi\u00e9n creo que es l\u00f3gico que haya una diferencia entre vida privada y p\u00fablica. Con respecto a la comedia, a m\u00ed me pasa: hay chistes que en p\u00fablico no los hago y en privado s\u00ed. Nunca sabemos a qu\u00e9 persona votamos. En ese sentido, me parece m\u00e1s transparente \u201cel Javo\u201d. En ese sentido, aclaro. Pero el debate es ese: \u00bfimporta la persona o lo que importa es lo que va a hacer como presidente? <\/p>\n<p><b>-En la novela hay numerosas referencias al rock argentino, m\u00e1s espec\u00edficamente a Luis Alberto Spinetta, tanto en el nombre del protagonista como en sus canciones formando parte del relato. \u00bfPor qu\u00e9 decidiste incluirlas? <\/b><\/p>\n<p>-Tiene que ver con la historia. El padre del protagonista es un m\u00fasico frustrado, admirador de Spinetta, y le puso Luis Alberto por eso. Me pareci\u00f3 que como la novela estaba escrita de manera tan coloquial, era interesante sumar el vuelo creativo y profundo de Spinetta. Como una manera de contraponer tanta frialdad con algo m\u00e1s po\u00e9tico. Podr\u00eda haber usado a Charly, a quien escucho mucho m\u00e1s que a Spinetta. Me encantan los dos, por supuesto, pero Charly es como Dios. Pero me decid\u00ed por Spinetta porque sus letras tienen otro vuelo. En un mundo tan directo y literal, donde todo se hace por inter\u00e9s, un mundo tan fr\u00edo, tan poco amoroso, Spinetta le aporta amorosidad y sentimientos.\u00a0<\/p>\n<p><!-- Live Blog Post --><\/div>\n<p><a href=\"https:\/\/www.pagina12.com.ar\/790203-sebastian-wainraich-me-baso-mas-en-los-personajes-que-en-la-\">source<\/a><\/p>\n","protected":false},"excerpt":{"rendered":"<p>Son las dos de la ma\u00f1ana y Luis Alberto Camino no puede conciliar el sue\u00f1o&#8230;.<\/p>\n","protected":false},"author":0,"featured_media":196618,"comment_status":"open","ping_status":"open","sticky":false,"template":"","format":"standard","meta":{"footnotes":""},"categories":[4],"tags":[],"class_list":["post-196617","post","type-post","status-publish","format-standard","has-post-thumbnail","hentry","category-espectaculos"],"featured_image_urls":{"full":["https:\/\/radiofenix.com.ar\/2023\/wp-content\/uploads\/wp-header-logo.png",0,0,false],"thumbnail":["https:\/\/radiofenix.com.ar\/2023\/wp-content\/uploads\/wp-header-logo.png",1,1,false],"medium":["https:\/\/radiofenix.com.ar\/2023\/wp-content\/uploads\/wp-header-logo.png",1,1,false],"medium_large":["https:\/\/radiofenix.com.ar\/2023\/wp-content\/uploads\/wp-header-logo.png",1,1,false],"large":["https:\/\/radiofenix.com.ar\/2023\/wp-content\/uploads\/wp-header-logo.png",1,1,false],"1536x1536":["https:\/\/radiofenix.com.ar\/2023\/wp-content\/uploads\/wp-header-logo.png",1,1,false],"2048x2048":["https:\/\/radiofenix.com.ar\/2023\/wp-content\/uploads\/wp-header-logo.png",1,1,false],"newsium-slider-full":["https:\/\/radiofenix.com.ar\/2023\/wp-content\/uploads\/wp-header-logo.png",1,1,false],"newsium-featured":["https:\/\/radiofenix.com.ar\/2023\/wp-content\/uploads\/wp-header-logo.png",1,1,false],"newsium-medium":["https:\/\/radiofenix.com.ar\/2023\/wp-content\/uploads\/wp-header-logo.png",1,1,false]},"author_info":{"info":[""]},"category_info":"<a href=\"https:\/\/radiofenix.com.ar\/2023\/category\/espectaculos\/\" rel=\"category tag\">Espectaculos<\/a>","tag_info":"Espectaculos","comment_count":"0","_links":{"self":[{"href":"https:\/\/radiofenix.com.ar\/2023\/wp-json\/wp\/v2\/posts\/196617","targetHints":{"allow":["GET"]}}],"collection":[{"href":"https:\/\/radiofenix.com.ar\/2023\/wp-json\/wp\/v2\/posts"}],"about":[{"href":"https:\/\/radiofenix.com.ar\/2023\/wp-json\/wp\/v2\/types\/post"}],"replies":[{"embeddable":true,"href":"https:\/\/radiofenix.com.ar\/2023\/wp-json\/wp\/v2\/comments?post=196617"}],"version-history":[{"count":0,"href":"https:\/\/radiofenix.com.ar\/2023\/wp-json\/wp\/v2\/posts\/196617\/revisions"}],"wp:featuredmedia":[{"embeddable":true,"href":"https:\/\/radiofenix.com.ar\/2023\/wp-json\/wp\/v2\/media\/196618"}],"wp:attachment":[{"href":"https:\/\/radiofenix.com.ar\/2023\/wp-json\/wp\/v2\/media?parent=196617"}],"wp:term":[{"taxonomy":"category","embeddable":true,"href":"https:\/\/radiofenix.com.ar\/2023\/wp-json\/wp\/v2\/categories?post=196617"},{"taxonomy":"post_tag","embeddable":true,"href":"https:\/\/radiofenix.com.ar\/2023\/wp-json\/wp\/v2\/tags?post=196617"}],"curies":[{"name":"wp","href":"https:\/\/api.w.org\/{rel}","templated":true}]}}