{"id":196623,"date":"2024-12-15T12:22:06","date_gmt":"2024-12-15T12:22:06","guid":{"rendered":"https:\/\/radiofenix.com.ar\/2023\/velez-huracan-y-talleres-van-por-el-titulo-a-que-hora-juegan-y-como-verlos\/"},"modified":"2024-12-15T12:22:06","modified_gmt":"2024-12-15T12:22:06","slug":"velez-huracan-y-talleres-van-por-el-titulo-a-que-hora-juegan-y-como-verlos","status":"publish","type":"post","link":"https:\/\/radiofenix.com.ar\/2023\/velez-huracan-y-talleres-van-por-el-titulo-a-que-hora-juegan-y-como-verlos\/","title":{"rendered":"V\u00e9lez, Hurac\u00e1n y Talleres van por el t\u00edtulo: a qu\u00e9 hora juegan y c\u00f3mo verlos"},"content":{"rendered":"<div><!-- Body --><\/p>\n<p>Tras 26 fechas disputadas y luego de los \u00faltimos traspi\u00e9s de <b>V\u00e9lez<\/b>, que lideraba en soledad hasta su ca\u00edda ante Uni\u00f3n de la fecha pasada,<b> la Liga Profesional llega a su momento de definici\u00f3n este domingo<\/b>. Los dirigidos por Gustavo Quinteros igualmente parten con ventaja producto de tener 48 puntos, al igual que <b>Talleres<\/b>, pero con mejor diferencia de gol (+20 vs +9). Dos puntos por debajo llega <b>Hurac\u00e1n<\/b>, que puede dar el zarpazo si consigue el triunfo en Liniers (televisaci\u00f3n de ESPN Premium) y el conjunto cordob\u00e9s no le gana a Newell&#8217;s (por TNT Sports). Los dos partidos se estar\u00e1n jugando <b>desde las 19:30<\/b>.<\/p>\n<p><b>La semana que V\u00e9lez tanto esperaba en el calendario arrib\u00f3\u00a0y no lo encuentra como quisiera.<\/b> La chance de ir por dos estrellas en cinco d\u00edas empez\u00f3 a truncarse tras la derrota 1 a 0 en la final de la Copa Argentina ante Central C\u00f3rdoba, el mi\u00e9rcoles, en el estadio de Uni\u00f3n.  Dos derrotas por el mismo resultado en el estadio 15 de Abril abrieron un serie importante de interrogantes a un equipo al que se le escap\u00f3 su segunda final consecutiva (la Copa de la Liga anterior la perdi\u00f3 por penales ante Estudiantes tras igualar 1-1), que <b>llega cansado f\u00edsicamente, con bajas de peso (Emanuel Mammana por llegar a la 5\u00aa amarilla y Thiago Fern\u00e1ndez por lesi\u00f3n) y golpeado emocionalmente <\/b>por la pelea de su gente contra algunos de sus jugadores cuando estos se metieron en la tribuna a defender a sus familiares quienes hab\u00edan reaccionado al escuchar insultos y recriminaciones a los suyos cuando la derrota asechaba.<\/p>\n<p>Para tratar de cambiar el chip y reencontrar una mejor versi\u00f3n, el DT dejar\u00eda de lado el 4-3-3 que utiliz\u00f3 en Copa Argentina y <b>volver\u00eda al 4-2-3-1 con Claudio Aquino desde el comienzo. En la vereda de enfrente estar\u00e1 Hurac\u00e1n<\/b>, que tras la derrota ante Talleres de la fecha 25\u00aa parec\u00eda fuera de carrera, pero volvi\u00f3 a candidatearse tras el golazo de Eric Ram\u00edrez ante Platense. El equipo comandado por Frank\u00a0Dar\u00edo Kudelka quiere romper una <b>sequ\u00eda del club de 51 a\u00f1os sin t\u00edtulos en competiciones largas y emular la gesta del &#8217;73 de C\u00e9sar Menotti<\/b>, quien se nutri\u00f3 del talento de Houseman, Brindisi y Babington.<\/p>\n<p><b>El antecedente ineludible de este encuentro es el V\u00e9lez-Hurac\u00e1n del 5 de julio de 2009<\/b>, fecha en la que tambi\u00e9n se cerraba el torneo y en la que el conjunto de Ricardo Gareca se impuso uno a cero al de \u00c1ngel Cappa para coronarse campe\u00f3n del Clausura. Tal vez la jugada m\u00e1s recordada de aquel partido plagado de pol\u00e9micas bajo el arbitraje de <b>Gabriel Brazenas<\/b> haya sido la posible infracci\u00f3n de Larrivey al arquero Monz\u00f3n que termin\u00f3 soltando la pelota y dej\u00e1ndosela a Maxi Moralez para que desate la locura. Tanta revuelo gener\u00f3 ese arbitraje que Brazenas no volvi\u00f3 a dirigir m\u00e1s.<\/p>\n<p><b>Para los todav\u00eda m\u00e1s memoriosos,<\/b> este duelo empez\u00f3 a tomar mayor espesor desde que el 3 de octubre de <b>1971 <\/b>el elenco de Parque Patricios super\u00f3 al Fort\u00edn por 2 a 1 en el Jos\u00e9 Amalfitani y le sirvi\u00f3 de esa forma el <b>Metropolitano <\/b>a Independiente.<\/p>\n<p><iframe style=\"border: 0px; position: absolute; top: 0px; left: 0px; height: 100%;\" allowfullscreen=\"\" frameborder=\"0\" src=\"https:\/\/www.youtube.com\/embed\/1DkC_X7wAzA\"><\/iframe><\/p>\n<p><b>Tan movilizado est\u00e1 el pueblo quemero que su gente prepar\u00f3 un banderazo en la puerta del hotel donde concentra el equipo para darle respaldo<\/b>. El entrenador cuenta con todos sus jugadores a disposici\u00f3n para plasmar el 4-3-3 que viene eligiendo, a excepci\u00f3n de Lucas Carrizo, quien sufri\u00f3 la rotura del ligamento hace un mes y medio. Con contras r\u00e1pidas, juego directo, la solidez del arquero nacionalizado ecuatoriano Hern\u00e1nd\u00a0Gal\u00edndez y la capacidad de sus dos volantes chilenos Williams Alarc\u00f3n y Rodrigo Echeverr\u00eda, quiere sorprender a todos y aprovechar la chance que se le abri\u00f3.<\/p>\n<p>El equipo ser\u00eda el mismo que viene de superar a Platense con una \u00fanica duda en ataque: ratificar a <b>Ram\u00f3n Abila<\/b>, el centrodelantero del equipo al que le fue bien contra V\u00e9lez, u optar por <b>Eric Ram\u00edrez<\/b>, de mayor movilidad y <a href=\"https:\/\/www.pagina12.com.ar\/789152-liga-profesional-huracan-gano-con-lo-justo-y-no-se-baja-de-l\">autor del tanto que reaviv\u00f3 la esperanza<\/a>.<\/p>\n<p>Por el lado de <b>Talleres<\/b>, de golpe todo lo cierra, salvo su diferencia de gol (que tambi\u00e9n lo tiene por debajo de Hurac\u00e1n). Es una de las revelaciones del torneo por su juego, <b>viene de ganar sus \u00faltimos cinco partidos y cierra de local ante Newell\u2019s<\/b>, que ocupa la posici\u00f3n 26\u00aa de la tabla, tiene t\u00e9cnico nuevo (Mariano Soso) y varios jugadores lesionados.<\/p>\n<p>El presente del equipo cordob\u00e9s pareci\u00f3 torcerse con la llegada de <b>Alexander \u201cCacique\u201d Medina <\/b>a principios de septiembre. El entrenador uruguayo tuvo un paso fruct\u00edfero entre 2019 y 2021 -con un tercer puesto en el campeonato y una derrota en la final de la Copa Argentina ante Boca- y ahora buscar\u00e1 inmortalizar su nombre con <b>una estrella que hasta ahora la instituci\u00f3n nunca pudo conseguir en Primera Divisi\u00f3n<\/b>.<\/p>\n<p>En su af\u00e1n por lograrlo deber\u00e1 decidir c\u00f3mo arma la zona de ataque porque dos de sus principales int\u00e9rpretes no estar\u00e1n disponibles: <b>Rub\u00e9n Botta por un desgarro y Mat\u00edas Galarza Fonda por haber llegado a la quinta amarilla<\/b>. Para terminar el domingo festejando necesita un triunfo ante el cuadro rosarino y que V\u00e9lez no gane.<\/p>\n<p><b>Adem\u00e1s de la vuelta ol\u00edmpica, la \u00faltima fecha define a los equipos que el a\u00f1o pr\u00f3ximo estar\u00e1n en copas internacionales.<\/b> Por la tabla anual, V\u00e9lez (73 puntos), Talleres (72) y River (70) tienen su lugar asegurado en Libertadores. Aunque dos de ellos jugar\u00e1n la fase de grupos y otro ir\u00e1 al repechaje. Por el momento Hurac\u00e1n (62) est\u00e1 clasificando a la Sudamericana, aunque se meter\u00e1 en Libertadores si logra el t\u00edtulo, situaci\u00f3n que no desea Boca, que quiere quedarse con el boleto al repechaje. Despu\u00e9s de tanto camino todo esta por definirse en una fecha que promete de todo (menos pelea por el descenso).<\/p>\n<h2>Formaciones posibles, hora y TV<\/h2>\n<ul>\n<li><b>V\u00c9LEZ:<\/b> Marchiori; J. Garcia, D. Fern\u00e1ndez, V. G\u00f3mez, E. G\u00f3mez; Ordo\u00f1ez, Bouzat, Pizzini, Aquino, Pellegrini; B. Romero. <b>DT: <\/b>Quinteros.<\/li>\n<li><b>HURAC\u00c1N:<\/b> Gal\u00edndez; De la Fuente, Pereyra, Tobio, Ib\u00e1\u00f1ez; Echeverr\u00eda, Fattori, Alarc\u00f3n, Mazzantti; \u00c1bila, Cabral. <b>DT:<\/b> Kudelka.<\/li>\n<li><b>Estadio:<\/b> V\u00e9lez Sarsfield. <b>\u00c1rbitro<\/b>: Facundo Tello. <b>Hora: <\/b>19:30. <b>TV:<\/b> ESPN Premium.<\/li>\n<\/ul>\n<ul>\n<li><b>TALLERES:<\/b> Herrera; Benav\u00eddez, Portillo, J.G. Rodr\u00edguez, Navarro; Galarza, Portilla; A. Mart\u00ednez, Esquivel o Depietri, Barticciotto; Tarragona.<b> DT: <\/b>Medina.<\/li>\n<li><b>NEWELL&#8217;S:<\/b> Reinatti; Schott, Jacob, G. Vel\u00e1zquez, Salcedo, Vangioni; Silvetti, Banega, J.I. M\u00e9ndez o Sotelo, Miljevic; J.I. Ram\u00edrez. <b>DT:<\/b> Soso.<\/li>\n<li><b>Estadio:<\/b> Mario Alberto Kempes (C\u00f3rdoba). <b>\u00c1rbitro<\/b>: Yael Falc\u00f3n Perez. <b>Hora: <\/b>19:30. <b>TV:<\/b> TNT Sports.<\/li>\n<\/ul>\n<p><!-- Live Blog Post --><\/div>\n<p><a href=\"https:\/\/www.pagina12.com.ar\/790422-velez-huracan-y-talleres-van-por-el-titulo-a-que-hora-juegan\">source<\/a><\/p>\n","protected":false},"excerpt":{"rendered":"<p>Tras 26 fechas disputadas y luego de los \u00faltimos traspi\u00e9s de V\u00e9lez, que lideraba en&#8230;<\/p>\n","protected":false},"author":0,"featured_media":196624,"comment_status":"open","ping_status":"open","sticky":false,"template":"","format":"standard","meta":{"footnotes":""},"categories":[3],"tags":[],"class_list":["post-196623","post","type-post","status-publish","format-standard","has-post-thumbnail","hentry","category-deportes"],"featured_image_urls":{"full":["https:\/\/radiofenix.com.ar\/2023\/wp-content\/uploads\/wp-header-logo.png",0,0,false],"thumbnail":["https:\/\/radiofenix.com.ar\/2023\/wp-content\/uploads\/wp-header-logo.png",1,1,false],"medium":["https:\/\/radiofenix.com.ar\/2023\/wp-content\/uploads\/wp-header-logo.png",1,1,false],"medium_large":["https:\/\/radiofenix.com.ar\/2023\/wp-content\/uploads\/wp-header-logo.png",1,1,false],"large":["https:\/\/radiofenix.com.ar\/2023\/wp-content\/uploads\/wp-header-logo.png",1,1,false],"1536x1536":["https:\/\/radiofenix.com.ar\/2023\/wp-content\/uploads\/wp-header-logo.png",1,1,false],"2048x2048":["https:\/\/radiofenix.com.ar\/2023\/wp-content\/uploads\/wp-header-logo.png",1,1,false],"newsium-slider-full":["https:\/\/radiofenix.com.ar\/2023\/wp-content\/uploads\/wp-header-logo.png",1,1,false],"newsium-featured":["https:\/\/radiofenix.com.ar\/2023\/wp-content\/uploads\/wp-header-logo.png",1,1,false],"newsium-medium":["https:\/\/radiofenix.com.ar\/2023\/wp-content\/uploads\/wp-header-logo.png",1,1,false]},"author_info":{"info":[""]},"category_info":"<a href=\"https:\/\/radiofenix.com.ar\/2023\/category\/deportes\/\" rel=\"category tag\">Deportes<\/a>","tag_info":"Deportes","comment_count":"0","_links":{"self":[{"href":"https:\/\/radiofenix.com.ar\/2023\/wp-json\/wp\/v2\/posts\/196623","targetHints":{"allow":["GET"]}}],"collection":[{"href":"https:\/\/radiofenix.com.ar\/2023\/wp-json\/wp\/v2\/posts"}],"about":[{"href":"https:\/\/radiofenix.com.ar\/2023\/wp-json\/wp\/v2\/types\/post"}],"replies":[{"embeddable":true,"href":"https:\/\/radiofenix.com.ar\/2023\/wp-json\/wp\/v2\/comments?post=196623"}],"version-history":[{"count":0,"href":"https:\/\/radiofenix.com.ar\/2023\/wp-json\/wp\/v2\/posts\/196623\/revisions"}],"wp:featuredmedia":[{"embeddable":true,"href":"https:\/\/radiofenix.com.ar\/2023\/wp-json\/wp\/v2\/media\/196624"}],"wp:attachment":[{"href":"https:\/\/radiofenix.com.ar\/2023\/wp-json\/wp\/v2\/media?parent=196623"}],"wp:term":[{"taxonomy":"category","embeddable":true,"href":"https:\/\/radiofenix.com.ar\/2023\/wp-json\/wp\/v2\/categories?post=196623"},{"taxonomy":"post_tag","embeddable":true,"href":"https:\/\/radiofenix.com.ar\/2023\/wp-json\/wp\/v2\/tags?post=196623"}],"curies":[{"name":"wp","href":"https:\/\/api.w.org\/{rel}","templated":true}]}}