{"id":196627,"date":"2024-12-15T12:22:09","date_gmt":"2024-12-15T12:22:09","guid":{"rendered":"https:\/\/radiofenix.com.ar\/2023\/javier-milei-lo-hizo-se-desplomaron-los-salarios-del-conicet-y-la-inversion-en-ciencia\/"},"modified":"2024-12-15T12:22:09","modified_gmt":"2024-12-15T12:22:09","slug":"javier-milei-lo-hizo-se-desplomaron-los-salarios-del-conicet-y-la-inversion-en-ciencia","status":"publish","type":"post","link":"https:\/\/radiofenix.com.ar\/2023\/javier-milei-lo-hizo-se-desplomaron-los-salarios-del-conicet-y-la-inversion-en-ciencia\/","title":{"rendered":"Javier Milei lo hizo: se desplomaron los salarios del Conicet y la inversi\u00f3n en ciencia"},"content":{"rendered":"<div id=\"\">\n<div contenteditable=\"false\" class=\"embed_cont type_imagen\" id=\"8017817-Libre-1191112204_wrap\">\n<p>salarios cientifios universitarios.jpg <span onclick=\"parent.parent.TinyMCETdcuerpo.preview_embed('8017817-Libre-1191112204')\" class=\"embed_colapse less\" id=\"8017817-Libre-1191112204_colapse\"\/>  <span onclick=\"parent.parent.TinyMCETdcuerpo.delete_embed('8017817-Libre-1191112204')\" class=\"embed_delete less\" id=\"8017817-Libre-1191112204_delete\"\/><\/p>\n<div id=\"8017817-Libre-1191112204_content\" class=\"embed_content\"><img decoding=\"async\" src=\"https:\/\/media.minutouno.com\/p\/f053c5531d7271f9bef6142cb78f16b0\/adjuntos\/150\/imagenes\/042\/041\/0042041121\/610x0\/smart\/salarios-cientifios-universitariosjpg.jpg\" alt=\"\" title=\"\" width=\"610\" height=\"undefined\" id=\"8017817-Libre-1191112204_embed\"\/><\/div>\n<\/p><\/div>\n<p>Ese personal representa casi una tercera parte de <strong>todo personal de ciencia en el pa\u00eds, y en t\u00e9rminos interanuales alcanzaron una ca\u00edda salarial del 22,4% real<\/strong> respecto de noviembre de 2023.<\/p>\n<p>M\u00e1s grave todav\u00eda es la situaci\u00f3n de los <strong>investigadores de Conicet, cuyos ingresos ya se ubican con una ca\u00edda del 29,7% en t\u00e9rminos reales<\/strong> desde que se pusieron en pr\u00e1ctica las pol\u00edticas econ\u00f3micas y sociales anarcocapitalistas.<\/p>\n<div contenteditable=\"false\" class=\"embed_cont type_imagen\" id=\"8017814-Libre-1823261261_wrap\">\n<p>salarios conicet.jpg <span onclick=\"parent.parent.TinyMCETdcuerpo.preview_embed('8017814-Libre-1823261261')\" class=\"embed_colapse less\" id=\"8017814-Libre-1823261261_colapse\"\/>  <span onclick=\"parent.parent.TinyMCETdcuerpo.delete_embed('8017814-Libre-1823261261')\" class=\"embed_delete less\" id=\"8017814-Libre-1823261261_delete\"\/><\/p>\n<div id=\"8017814-Libre-1823261261_content\" class=\"embed_content\"><img decoding=\"async\" src=\"https:\/\/media.minutouno.com\/p\/332d0c6bf481f3772572359cadb17383\/adjuntos\/150\/imagenes\/042\/041\/0042041118\/610x0\/smart\/salarios-conicetjpg.jpg\" alt=\"\" title=\"\" width=\"610\" height=\"undefined\" id=\"8017814-Libre-1823261261_embed\"\/><\/div>\n<\/p><\/div>\n<p>De acuerdo a los datos recabados por EPC, el desplome en la inversi\u00f3n p\u00fablica tambi\u00e9n se vio reflejado en cuanto a la inversi\u00f3n: \u201cEn el primer a\u00f1o de gobierno de Milei, <strong>cayeron todos los indicadores de inversi\u00f3n estatal en ciencia y tecnolog\u00eda<\/strong>. Descendieron el <strong>presupuesto, los salarios, los subsidios, la inversi\u00f3n en federalizaci\u00f3n, la cantidad de empleos y la investigaci\u00f3n en universidades<\/strong>\u201d, alerta el informe.<\/p>\n<div contenteditable=\"false\" class=\"embed_cont type_imagen\" id=\"8017816-Libre-1840758733_wrap\">\n<p>caida inversion.jpg <span onclick=\"parent.parent.TinyMCETdcuerpo.preview_embed('8017816-Libre-1840758733')\" class=\"embed_colapse less\" id=\"8017816-Libre-1840758733_colapse\"\/>  <span onclick=\"parent.parent.TinyMCETdcuerpo.delete_embed('8017816-Libre-1840758733')\" class=\"embed_delete less\" id=\"8017816-Libre-1840758733_delete\"\/><\/p>\n<div id=\"8017816-Libre-1840758733_content\" class=\"embed_content\"><img decoding=\"async\" src=\"https:\/\/media.minutouno.com\/p\/a5180cc6ebd5f3b0b363f974fae81490\/adjuntos\/150\/imagenes\/042\/041\/0042041120\/610x0\/smart\/caida-inversionjpg.jpg\" alt=\"\" title=\"\" width=\"610\" height=\"undefined\" id=\"8017816-Libre-1840758733_embed\"\/><\/div>\n<\/p><\/div>\n<h2>Ni en la dictadura le fue tan mal a la ciencia argentina<\/h2>\n<p>Nicol\u00e1s Lavagnino, director del grupo EPC-CIICTI e investigador del Conicet, afirm\u00f3 por la se\u00f1al <em>C5N<\/em> que <strong>\u00abni con los militares, ni siquiera con Macri en cuatro a\u00f1os, se perdi\u00f3 en el Conicet lo que en un a\u00f1o con Milei\u00bb<\/strong>.<\/p>\n<p>En ese sentido, precis\u00f3 que durante todo el gobierno de Juntos por el Cambio el organismo perdi\u00f3 25 puntos, mientras <strong>que con la actual gesti\u00f3n de LLA la sangr\u00eda alcanz\u00f3 los 30 puntos en solo un a\u00f1o<\/strong>.<\/p>\n<p>Tras se\u00f1alar que \u00ab<strong>aun con la inflaci\u00f3n cayendo, cuando ten\u00e9s una suba nominal del salario ganas m\u00e1s pero pod\u00e9s comprar menos<\/strong>\u00ab, Lavagnino se mostr\u00f3 pesimista en cuanto a las pol\u00edticas salariales libertarias al se\u00f1alar que \u00abno parece que vaya a existir una recomposici\u00f3n\u00bb salarial para el sector.<\/p>\n<p>Por otro lado, el investigador dijo que \u00ab<strong>se est\u00e1 viendo un desplazamiento de docentes permanente. Este a\u00f1o hubo un 30% menos de aspirantes a becas<\/strong>, porque antes de empezar una carrera acad\u00e9mica lo piensan tres o cuatro veces\u201d.<\/p>\n<p>\u201cLos ingresos al Conicet est\u00e1n cerrados\u00bb, a\u00f1adi\u00f3, advirtiendo que as\u00ed se produce una \u00abfuga de cerebros\u00bb. <strong>\u201cNosotros exportamos a precio cero personal alt\u00edsimamente calificado, que se integra a entramados productivos y cient\u00edficos en otros pa\u00edses\u201d<\/strong>, explic\u00f3 Lavagnino.<\/p>\n<p>\u201cEntonces, <strong>la p\u00e9rdida de estos profesionales calificados es una transferencia directa de recursos<\/strong>. Lo hicimos en los 70, en los 90 y est\u00e1 ocurriendo nuevamente\u00bb, sentenci\u00f3.<\/p>\n<div contenteditable=\"false\" class=\"embed_cont type_documento\" id=\"8017820-1487115444_wrap\">\n<p>epc-iescyt-n.14-noviembre-2024.pdf <span onclick=\"parent.parent.TinyMCETdcuerpo.preview_embed('8017820-1487115444')\" class=\"embed_colapse less\" id=\"8017820-1487115444_colapse\"\/>  <span onclick=\"parent.parent.TinyMCETdcuerpo.delete_embed('8017820-1487115444')\" class=\"embed_delete less\" id=\"8017820-1487115444_delete\"\/><\/p>\n<\/p><\/div>\n<div contenteditable=\"false\" class=\"embed_cont type_freetext\" rel=\"freetext\" id=\"embed4_wrap\">\n<p> Embed <span onclick=\"parent.parent.TinyMCETdcuerpo.preview_embed('embed4')\" class=\"embed_colapse less\" id=\"embed4_colapse\"\/> <span onclick=\"parent.parent.TinyMCETdcuerpo.delete_embed('embed4')\" class=\"embed_delete less\" id=\"embed4_delete\"\/><\/p>\n<div id=\"embed4_content\" class=\"embed_content\">\n<div id=\"embed4_embed\">\n<figure class=\"figure\"><a href=\"https:\/\/t.me\/minutounocom\" target=\"_blank\" rel=\"noopener\"><img decoding=\"async\" src=\"https:\/\/media.minutouno.com\/adjuntos\/150\/banners\/039\/099\/0039099175.jpg\" class=\"figure-img img-fluid\" style=\"width:100%;height:auto;\"\/><\/a><\/figure>\n<\/div>\n<\/div><\/div>\n<\/div>\n<p><a href=\"https:\/\/www.minutouno.com\/politica\/javier-milei-lo-hizo-se-desplomaron-los-salarios-del-conicet-y-la-inversion-ciencia-n6092990\">source<\/a><\/p>\n","protected":false},"excerpt":{"rendered":"<p>salarios cientifios universitarios.jpg Ese personal representa casi una tercera parte de todo personal de ciencia&#8230;<\/p>\n","protected":false},"author":0,"featured_media":196628,"comment_status":"open","ping_status":"open","sticky":false,"template":"","format":"standard","meta":{"footnotes":""},"categories":[2],"tags":[],"class_list":["post-196627","post","type-post","status-publish","format-standard","has-post-thumbnail","hentry","category-politica"],"featured_image_urls":{"full":["https:\/\/radiofenix.com.ar\/2023\/wp-content\/uploads\/wp-header-logo.png",0,0,false],"thumbnail":["https:\/\/radiofenix.com.ar\/2023\/wp-content\/uploads\/wp-header-logo.png",1,1,false],"medium":["https:\/\/radiofenix.com.ar\/2023\/wp-content\/uploads\/wp-header-logo.png",1,1,false],"medium_large":["https:\/\/radiofenix.com.ar\/2023\/wp-content\/uploads\/wp-header-logo.png",1,1,false],"large":["https:\/\/radiofenix.com.ar\/2023\/wp-content\/uploads\/wp-header-logo.png",1,1,false],"1536x1536":["https:\/\/radiofenix.com.ar\/2023\/wp-content\/uploads\/wp-header-logo.png",1,1,false],"2048x2048":["https:\/\/radiofenix.com.ar\/2023\/wp-content\/uploads\/wp-header-logo.png",1,1,false],"newsium-slider-full":["https:\/\/radiofenix.com.ar\/2023\/wp-content\/uploads\/wp-header-logo.png",1,1,false],"newsium-featured":["https:\/\/radiofenix.com.ar\/2023\/wp-content\/uploads\/wp-header-logo.png",1,1,false],"newsium-medium":["https:\/\/radiofenix.com.ar\/2023\/wp-content\/uploads\/wp-header-logo.png",1,1,false]},"author_info":{"info":[""]},"category_info":"<a href=\"https:\/\/radiofenix.com.ar\/2023\/category\/politica\/\" rel=\"category tag\">Pol\u00edtica<\/a>","tag_info":"Pol\u00edtica","comment_count":"0","_links":{"self":[{"href":"https:\/\/radiofenix.com.ar\/2023\/wp-json\/wp\/v2\/posts\/196627","targetHints":{"allow":["GET"]}}],"collection":[{"href":"https:\/\/radiofenix.com.ar\/2023\/wp-json\/wp\/v2\/posts"}],"about":[{"href":"https:\/\/radiofenix.com.ar\/2023\/wp-json\/wp\/v2\/types\/post"}],"replies":[{"embeddable":true,"href":"https:\/\/radiofenix.com.ar\/2023\/wp-json\/wp\/v2\/comments?post=196627"}],"version-history":[{"count":0,"href":"https:\/\/radiofenix.com.ar\/2023\/wp-json\/wp\/v2\/posts\/196627\/revisions"}],"wp:featuredmedia":[{"embeddable":true,"href":"https:\/\/radiofenix.com.ar\/2023\/wp-json\/wp\/v2\/media\/196628"}],"wp:attachment":[{"href":"https:\/\/radiofenix.com.ar\/2023\/wp-json\/wp\/v2\/media?parent=196627"}],"wp:term":[{"taxonomy":"category","embeddable":true,"href":"https:\/\/radiofenix.com.ar\/2023\/wp-json\/wp\/v2\/categories?post=196627"},{"taxonomy":"post_tag","embeddable":true,"href":"https:\/\/radiofenix.com.ar\/2023\/wp-json\/wp\/v2\/tags?post=196627"}],"curies":[{"name":"wp","href":"https:\/\/api.w.org\/{rel}","templated":true}]}}