{"id":196629,"date":"2024-12-15T12:22:14","date_gmt":"2024-12-15T12:22:14","guid":{"rendered":"https:\/\/radiofenix.com.ar\/2023\/padre-cesar-la-iglesia-tiene-mucho-que-ver-con-el-rock-and-roll\/"},"modified":"2024-12-15T12:22:14","modified_gmt":"2024-12-15T12:22:14","slug":"padre-cesar-la-iglesia-tiene-mucho-que-ver-con-el-rock-and-roll","status":"publish","type":"post","link":"https:\/\/radiofenix.com.ar\/2023\/padre-cesar-la-iglesia-tiene-mucho-que-ver-con-el-rock-and-roll\/","title":{"rendered":"Padre C\u00e9sar: &quot;La iglesia tiene mucho que ver con el rock and roll&quot;"},"content":{"rendered":"<div><!-- Body --><\/p>\n<p><b> El Padre C\u00e9sar asegura que se ve mucho m\u00e1s con m\u00fasicos de rock que con curas.<\/b> Que lo que Jes\u00fas hizo hace m\u00e1s de dos mil a\u00f1os tiene mucho m\u00e1s de rock and roll que de vals vien\u00e9s y que, por ello <b>\u201cser\u00eda muy loco que la iglesia no congeniara con el mundo del rock\u201d.<\/b> \u201cMi vida es con m\u00fasicos, con artistas, con gente com\u00fan, de la calle, y tambi\u00e9n con algunos sacerdotes y monjas. <b>Dios es un consuelo para el dolor, s\u00ed, pero es bueno que tambi\u00e9n haya momentitos de joda,<\/b> de esos que hacen bien a los seres humanos\u201d, sentencia el cura rockero de Villa Luro que, Sony mediante, acaba de publicar un disco llamado <i>Cambio de planes<\/i>, con canciones suyas ejecutadas junto a <b>Cristian \u201cPity\u201d \u00c1lvarez, Juanse y Daniel Melingo,<\/b> entre otros.\u00a0<\/p>\n<p>\u201cCambiar de planes es algo constante en una vida cuando sucede algo adverso. Es algo que tiene que ver con la vida misma, con que est\u00e1s vivo y acept\u00e1s estos cambios, porque todo plan puede transformarse en otro plan\u201d, dice \u00e9l, en otro acto poco amigo del conservadurismo eclesial, que por supuesto no es el suyo ni el de much\u00edsimos curas y sacerdotes como \u00e9l. \u201c\u00bfPor qu\u00e9 le puse as\u00ed al disco?, porque cada una de las canciones tiene que ver con <b>un cambio de plan en la vida de alguien\u201d.  <\/b><\/p>\n<p> Por ejemplo la del Pity, junto a quien el copado cura grab\u00f3 <b>\u201cFalopero\u201d<\/b> a dos voces, acompa\u00f1ado adem\u00e1s por el \u201cBolsa\u201d Gonz\u00e1lez, en bater\u00eda y el hist\u00f3rico \u201cAlambre\u201d Gonz\u00e1lez en viola el\u00e9ctrica. O la de Juanse que comparti\u00f3 con C\u00e9sar el tema <b>\u201cHistorias\u201d.<\/b> O la de Daniel Melingo, cuya voz ronca viste <b>\u201cAve de paso\u201d. <\/b>De los tres, claro, el padre tiene cosas para contar. Del primero, que lo conoci\u00f3 un d\u00eda mediante <b>Carlos Garc\u00eda L\u00f3pez, el \u201cNegro\u201d, <\/b>en la trastienda de El Condado. \u201cEse d\u00eda Cristian vino muy educadamente a abrazarme. Le dije que yo hac\u00eda un cover de &#8216;Est\u00e1 saliendo el sol&#8217; con mi banda, y me dijo &#8216;no s\u00e9 si creemos en un mismo Dios, pero por lo menos para m\u00ed es el que me ilumina, el sol&#8217;. Le contest\u00e9 que los dos creemos en Dios. A partir de ah\u00ed surgi\u00f3 una <b>amistad <\/b>muy grande. Nos vemos todo el tiempo\u201d.<\/p>\n<p><b>&#8211;<\/b><b>\u201cDicen que sos un falopero \/ que viv\u00eds al pedo \/<\/b><b>Que no merec\u00e9s otra oportunidad \/ Dicen que viaj\u00e1s colocado \/ que est\u00e1s hasta las manos \/ Y que no pod\u00e9s vivir en libertad\u201d <\/b><b>\u00bfPor qu\u00e9 \u201cFalopero\u201d?<\/b><\/p>\n<p>-Porque ve\u00eda que se dec\u00edan muchas cosas sobre \u00e9l desde un lugar de <b>ignorancia<\/b>. El tema es por \u00e9l, y por muchos pibes y pibas a los que se <b>estigmatiza <\/b>con esa palabra. Por eso, lo de sabios ignorantes que lo \u00fanico que hacen es condenar desde una ignorancia muy grande. <\/p>\n<p> La liga del Padre con Juanse tambi\u00e9n es de largo aliento. Se conocieron en un recital en que terminaron tocando juntos. Su presencia en \u201cHistorias\u201d, un <b>rock and roll hecho y derecho,<\/b> es una deriva natural del v\u00ednculo. No as\u00ed la presencia de Melingo, con quien el cura no ten\u00eda contacto. \u201cEso vino por el Pity\u201d, asegura. \u201cUn d\u00eda \u00e9l me acompa\u00f1\u00f3 al estudio en el que est\u00e1bamos haciendo la preproducci\u00f3n del disco, apareci\u00f3 &#8216;Ave de paso&#8217; y me dijo <b>&#8216;esto es para Melingo&#8217;,<\/b> y a la semana me apareci\u00f3 un mensaje suyo en el celular. Vino a casa, hicimos unos pollitos a la parrilla en la terraza, y la cosa surgi\u00f3\u201d<\/p>\n<p><b> -\u00bfC\u00f3mo congenia, o c\u00f3mo hac\u00e9s congeniar, mejor dicho, a la iglesia con una manifestaci\u00f3n art\u00edstica que ha sido muchas veces contracultural en relaci\u00f3n con los preceptos morales religiosos, en general?<\/b><\/p>\n<p> -Yo creo que <b>la iglesia tiene mucho que ver con el rock and roll.<\/b> Cristo tuvo mucho rock, por eso hizo la vida que hizo y subi\u00f3 a la cruz como subi\u00f3. Eso no es para un vals vien\u00e9s sino para alguien con un power muy grande. Otra cosa: el rock es para seres humanos, y el mensaje de Jes\u00fas tambi\u00e9n lo es. <b>\u00bfQui\u00e9n dijo que los seres humanos tienen que tener una vida correcta, perfecta, para pertenecer a un modo de ver la vida?<\/b> Estar\u00eda muy mal que la iglesia estigmatizara a quien usa pelo largo, campera de cuero, tatuajes o aritos, porque justamente el mensaje es para seres humanos. Por lo tanto, para m\u00ed ser\u00eda muy loco que no congeniara la iglesia con el rock. <\/p>\n<p> Justo en el per\u00edodo transicional entre la ni\u00f1ez y la adolescencia fue que el sacerdote tom\u00f3 contacto con la m\u00fasica de rock. Cuenta que en su casa hab\u00eda discos de<b> Pink Floyd, Supertramp, Genesis, Stones y Beatles,<\/b> pero lo que m\u00e1s lo atrap\u00f3 fue el rock de ac\u00e1. \u201cHaber escuchado &#8216;Hombres de Hierro&#8217; por <b>Le\u00f3n Gieco<\/b> fue tremendo. Y as\u00ed puedo hablar de <b>Sui Generis, Spinetta o Pappo.<\/b> En ese momento yo no cre\u00eda en Dios, no cre\u00eda en nada, y esta gente me hizo creer en m\u00ed, en que tuviera la valent\u00eda de ser quien soy, y no en lo que me propon\u00eda un sistema. Hoy, que tengo la posibilidad de conocer a muchos de ellos, siempre les agradezco, porque fueron mis padres espirituales en mi adolescencia, y lo siguen siendo. Cuando hay buena onda, creyentes y no creyentes podemos<b> construir algo juntos,<\/b> de verdad, porque ninguno es m\u00e1s que el otro\u201d.<\/p>\n<p><b> <\/b>Otra arista insoslayable en la vida de C\u00e9sar es su muy cercano v\u00ednculo con el <b>Papa Francisco, <\/b>otrora Bergoglio, quien le encarg\u00f3 \u201cAmor abandonado\u201d, tema dedicado a las <b>prostitutas<\/b>, bajo la mirada no condenatoria de Jes\u00fas. \u201cAl Papa lo tuve de obispo durante veinte a\u00f1os y siempre respet\u00f3 lo de la m\u00fasica\u201d, cuenta C\u00e9sar, cuyo \u00faltimo encuentro con \u00e9l ocurri\u00f3 en 2014, cuando fue a tocar al Vaticano, en una jornada mundial por la paz. \u201cPienso que es un bien muy grande para la humanidad toda que Bergoglio sea el Papa, no solamente para los cat\u00f3licos. Como todas las personas tiene sus luces y sus sombras, pero entre las luces y las sombras se hace una gran luz, que irradia muy lindo\u201d.<b\/><\/p>\n<p><b> -\u00bfQu\u00e9 pens\u00e1s vos de este mundo raro, y cu\u00e1l es el rol que le cabe a la iglesia en \u00e9l?<\/b><\/p>\n<p> -Es un mundo que est\u00e1 patas para arriba la misi\u00f3n de la iglesia es <b>escuchar a las personas.<\/b> Estar en el hoy y no en el Medioevo, a trav\u00e9s de los medios que utiliza el mundo, como hac\u00eda Jes\u00fas, de quien hay que ofrecer su amor, no imponerlo. No olvidar este mundo del descarte, como dice Francisco, en el que tantas personas van quedando postergadas. La iglesia no puede mirar para otro lado en este mundo cada vez m\u00e1s tomado por la falopa. Tiene que <b>ayudar a reconstruir el tejido social<\/b> que se ha deshilvanado.<\/p>\n<p><b> -\u00bfY en la Argentina?<\/b><\/p>\n<p> -Seguir caminando el barrio, la calle y no quedarse entre cuatro paredes. Las parroquias son lugares donde es bueno estar, pero si a una parroquia van mil personas de 120 mil que hay en el barrio, tendr\u00edamos que salir a ver c\u00f3mo est\u00e1n las dem\u00e1s, qu\u00e9 les sucede, qu\u00e9 necesitan. <\/p>\n<p><!-- Live Blog Post --><\/div>\n<p><a href=\"https:\/\/www.pagina12.com.ar\/790357-padre-cesar-la-iglesia-tiene-mucho-que-ver-con-el-rock-and-r\">source<\/a><\/p>\n","protected":false},"excerpt":{"rendered":"<p>El Padre C\u00e9sar asegura que se ve mucho m\u00e1s con m\u00fasicos de rock que con&#8230;<\/p>\n","protected":false},"author":0,"featured_media":196630,"comment_status":"open","ping_status":"open","sticky":false,"template":"","format":"standard","meta":{"footnotes":""},"categories":[4],"tags":[],"class_list":["post-196629","post","type-post","status-publish","format-standard","has-post-thumbnail","hentry","category-espectaculos"],"featured_image_urls":{"full":["https:\/\/radiofenix.com.ar\/2023\/wp-content\/uploads\/wp-header-logo.png",0,0,false],"thumbnail":["https:\/\/radiofenix.com.ar\/2023\/wp-content\/uploads\/wp-header-logo.png",1,1,false],"medium":["https:\/\/radiofenix.com.ar\/2023\/wp-content\/uploads\/wp-header-logo.png",1,1,false],"medium_large":["https:\/\/radiofenix.com.ar\/2023\/wp-content\/uploads\/wp-header-logo.png",1,1,false],"large":["https:\/\/radiofenix.com.ar\/2023\/wp-content\/uploads\/wp-header-logo.png",1,1,false],"1536x1536":["https:\/\/radiofenix.com.ar\/2023\/wp-content\/uploads\/wp-header-logo.png",1,1,false],"2048x2048":["https:\/\/radiofenix.com.ar\/2023\/wp-content\/uploads\/wp-header-logo.png",1,1,false],"newsium-slider-full":["https:\/\/radiofenix.com.ar\/2023\/wp-content\/uploads\/wp-header-logo.png",1,1,false],"newsium-featured":["https:\/\/radiofenix.com.ar\/2023\/wp-content\/uploads\/wp-header-logo.png",1,1,false],"newsium-medium":["https:\/\/radiofenix.com.ar\/2023\/wp-content\/uploads\/wp-header-logo.png",1,1,false]},"author_info":{"info":[""]},"category_info":"<a href=\"https:\/\/radiofenix.com.ar\/2023\/category\/espectaculos\/\" rel=\"category tag\">Espectaculos<\/a>","tag_info":"Espectaculos","comment_count":"0","_links":{"self":[{"href":"https:\/\/radiofenix.com.ar\/2023\/wp-json\/wp\/v2\/posts\/196629","targetHints":{"allow":["GET"]}}],"collection":[{"href":"https:\/\/radiofenix.com.ar\/2023\/wp-json\/wp\/v2\/posts"}],"about":[{"href":"https:\/\/radiofenix.com.ar\/2023\/wp-json\/wp\/v2\/types\/post"}],"replies":[{"embeddable":true,"href":"https:\/\/radiofenix.com.ar\/2023\/wp-json\/wp\/v2\/comments?post=196629"}],"version-history":[{"count":0,"href":"https:\/\/radiofenix.com.ar\/2023\/wp-json\/wp\/v2\/posts\/196629\/revisions"}],"wp:featuredmedia":[{"embeddable":true,"href":"https:\/\/radiofenix.com.ar\/2023\/wp-json\/wp\/v2\/media\/196630"}],"wp:attachment":[{"href":"https:\/\/radiofenix.com.ar\/2023\/wp-json\/wp\/v2\/media?parent=196629"}],"wp:term":[{"taxonomy":"category","embeddable":true,"href":"https:\/\/radiofenix.com.ar\/2023\/wp-json\/wp\/v2\/categories?post=196629"},{"taxonomy":"post_tag","embeddable":true,"href":"https:\/\/radiofenix.com.ar\/2023\/wp-json\/wp\/v2\/tags?post=196629"}],"curies":[{"name":"wp","href":"https:\/\/api.w.org\/{rel}","templated":true}]}}