{"id":196635,"date":"2024-12-16T08:57:53","date_gmt":"2024-12-16T08:57:53","guid":{"rendered":"https:\/\/radiofenix.com.ar\/2023\/el-gobierno-descarta-pedir-la-nulidad-de-la-sesion-que-destituyo-a-edgardo-kueider-del-senado\/"},"modified":"2024-12-16T08:57:53","modified_gmt":"2024-12-16T08:57:53","slug":"el-gobierno-descarta-pedir-la-nulidad-de-la-sesion-que-destituyo-a-edgardo-kueider-del-senado","status":"publish","type":"post","link":"https:\/\/radiofenix.com.ar\/2023\/el-gobierno-descarta-pedir-la-nulidad-de-la-sesion-que-destituyo-a-edgardo-kueider-del-senado\/","title":{"rendered":"El Gobierno descarta pedir la nulidad de la sesi\u00f3n que destituy\u00f3 a Edgardo Kueider del Senado"},"content":{"rendered":"<div id=\"\">\n<div contenteditable=\"false\" class=\"embed_cont type_imagen\" id=\"7987881-Libre-2126704326_wrap\">\n<p> adorni <span onclick=\"parent.parent.TinyMCETdcuerpo.preview_embed('7987881-Libre-2126704326')\" class=\"embed_colapse less\" id=\"7987881-Libre-2126704326_colapse\"\/>  <span onclick=\"parent.parent.TinyMCETdcuerpo.delete_embed('7987881-Libre-2126704326')\" class=\"embed_delete less\" id=\"7987881-Libre-2126704326_delete\"\/><\/p>\n<div id=\"7987881-Libre-2126704326_content\" class=\"embed_content\"><img loading=\"lazy\" decoding=\"async\" src=\"https:\/\/media.minutouno.com\/p\/c50a2ce9b099f3e0174cdbde772555e6\/adjuntos\/150\/imagenes\/041\/854\/0041854139\/adorni.jpg\" alt=\"Manuel Adorni\" title=\"Manuel Adorni\" width=\"610\" height=\"456\" id=\"7987881-Libre-2126704326_embed\"\/><\/div>\n<\/p><\/div>\n<p><strong> La destituci\u00f3n de Kueider, miembro clave dentro del bloque oficialista, fue impulsada por sectores alineados con la vicepresidenta Victoria Villarruel, con quien Milei mantiene una creciente disputa pol\u00edtica<\/strong>. Este episodio se suma a una serie de tensiones entre ambos l\u00edderes, que no solo comparten el poder ejecutivo sino tambi\u00e9n una relaci\u00f3n marcada por desacuerdos estrat\u00e9gicos y enfrentamientos internos.<\/p>\n<div contenteditable=\"false\" class=\"embed_cont type_imagen\" id=\"8009557-Libre-2002840096_wrap\">\n<p> villarruel y milei.jpg <span onclick=\"parent.parent.TinyMCETdcuerpo.preview_embed('8009557-Libre-2002840096')\" class=\"embed_colapse less\" id=\"8009557-Libre-2002840096_colapse\"\/>  <span onclick=\"parent.parent.TinyMCETdcuerpo.delete_embed('8009557-Libre-2002840096')\" class=\"embed_delete less\" id=\"8009557-Libre-2002840096_delete\"\/><\/p>\n<div id=\"8009557-Libre-2002840096_content\" class=\"embed_content\"><img decoding=\"async\" src=\"https:\/\/media.minutouno.com\/p\/142e4ecc9355a2612de74e098f54bbd0\/adjuntos\/150\/imagenes\/041\/990\/0041990104\/610x0\/smart\/villarruel-y-mileijpg.jpg\" alt=\"\" title=\"\" width=\"610\" height=\"undefined\" id=\"8009557-Libre-2002840096_embed\"\/><\/div>\n<\/p><\/div>\n<h2>La sombra de los desacuerdos entre el Ejecutivo y el Senado<\/h2>\n<p>El caso de Kueider ha evidenciado las fracturas entre el oficialismo y la conducci\u00f3n de la C\u00e1mara Alta, encabezada por Villarruel. Desde el entorno presidencial, algunos allegados han sugerido que la vicepresidenta habr\u00eda actuado con \u00abautonom\u00eda excesiva\u00bb, desafiando las directrices del Ejecutivo en un tema pol\u00edticamente sensible.<\/p>\n<p>A pesar de la decisi\u00f3n de no judicializar el asunto, el presidente Milei ha dejado entrever que se evaluar\u00e1n nuevas estrategias para evitar que situaciones similares erosionen su agenda legislativa en el futuro. Mientras tanto, la oposici\u00f3n tambi\u00e9n observa el caso de cerca, anticipando un escenario pol\u00edtico a\u00fan m\u00e1s polarizado en los pr\u00f3ximos meses.<\/p>\n<h2>La mirada del Gobierno sobre lo ocurrido con Edgardo Kueider<\/h2>\n<p><strong>En Balcarce 50 consideran que la vicepresidenta sali\u00f3 perdiendo tras la sesi\u00f3n del jueves<\/strong>, aunque en el Gobierno todav\u00eda mastican la bronca por la expulsi\u00f3n, que hizo que el lugar de Kueider sea ocupado por la camporista Stefania Cora. Seg\u00fan pudo reconstruir este medio, la estrategia de Villarruel en un principio era lograr la suspensi\u00f3n del senador, pero no contaba con la rebeli\u00f3n de miembros del PRO y la UCR. Tras infructuosas negociaciones con jefes de bloques que demoraron el inicio de la sesi\u00f3n, finalmente se vot\u00f3 por apartarlo.<\/p>\n<div contenteditable=\"false\" class=\"embed_cont type_freetext\" rel=\"freetext\" id=\"embed77_wrap\">\n<p> Embed <span onclick=\"parent.parent.TinyMCETdcuerpo.preview_embed('embed77')\" class=\"embed_colapse less\" id=\"embed77_colapse\"\/>  <span onclick=\"parent.parent.TinyMCETdcuerpo.delete_embed('embed77')\" class=\"embed_delete less\" id=\"embed77_delete\"\/><\/p>\n<div id=\"embed77_content\" class=\"embed_content\">\n<div id=\"embed77_embed\">\n<figure class=\"figure\"><a href=\"https:\/\/t.me\/minutounocom\" target=\"_blank\" rel=\"noopener\"><img decoding=\"async\" src=\"https:\/\/media.minutouno.com\/adjuntos\/150\/banners\/039\/099\/0039099175.jpg\" class=\"figure-img img-fluid\" style=\"width:100%;height:auto;\"\/><\/a><\/figure>\n<\/div>\n<\/div><\/div>\n<\/p><\/div>\n<p><a href=\"https:\/\/www.minutouno.com\/politica\/el-gobierno-descarta-pedir-la-nulidad-la-sesion-que-destituyo-edgardo-kueider-del-senado-n6092995\">source<\/a><\/p>\n","protected":false},"excerpt":{"rendered":"<p>adorni La destituci\u00f3n de Kueider, miembro clave dentro del bloque oficialista, fue impulsada por sectores&#8230;<\/p>\n","protected":false},"author":0,"featured_media":196636,"comment_status":"open","ping_status":"open","sticky":false,"template":"","format":"standard","meta":{"footnotes":""},"categories":[2],"tags":[],"class_list":["post-196635","post","type-post","status-publish","format-standard","has-post-thumbnail","hentry","category-politica"],"featured_image_urls":{"full":["https:\/\/radiofenix.com.ar\/2023\/wp-content\/uploads\/wp-header-logo.png",0,0,false],"thumbnail":["https:\/\/radiofenix.com.ar\/2023\/wp-content\/uploads\/wp-header-logo.png",1,1,false],"medium":["https:\/\/radiofenix.com.ar\/2023\/wp-content\/uploads\/wp-header-logo.png",1,1,false],"medium_large":["https:\/\/radiofenix.com.ar\/2023\/wp-content\/uploads\/wp-header-logo.png",1,1,false],"large":["https:\/\/radiofenix.com.ar\/2023\/wp-content\/uploads\/wp-header-logo.png",1,1,false],"1536x1536":["https:\/\/radiofenix.com.ar\/2023\/wp-content\/uploads\/wp-header-logo.png",1,1,false],"2048x2048":["https:\/\/radiofenix.com.ar\/2023\/wp-content\/uploads\/wp-header-logo.png",1,1,false],"newsium-slider-full":["https:\/\/radiofenix.com.ar\/2023\/wp-content\/uploads\/wp-header-logo.png",1,1,false],"newsium-featured":["https:\/\/radiofenix.com.ar\/2023\/wp-content\/uploads\/wp-header-logo.png",1,1,false],"newsium-medium":["https:\/\/radiofenix.com.ar\/2023\/wp-content\/uploads\/wp-header-logo.png",1,1,false]},"author_info":{"info":[""]},"category_info":"<a href=\"https:\/\/radiofenix.com.ar\/2023\/category\/politica\/\" rel=\"category tag\">Pol\u00edtica<\/a>","tag_info":"Pol\u00edtica","comment_count":"0","_links":{"self":[{"href":"https:\/\/radiofenix.com.ar\/2023\/wp-json\/wp\/v2\/posts\/196635","targetHints":{"allow":["GET"]}}],"collection":[{"href":"https:\/\/radiofenix.com.ar\/2023\/wp-json\/wp\/v2\/posts"}],"about":[{"href":"https:\/\/radiofenix.com.ar\/2023\/wp-json\/wp\/v2\/types\/post"}],"replies":[{"embeddable":true,"href":"https:\/\/radiofenix.com.ar\/2023\/wp-json\/wp\/v2\/comments?post=196635"}],"version-history":[{"count":0,"href":"https:\/\/radiofenix.com.ar\/2023\/wp-json\/wp\/v2\/posts\/196635\/revisions"}],"wp:featuredmedia":[{"embeddable":true,"href":"https:\/\/radiofenix.com.ar\/2023\/wp-json\/wp\/v2\/media\/196636"}],"wp:attachment":[{"href":"https:\/\/radiofenix.com.ar\/2023\/wp-json\/wp\/v2\/media?parent=196635"}],"wp:term":[{"taxonomy":"category","embeddable":true,"href":"https:\/\/radiofenix.com.ar\/2023\/wp-json\/wp\/v2\/categories?post=196635"},{"taxonomy":"post_tag","embeddable":true,"href":"https:\/\/radiofenix.com.ar\/2023\/wp-json\/wp\/v2\/tags?post=196635"}],"curies":[{"name":"wp","href":"https:\/\/api.w.org\/{rel}","templated":true}]}}