{"id":196637,"date":"2024-12-16T08:57:55","date_gmt":"2024-12-16T08:57:55","guid":{"rendered":"https:\/\/radiofenix.com.ar\/2023\/beats-modernos-como-celebrar-a-charly\/"},"modified":"2024-12-16T08:57:55","modified_gmt":"2024-12-16T08:57:55","slug":"beats-modernos-como-celebrar-a-charly","status":"publish","type":"post","link":"https:\/\/radiofenix.com.ar\/2023\/beats-modernos-como-celebrar-a-charly\/","title":{"rendered":"Beats Modernos, c\u00f3mo celebrar a Charly"},"content":{"rendered":"<div><!-- Body --><\/p>\n<p>Una <b>celebraci\u00f3n de la obra de Charly Garc\u00eda.<\/b> La idea surgi\u00f3 de la cabeza de <b>Rosario Ortega,<\/b> \u00faltima corista de su banda desde 2011. Inmediatamente, Ortega convoc\u00f3 a dos laderos de Garc\u00eda desde la d\u00e9cada del ochenta: <b>el baterista Fernando Samalea y el tecladista Zorrito Von Quintiero.<\/b> La propuesta se llama <b>Beats Modernos<\/b> y la idea es rescatar <b>el repertorio m\u00e1s bailable y euf\u00f3rico <\/b>del autor de \u00abInconsciente colectivo\u00bb. Pero nada de homenajes ni tributos. \u201cYo creo que el homenaje se hace m\u00e1s cuando la persona ya no est\u00e1 f\u00edsicamente. Tiene esa connotaci\u00f3n. En cambio, esto es una celebraci\u00f3n, porque tiene ese esp\u00edritu\u201d, explica Ortega. \u201cSi bien hay canciones lentas de Charly que son infaltables para nosotros, el esp\u00edritu del concierto es m\u00e1s bailable\u201d, dice la vocalista sobre la presentaci\u00f3n de Beats Modernos este <b>mi\u00e9rcoles 18 de diciembre a las 21 en Vorterix (Av. Federico Lacroze 3455).<\/b><\/p>\n<p>El repertorio del concierto descansa, sobre todo, en los discos que Garc\u00eda public\u00f3 en la d\u00e9cada del ochenta: <i>Yendo de la cama al living<\/i> (1982), <i>Clics modernos<\/i> (1983), <i>Piano bar<\/i> (1984) y <i>Parte de la religi\u00f3n<\/i> (1987). \u201cEn muy poco tiempo hay canciones que las sentimos propias y quedan bien en el esp\u00edritu de la banda. La idea es que el show pase por diferentes estados de \u00e1nimo, <b>que no sea plano.<\/b> El esp\u00edritu es m\u00e1s arriba\u201d, precisa Ortega. En el show, que cuenta con<b> visuales in\u00e9ditas cedidas por el hermano de Charly,<\/b> suenan canciones como \u00abChipi chipi\u00bb, \u00abCerca de la revoluci\u00f3n\u00bb, \u00abNuevos trapos\u00bb, \u00abOjos de video tape\u00bb, \u201cFanky\u201d, \u00abRap del exilio\u00bb y \u00abRap de las hormigas\u00bb. \u201cHay bater\u00eda electr\u00f3nica combinada con la bater\u00eda ac\u00fastica. Despu\u00e9s esa cosa m\u00e1s funky del tipo de ejecuci\u00f3n. No tanto buscar lo m\u00e1s melanc\u00f3lico de sus canciones m\u00e1s lentas, sino las canciones con ritmos m\u00e1s arriba. Esa es la idea principal: <b>recuperar el humor,<\/b> siempre dentro de nuestra fantas\u00eda\u201d, detalla Samalea.<\/p>\n<p>\u201cSi bien no estamos tocando con \u00e9l la idea es hacer una celebraci\u00f3n de su m\u00fasica, que es <b>una genialidad tras otra\u201d, <\/b>resalta el baterista. \u201cIncluso versionamos algunos temas que podr\u00edan virar para un lado rockero y le damos una connotaci\u00f3n a la manera de la danza. No es de ninguna manera un concierto que se asemeje a la forma de ejecuci\u00f3n que tenemos al tocar con \u00e9l. <b>Tampoco es frivolizar su repertorio ni mucho menos\u201d, <\/b>dice el baterista sobre este concierto de versiones avalado por Garc\u00eda. \u201cY por supuesto que lo hacemos con much\u00edsimo <b>respeto <\/b>y siempre desde un lugar cercano, de cari\u00f1o y desde ya ligado a que cruzamos nuestro destino con el suyo y eso <b>hizo que nuestras vidas sean much\u00edsimo mejores.<\/b> Entonces, qu\u00e9 mejor que hacerlo ahora que \u00e9l est\u00e1 m\u00e1s en su casa y no prefiere en este momento salir al ruedo. Y que no quita que nos sorprenda en alg\u00fan momento y podamos salir a tocar con \u00e9l\u201d.<\/p>\n<p>Beats Modernos se completa con Joaqu\u00edn Burgos (teclado, voz), Lu Torfano (guitarra), Dizzy Espeche (guitarras), Michelle Bliman (saxos) y Andr\u00e9s Rot (bajo), con la participaci\u00f3n tambi\u00e9n de cantantes invitados. \u201cEn el p\u00fablico vemos <b>chicos de seis o cinco a\u00f1os <\/b>que por ah\u00ed est\u00e1n escuchando las canciones de Charly por primera vez o que las escucharon por sus padres. Eso es lo que estamos celebrando\u201d, resalta Ortega sobre los dos conciertos anteriores, el de Alta Gracia y el primer Vorterix. \u201cEl otro cantante de la banda es Joaqu\u00edn, que tiene veinte a\u00f1os. Entonces, tiene cierta frescura lo que estamos haciendo. La idea es <b>mezclar las generaciones <\/b>tanto dentro de la banda como del p\u00fablico y celebrar la m\u00fasica de Charly que es <b>atemporal<\/b>\u201d.<\/p>\n<p><b>-\u00bfA qu\u00e9 cre\u00e9s que se debe esa vigencia o vitalidad de la m\u00fasica Charly?<\/b><\/p>\n<p><b>Rosario Ortega:<\/b> -Siento que Charly tiene la particularidad de hacer canciones que son \u00fanicas, porque tienen una letra incre\u00edble, que te llega, pero a la vez son <b>simples y populares.<\/b> Esa es una combinaci\u00f3n dificil\u00edsima, por eso les llega a personas de diferentes edades y \u00e1mbitos. Porque tiene una connotaci\u00f3n de m\u00fasica cl\u00e1sica e intelectual mezclado con algo muy popular. Adem\u00e1s, son canciones que est\u00e1n escritas y compuestas para que sean <b>eternas<\/b>, aunque no s\u00e9 si \u00e9l habr\u00e1 sido consciente de eso. Hay temas que se componen con el objetivo de que tengan una retribuci\u00f3n instant\u00e1nea, pero estas canciones est\u00e1n creadas desde otro lado. Las escuch\u00e1s much\u00edsimos a\u00f1os despu\u00e9s y te provocan lo mismo; hablan de cosas que te interpelan en cualquier momento. Es una m\u00fasica que atraviesa las generaciones porque <b>no se vence,<\/b> no caduca.<\/p>\n<p><b>-\u00bfY c\u00f3mo se interpreta a Charly sin Charly?<\/b><\/p>\n<p><b>R. O.:<\/b> -Lo que estamos tratando de hacer es que siga ese esp\u00edritu de lo que sent\u00edamos cuando est\u00e1bamos al lado del \u00e9l. Charly est\u00e1 aunque no est\u00e9. <b>Charly es la m\u00fasica.<\/b> Entonces, yo no lo veo como Charly sin Charly, sino como tratar de seguir generando eso que sentimos arriba del escenario con \u00e9l a trav\u00e9s de su m\u00fasica interpretada por nosotros. Me parece que <b>sucede la magia. <\/b>Es una cosa diferente, pero sigue siendo emocionante y adem\u00e1s hay versiones que variamos con el aval de haber tocado con Charly. <b>Est\u00e1 muy cuidado todo, pero tenemos libertad. <\/b>De todos modos, no har\u00edamos nada que estuviera tan corrido de la l\u00ednea de Charly.<\/p>\n<p>\u201cLa apertura absoluta al mundo art\u00edstico, tanto del cine como de la m\u00fasica. Es amante de las pel\u00edculas de Mel Brooks o Kubrick. En su casa sol\u00edamos escuchar discos totalmente dis\u00edmiles, desde Steely Dan, Phil Collins, Rolling Stones hasta Peter Gabriel y tantos otros\u201d, destaca Samalea sobre<b> lo que m\u00e1s admira de Garc\u00eda. <\/b>\u201cSiempre fue sumamente abierto y nunca se centr\u00f3 en un estilo musical. De hecho, en sus discos <b>conviven diferentes estilos y nunca deja de ser Charly.<\/b> Puede hacer un funky, una balada o un rock pesado, pero nunca ser\u00eda un artista estil\u00edstico, sino que <b>su personalidad predomina <\/b>y se da el gusto de abordar lo que le plazca\u201d, dice. \u201cSiempre fue un gran compa\u00f1ero, l\u00edder de sus bandas, e intentaba encontrar personajes para integrarlas. Sus laderos siempre eran personas que ten\u00edan un tinte especial, como Gustavo Bazterrica, Andr\u00e9s Calamaro o Fito P\u00e1ez, y yo de alguna forma so\u00f1aba con integrar esa suerte de <b>aristocracia musical<\/b> que fue llevando a lo largo del tiempo. Siempre se sab\u00eda que Charly era Charly, pero a su vez nos dej\u00f3 ese lugarcito para compartir\u201d.<\/p>\n<p><b>-Al tocarlas, \u00bfLas canciones de Charly se resignifican en este presente sociopol\u00edtico y cultural?<\/b><\/p>\n<p><b>R. O.:<\/b> -S\u00ed, se recontra resignifican. Porque b\u00e1sicamente a las personas nos pasan las mismas cosas a\u00f1o tras a\u00f1o y volvemos a los mismos problemas. Charly capta mejor que nadie en sus letras lo que est\u00e1 en el aire siempre; m\u00e1s o menos en t\u00e9rminos socioculturales es parecido y <b>siempre alguna canci\u00f3n te va a interpelar <\/b>por alguna raz\u00f3n. Los estados de \u00e1nimo, la pol\u00edtica y las relaciones humanas siempre van por la misma l\u00ednea, no suelen cambiar mucho. <\/p>\n<p><b>Fernando Samalea: &#8211;<\/b>Charly es profundamente metaf\u00edsico y siempre abord\u00f3 la realidad del inconsciente popular en sus letras. Es verdad que estamos rescatando canciones principalmente de otros tiempos, no quer\u00edamos tomar su \u00faltimo disco, <i>La l\u00f3gica del escorpi\u00f3n<\/i>, no era la idea representar eso hasta el momento que \u00e9l lo decida. <b>Nos centramos en los tiempos que compartimos con \u00e9l.<\/b> En cuanto a lo social, Charly siempre ley\u00f3 el inconsciente popular de una forma magistral y por eso su m\u00fasica se escucha generaci\u00f3n tras generaci\u00f3n.<\/p>\n<p><b>-\u00bfTienen pensado darle continuidad a este proyecto el a\u00f1o que viene?<\/b><\/p>\n<p><b>R. O.:<\/b> -La idea surgi\u00f3 a fines de agosto. Me ofrecieron hacer algo todos los mi\u00e9rcoles en El Legado Piano Bar y me daban ganas de cantar esas canciones. En ese momento no ten\u00edamos ni pensado hacer un Vorterix, pero fue tan lindo lo que sucedi\u00f3 y la reacci\u00f3n de la gente&#8230; si todo sigue as\u00ed la idea es <b>ir a presentarlo al interior tambi\u00e9n.<\/b> Pero siempre desde el lado que nos divierta a todos, porque cada uno tiene sus trabajos.<\/p>\n<p><!-- Live Blog Post --><\/div>\n<p><a href=\"https:\/\/www.pagina12.com.ar\/790580-beats-modernos-como-celebrar-a-charly\">source<\/a><\/p>\n","protected":false},"excerpt":{"rendered":"<p>Una celebraci\u00f3n de la obra de Charly Garc\u00eda. La idea surgi\u00f3 de la cabeza de&#8230;<\/p>\n","protected":false},"author":0,"featured_media":196638,"comment_status":"open","ping_status":"open","sticky":false,"template":"","format":"standard","meta":{"footnotes":""},"categories":[4],"tags":[],"class_list":["post-196637","post","type-post","status-publish","format-standard","has-post-thumbnail","hentry","category-espectaculos"],"featured_image_urls":{"full":["https:\/\/radiofenix.com.ar\/2023\/wp-content\/uploads\/wp-header-logo.png",0,0,false],"thumbnail":["https:\/\/radiofenix.com.ar\/2023\/wp-content\/uploads\/wp-header-logo.png",1,1,false],"medium":["https:\/\/radiofenix.com.ar\/2023\/wp-content\/uploads\/wp-header-logo.png",1,1,false],"medium_large":["https:\/\/radiofenix.com.ar\/2023\/wp-content\/uploads\/wp-header-logo.png",1,1,false],"large":["https:\/\/radiofenix.com.ar\/2023\/wp-content\/uploads\/wp-header-logo.png",1,1,false],"1536x1536":["https:\/\/radiofenix.com.ar\/2023\/wp-content\/uploads\/wp-header-logo.png",1,1,false],"2048x2048":["https:\/\/radiofenix.com.ar\/2023\/wp-content\/uploads\/wp-header-logo.png",1,1,false],"newsium-slider-full":["https:\/\/radiofenix.com.ar\/2023\/wp-content\/uploads\/wp-header-logo.png",1,1,false],"newsium-featured":["https:\/\/radiofenix.com.ar\/2023\/wp-content\/uploads\/wp-header-logo.png",1,1,false],"newsium-medium":["https:\/\/radiofenix.com.ar\/2023\/wp-content\/uploads\/wp-header-logo.png",1,1,false]},"author_info":{"info":[""]},"category_info":"<a href=\"https:\/\/radiofenix.com.ar\/2023\/category\/espectaculos\/\" rel=\"category tag\">Espectaculos<\/a>","tag_info":"Espectaculos","comment_count":"0","_links":{"self":[{"href":"https:\/\/radiofenix.com.ar\/2023\/wp-json\/wp\/v2\/posts\/196637","targetHints":{"allow":["GET"]}}],"collection":[{"href":"https:\/\/radiofenix.com.ar\/2023\/wp-json\/wp\/v2\/posts"}],"about":[{"href":"https:\/\/radiofenix.com.ar\/2023\/wp-json\/wp\/v2\/types\/post"}],"replies":[{"embeddable":true,"href":"https:\/\/radiofenix.com.ar\/2023\/wp-json\/wp\/v2\/comments?post=196637"}],"version-history":[{"count":0,"href":"https:\/\/radiofenix.com.ar\/2023\/wp-json\/wp\/v2\/posts\/196637\/revisions"}],"wp:featuredmedia":[{"embeddable":true,"href":"https:\/\/radiofenix.com.ar\/2023\/wp-json\/wp\/v2\/media\/196638"}],"wp:attachment":[{"href":"https:\/\/radiofenix.com.ar\/2023\/wp-json\/wp\/v2\/media?parent=196637"}],"wp:term":[{"taxonomy":"category","embeddable":true,"href":"https:\/\/radiofenix.com.ar\/2023\/wp-json\/wp\/v2\/categories?post=196637"},{"taxonomy":"post_tag","embeddable":true,"href":"https:\/\/radiofenix.com.ar\/2023\/wp-json\/wp\/v2\/tags?post=196637"}],"curies":[{"name":"wp","href":"https:\/\/api.w.org\/{rel}","templated":true}]}}