{"id":196645,"date":"2024-12-17T08:57:44","date_gmt":"2024-12-17T08:57:44","guid":{"rendered":"https:\/\/radiofenix.com.ar\/2023\/uruguay-yamandu-orsi-presento-al-gabinete-que-asumira-el-proximo-1-de-marzo\/"},"modified":"2024-12-17T08:57:44","modified_gmt":"2024-12-17T08:57:44","slug":"uruguay-yamandu-orsi-presento-al-gabinete-que-asumira-el-proximo-1-de-marzo","status":"publish","type":"post","link":"https:\/\/radiofenix.com.ar\/2023\/uruguay-yamandu-orsi-presento-al-gabinete-que-asumira-el-proximo-1-de-marzo\/","title":{"rendered":"Uruguay: Yamand\u00fa Orsi present\u00f3 al gabinete que asumir\u00e1 el pr\u00f3ximo 1\u00b0 de marzo"},"content":{"rendered":"<div><!-- Body --><\/p>\n<p>El presidente electo de Uruguay,<b> <a href=\"https:\/\/www.pagina12.com.ar\/tags\/61336-yamandu-orsi\">Yamand\u00fa Orsi<\/a>, anunci\u00f3 este lunes el gabinete<\/b> con el que trabajar\u00e1 durante su gobierno y en el que<b> el subdirector general de la FAO<\/b> (Organizaci\u00f3n de las Naciones Unidas para la Alimentaci\u00f3n y la Agricultura), <b>Mario Lubetkin, ser\u00e1 el canciller del pa\u00eds<\/b>. Por su parte\u00a0<b><a href=\"https:\/\/www.pagina12.com.ar\/769793-uruguay-yamandu-orsi-anuncio-quien-sera-su-ministro-de-econo\">Gabriel Oddone<\/a> ser\u00e1 el ministro de Econom\u00eda y Finanzas.<\/b> El economista de la Universidad de la Rep\u00fablica y doctor en Historia Econ\u00f3mica de la Universidad de Barcelona fue el primer integrante del Ejecutivo anunciado por Orsi durante su campa\u00f1a electoral.<\/p>\n<p>La presentaci\u00f3n de los ministros se llev\u00f3 a cabo en un hotel de Montevideo, en el que Orsi fue llamando uno a uno a los futuros ministros y viceministros, quienes fueron recibidos con aplausos. El mandatario present\u00f3 a su equipo luego de varias<b> semanas de negociaciones con los sectores del Frente Amplio<\/b> (FA) para definir un gabinete que garantice un balance interno, la participaci\u00f3n de hombres y mujeres y tenga en cuenta la conformaci\u00f3n final de la C\u00e1mara de Senadores y la carrera pol\u00edtica hacia las elecciones departamentales de mayo del a\u00f1o pr\u00f3ximo, seg\u00fan el medio <i>la diaria<\/i>.<\/p>\n<div class=\"iframely-embed medium-embedded-content\" data-html=\"Jmx0O2Jsb2NrcXVvdGUgY2xhc3M9InR3aXR0ZXItdHdlZXQiIGRhdGEtZG50PSJ0cnVlIiBhbGlnbj0iY2VudGVyIiZndDsmbHQ7cCBsYW5nPSJlcyIgZGlyPSJsdHIiJmd0O0hveSBwcmVzZW50YW1vcyBlbCBlcXVpcG8gZGUgZ29iaWVybm8gMjAyNS0yMDMwLiBTYWJyZW1vcyBjdW1wbGlyLiAmbHQ7YSBocmVmPSJodHRwczovL3QuY28vR3hiT0lFR1RmVyImZ3Q7cGljLnR3aXR0ZXIuY29tL0d4Yk9JRUdUZlcmbHQ7L2EmZ3Q7Jmx0Oy9wJmd0OyZhbXA7bWRhc2g7IFlhbWFuZMO6IE9yc2kgKEBPcnNpWWFtYW5kdSkgJmx0O2EgaHJlZj0iaHR0cHM6Ly90d2l0dGVyLmNvbS9PcnNpWWFtYW5kdS9zdGF0dXMvMTg2ODcxMDUzMjg1OTI4MTc1OT9yZWZfc3JjPXR3c3JjJTVFdGZ3IiZndDtEZWNlbWJlciAxNiwgMjAyNCZsdDsvYSZndDsmbHQ7L2Jsb2NrcXVvdGUmZ3Q7CiZsdDtzY3JpcHQgYXN5bmMgc3JjPSJodHRwczovL3BsYXRmb3JtLnR3aXR0ZXIuY29tL3dpZGdldHMuanMiIGNoYXJzZXQ9InV0Zi04IiZndDsmbHQ7L3NjcmlwdCZndDsKCiZsdDtkaXYgY2xhc3M9Im1lZGl1bS1pbnNlcnQtZW1iZWRzLW1ldGEiJmd0OyZsdDtzY3JpcHQgdHlwZT0idGV4dC9qc29uIiZndDt7InVybCI6Imh0dHBzOi8vdHdpdHRlci5jb20vT3JzaVlhbWFuZHUvc3RhdHVzLzE4Njg3MTA1MzI4NTkyODE3NTkiLCJ0eXBlIjoicmljaCIsInZlcnNpb24iOiIxLjAiLCJ0aXRsZSI6IllhbWFuZMO6IE9yc2kgb24gVHdpdHRlciAvIFgiLCJhdXRob3IiOiJZYW1hbmTDuiBPcnNpIiwiYXV0aG9yX3VybCI6Imh0dHBzOi8vdHdpdHRlci5jb20vT3JzaVlhbWFuZHUiLCJwcm92aWRlcl9uYW1lIjoiVHdpdHRlciIsImRlc2NyaXB0aW9uIjoiSG95IHByZXNlbnRhbW9zIGVsIGVxdWlwbyBkZSBnb2JpZXJubyAyMDI1LTIwMzAuIFNhYnJlbW9zIGN1bXBsaXIuIHBpYy50d2l0dGVyLmNvbS9HeGJPSUVHVGZX4oCUIFlhbWFuZMO6IE9yc2kgKEBPcnNpWWFtYW5kdSkgRGVjZW1iZXIgMTYsIDIwMjRcblxuXG4iLCJ0aHVtYm5haWxfdXJsIjoiaHR0cHM6Ly9wYnMudHdpbWcuY29tL21lZGlhL0dlNy1VZWxYa0FBMGJWNi5qcGc6bGFyZ2UiLCJ0aHVtYm5haWxfd2lkdGgiOjIwNDgsInRodW1ibmFpbF9oZWlnaHQiOjg2OCwiY2FjaGVfYWdlIjo4NjQwMCwib3B0aW9ucyI6eyJfaGlkZV9tZWRpYSI6eyJsYWJlbCI6IkhpZGUgcGhvdG9zLCB2aWRlb3MsIGFuZCBjYXJkcyIsInZhbHVlIjpmYWxzZX0sIl90aGVtZSI6eyJ2YWx1ZSI6IiIsInZhbHVlcyI6eyJkYXJrIjoiVXNlIGRhcmsgdGhlbWUifX0sIl9tYXh3aWR0aCI6eyJ2YWx1ZSI6IiIsImxhYmVsIjoiQWRqdXN0IHdpZHRoIiwicGxhY2Vob2xkZXIiOiIyMjAtNTUwLCBpbiBweCJ9fX0mbHQ7L3NjcmlwdCZndDsmbHQ7L2RpdiZndDs=\">\n                <a data-iframely-url=\"\" href=\"https:\/\/twitter.com\/OrsiYamandu\/status\/1868710532859281759\">https:\/\/twitter.com\/OrsiYamandu\/status\/1868710532859281759<\/a>\n              <\/div>\n<h2>Econom\u00eda y Canciller\u00eda<\/h2>\n<p>\u00abEste es el equipo que se instalar\u00e1 en el futuro gobierno. Este es el equipo que a partir de ahora empezar\u00e1 a articular, con quienes han sido designados para el intercambio y la transici\u00f3n: S\u00e1nchez y D\u00edaz\u00bb, dijo Yamand\u00fa Orsi refiri\u00e9ndose a <b>Alejandro \u00abPacha\u00bb S\u00e1nchez, futuro secretario de la Presidencia<\/b> y a <b>Jorge D\u00edaz, prosecretario de Presidencia<\/b> entrante. <b>\u00abCon ustedes, el elenco del futuro gobierno\u00bb<\/b>, dijo <b>Orsi <\/b>tras presentar a un gabinete que <b>estar\u00e1 conformado por nueve hombres y cinco mujeres<\/b>.<\/p>\n<p>El <b>ministerio de Econom\u00eda y Finanzas <\/b>quedar\u00e1 a cargo de <b>Gabriel Oddone<\/b>, quien sustituir\u00e1 a partir de marzo a Azucena Arbeleche. Entre otros cargos, Oddone ejerci\u00f3 como consultor para el Banco Interamericano de Desarrollo (BID), el Banco Mundial, el Banco de Desarrollo de Am\u00e9rica Latina (CAF) o el Programa de Desarrollo de Am\u00e9rica latina en Argentina, Bolivia, Chile, Ecuador, Estados Unidos, M\u00e9xico, Paraguay y Uruguay.\u00a0<\/p>\n<p>Este lunes Oddone remarc\u00f3 que la situaci\u00f3n fiscal en Uruguay es \u00abesencialmente\u00bb la misma que en 2019 , pero <b>el nivel de endeudamiento y gasto es mayor<\/b>. De cara a su futura gesti\u00f3n, <b>Oddone defendi\u00f3 la flexibilizaci\u00f3n de la edad de jubilaci\u00f3n en Uruguay<\/b>, con un sistema que no act\u00fae por sectores de actividad sino en virtud de las circunstancias laborales de los trabajadores. De todas formas,<b> durante la campa\u00f1a abog\u00f3 por mantener la edad de jubilaci\u00f3n en los 65 a\u00f1os<\/b>.\u00a0<\/p>\n<p>La <b>Canciller\u00eda <\/b>estar\u00e1 a cargo de <b>Mario Lubetkin<\/b>, periodista con m\u00e1s de 40 a\u00f1os de experiencia y que en febrero de 2014 se incorpor\u00f3 a la FAO. <span>T<\/span>ras ser designado,\u00a0Lubetkin dijo que <b>ve a Am\u00e9rica latina con \u00aboportunidades maravillosas\u00bb<\/b>. En su \u00faltima participaci\u00f3n como presidente en una cumbre del Mercosur, Lacalle Pou insisti\u00f3 en la necesidad de que el Mercosur cuente con una mayor flexibilizaci\u00f3n.<\/p>\n<p>El mandatario saliente se refiri\u00f3 a la posibilidad de que el Mercosur, tras haber cerrado d\u00edas atr\u00e1s las negociaciones para la firma de un Tratado de Libre Comercio con la Uni\u00f3n Europea (UE), pueda ir por el mercado chino. A principios de diciembre <b>Orsi ratific\u00f3 las negociaciones con el gigante asi\u00e1tico para un tratado de libre comercio, pero solo en el marco del bloque regional<\/b>.<\/p>\n<h2>Interior y Defensa<\/h2>\n<p>En otra de las designaciones del nuevo gobierno, Orsi confirm\u00f3 que el\u00a0<b>ministro de Interior<\/b> ser\u00e1 <b>Carlos Negro<\/b>. Abogado de profesi\u00f3n, Negro ingres\u00f3 a la Fiscal\u00eda hace m\u00e1s de dos d\u00e9cadas y a partir de 2016 obtuvo el ascenso a la dependencia de Crimen Organizado de 1\u00b0 Turno. Su relaci\u00f3n con el Frente Amplio viene por su padre, quien integr\u00f3 dicha fuerza pol\u00edtica. Este lunes, luego de ser designado, Negro destac\u00f3 el \u00abbuen relacionamiento\u00bb que tuvo con la polic\u00eda a lo largo de su carrera como fiscal y consider\u00f3 que le servir\u00e1 para su nuevo rol como ministro.\u00a0<\/p>\n<p><b>Sandra Lazo<\/b>, del Movimiento de Participaci\u00f3n Popular (MPP), ocupar\u00e1 el principal sill\u00f3n del <b>ministerio de Defensa<\/b>. Comunicadora, Lazo trabaj\u00f3 en las radios FM Coronilla y FM Oce\u00e1nica, en 2005 fue designada directora de Comunicaci\u00f3n del primer gobierno del Frente Amplio en Rocha, fue representante por dicho departamento entre 2010 y 2015, senadora por el Movimiento de Participaci\u00f3n Popular desde 2019 e integr\u00f3 la Comisi\u00f3n de Defensa Nacional de la C\u00e1mara Alta.<\/p>\n<h2>\u00abCerca de los problemas de la gente\u00bb<\/h2>\n<p>En tanto,\u00a0<strong>el ministerio de Desarrollo Social\u00a0<\/strong><b>quedar\u00e1 a cargo de\u00a0<\/b><strong>Gonzalo Civila<\/strong>. Profesor de Filosof\u00eda egresado del Instituto de Profesores Artigas, Civila fue electo diputado en dos per\u00edodos: 2015-2020 y 2020-2025, y electo senador para la pr\u00f3xima legislatura. Actualmente es el secretario general del Partido Socialista, cargo que ocupa desde 2019, y en 2021 fue uno de los tres candidatos a ser presidente del Frente Amplio.<\/p>\n<p>En di\u00e1logo con Canal 4, Civila opin\u00f3 que formar\u00e1 parte de \u00abun equipo potente, plural, donde est\u00e1n expresadas todas las vertientes del Frente Amplio\u00bb. <span>Adem\u00e1s\u00a0<\/span>adelant\u00f3 que buscar\u00e1 \u00abestar todo el tiempo en el territorio, cerca de los problemas de la gente\u00bb, porque \u00abel Mides (ministerio de Desarrollo Social) tiene un rol de proximidad, de presencia important\u00edsimo\u00bb que \u00abpotenciar\u00e1 trabajando articuladamente con todo el gobierno\u00bb.<\/p>\n<p>En <b>Transporte y Obras P\u00fablicas<\/b>,<b> Luc\u00eda Etcheverry<\/b> ocupar\u00e1 la direcci\u00f3n de la cartera, mientras que el ministerio de\u00a0<b>Ganader\u00eda<\/b>\u00a0queda a cargo del senador electo por el Espacio 609,\u00a0<b>Alfredo Fratti<\/b>. La actual diputada y m\u00e9dica pediatra de profesi\u00f3n,<b> Cristina Lustemberg<\/b>, se encargar\u00e1 de <b>Salud P\u00fablica<\/b>. Lustemberg, que se cri\u00f3 en Cuba debido a que su familia tuvo que exiliarse en los a\u00f1os de la dictadura, ya ocup\u00f3 cargos ejecutivos en el pasado en los gobiernos del Frente Amplio.\u00a0<\/p>\n<p>El dirigente de la Vertiente Artiguista <b>Edgardo Ortu\u00f1o<\/b>\u00a0estar\u00e1 al frente del ministerio de\u00a0<b>Ambiente <\/b>mientras que\u00a0<b>Juan Castillo<\/b>,<b> del Partido Comunista del Uruguay, liderar\u00e1 la cartera de<\/b> <b>Trabajo y Seguridad Social<\/b>.\u00a0<span>Castillo visit\u00f3 este lunes la sede de la central sindical PIT-CNT, donde se reuni\u00f3 con sus autoridades.\u00a0<\/span>\u00abMuy buena se\u00f1al. Pusimos de manifiesto que nuestra raz\u00f3n de ser est\u00e1 en actuar por las transformaciones que beneficien a las grandes mayor\u00edas\u00bb, escribi\u00f3 en su cuenta de la red social X el presidente de la central sindical, Marcelo Abdala.<\/p>\n<div class=\"iframely-embed medium-embedded-content\" data-html=\"Jmx0O2Jsb2NrcXVvdGUgY2xhc3M9InR3aXR0ZXItdHdlZXQiIGRhdGEtZG50PSJ0cnVlIiBhbGlnbj0iY2VudGVyIiZndDsmbHQ7cCBsYW5nPSJlcyIgZGlyPSJsdHIiJmd0O1JlY2liaW1vcyBlbiBlbCBsb2NhbCBkZSAmbHQ7YSBocmVmPSJodHRwczovL3R3aXR0ZXIuY29tL1BJVENOVDE\/cmVmX3NyYz10d3NyYyU1RXRmdyImZ3Q7QFBJVENOVDEmbHQ7L2EmZ3Q7IGEgSnVhbiBDYXN0aWxsbyB5IEh1Z28gQmFycmV0byBkZXNpZ25hZG9zIG1pbmlzdHJvIHkgc3Vic2VjcmV0YXJpbyBkZSBUcmFiYWpvIHkgU2VndXJpZGFkIFNvY2lhbC4gTXV5IGJ1ZW5hIHNlw7FhbC4gUHVzaW1vcyBkZSBtYW5pZmllc3RvIHF1ZSBudWVzdHJhIHJhesOzbiBkZSBzZXIgZXN0w6EgZW4gYWN0dWFyIHBvciBsYXMgdHJhbnNmb3JtYWNpb25lcyBxdWUgYmVuZWZpY2llbiBhIGxhcyBncmFuZGVzIG1heW9yw61hcy4gJmx0O2EgaHJlZj0iaHR0cHM6Ly90LmNvL2RJanhnOWxYcDAiJmd0O3BpYy50d2l0dGVyLmNvbS9kSWp4ZzlsWHAwJmx0Oy9hJmd0OyZsdDsvcCZndDsmYW1wO21kYXNoOyBNYXJjZWxvIEFiZGFsYSAoQE1hcmNlQWJkYWxhQ05UKSAmbHQ7YSBocmVmPSJodHRwczovL3R3aXR0ZXIuY29tL01hcmNlQWJkYWxhQ05UL3N0YXR1cy8xODY4NzI3NTc3OTA2NzE2ODAyP3JlZl9zcmM9dHdzcmMlNUV0ZnciJmd0O0RlY2VtYmVyIDE2LCAyMDI0Jmx0Oy9hJmd0OyZsdDsvYmxvY2txdW90ZSZndDsKJmx0O3NjcmlwdCBhc3luYyBzcmM9Imh0dHBzOi8vcGxhdGZvcm0udHdpdHRlci5jb20vd2lkZ2V0cy5qcyIgY2hhcnNldD0idXRmLTgiJmd0OyZsdDsvc2NyaXB0Jmd0OwoKJmx0O2RpdiBjbGFzcz0ibWVkaXVtLWluc2VydC1lbWJlZHMtbWV0YSImZ3Q7Jmx0O3NjcmlwdCB0eXBlPSJ0ZXh0L2pzb24iJmd0O3sidXJsIjoiaHR0cHM6Ly90d2l0dGVyLmNvbS9NYXJjZUFiZGFsYUNOVC9zdGF0dXMvMTg2ODcyNzU3NzkwNjcxNjgwMiIsInR5cGUiOiJyaWNoIiwidmVyc2lvbiI6IjEuMCIsInRpdGxlIjoiTWFyY2VsbyBBYmRhbGEgb24gVHdpdHRlciAvIFgiLCJhdXRob3IiOiJNYXJjZWxvIEFiZGFsYSIsImF1dGhvcl91cmwiOiJodHRwczovL3R3aXR0ZXIuY29tL01hcmNlQWJkYWxhQ05UIiwicHJvdmlkZXJfbmFtZSI6IlR3aXR0ZXIiLCJkZXNjcmlwdGlvbiI6IlJlY2liaW1vcyBlbiBlbCBsb2NhbCBkZSBAUElUQ05UMSBhIEp1YW4gQ2FzdGlsbG8geSBIdWdvIEJhcnJldG8gZGVzaWduYWRvcyBtaW5pc3RybyB5IHN1YnNlY3JldGFyaW8gZGUgVHJhYmFqbyB5IFNlZ3VyaWRhZCBTb2NpYWwuIE11eSBidWVuYSBzZcOxYWwuIFB1c2ltb3MgZGUgbWFuaWZpZXN0byBxdWUgbnVlc3RyYSByYXrDs24gZGUgc2VyIGVzdMOhIGVuIGFjdHVhciBwb3IgbGFzIHRyYW5zZm9ybWFjaW9uZXMgcXVlIGJlbmVmaWNpZW4gYSBsYXMgZ3JhbmRlcyBtYXlvcsOtYXMuIHBpYy50d2l0dGVyLmNvbS9kSWp4ZzlsWHAw4oCUIE1hcmNlbG8gQWJkYWxhIChATWFyY2VBYmRhbGFDTlQpIERlY2VtYmVyIDE2LCAyMDI0XG5cblxuIiwidGh1bWJuYWlsX3VybCI6Imh0dHBzOi8vcGJzLnR3aW1nLmNvbS9tZWRpYS9HZThOMG1yWEVBQXRsNjIuanBnOmxhcmdlIiwidGh1bWJuYWlsX3dpZHRoIjoyMDQ4LCJ0aHVtYm5haWxfaGVpZ2h0IjoxMzY2LCJjYWNoZV9hZ2UiOjg2NDAwLCJvcHRpb25zIjp7Il9oaWRlX21lZGlhIjp7ImxhYmVsIjoiSGlkZSBwaG90b3MsIHZpZGVvcywgYW5kIGNhcmRzIiwidmFsdWUiOmZhbHNlfSwiX3RoZW1lIjp7InZhbHVlIjoiIiwidmFsdWVzIjp7ImRhcmsiOiJVc2UgZGFyayB0aGVtZSJ9fSwiX21heHdpZHRoIjp7InZhbHVlIjoiIiwibGFiZWwiOiJBZGp1c3Qgd2lkdGgiLCJwbGFjZWhvbGRlciI6IjIyMC01NTAsIGluIHB4In19fSZsdDsvc2NyaXB0Jmd0OyZsdDsvZGl2Jmd0Ow==\">\n                <a data-iframely-url=\"\" href=\"https:\/\/twitter.com\/MarceAbdalaCNT\/status\/1868727577906716802\">https:\/\/twitter.com\/MarceAbdalaCNT\/status\/1868727577906716802<\/a>\n              <\/div>\n<p><b>Juan Carlos Mah\u00eda<\/b>, del sector frenteamplista Asamblea Uruguay, se har\u00e1 cargo del ministerio de\u00a0<b>Educaci\u00f3n y Cultura<\/b>. En <b>Industria <\/b>la ministra ser\u00e1 <b>Fernanda Cardona<\/b>, actual representante del Frente Amplio en el directorio de UTE (la Administraci\u00f3n Nacional de Usinas y Transmisiones El\u00e9ctricas). Completan el gabinete <b>Pablo <\/b><b>Menoni<\/b> en el<b> ministerio de Turismo<\/b>, y\u00a0<b>Cecilia <\/b><b>Cairo<\/b> en\u00a0el ministerio de <b>Vivienda y Ordenamiento Territorial<\/b>.<\/p>\n<h2>\u00abSiempre hacemos falta m\u00e1s\u00bb<\/h2>\n<p>La vicepresidenta electa, <b>Carolina <\/b><b>Cosse<\/b>, destac\u00f3 la solidez del gabinete para llevar adelante el programa del Frente Amplio. \u00abSiempre se puede mejorar y saben c\u00f3mo lo vamos a mejorar (&#8230;) <b>Tenemos un programazo de gobierno<\/b>\u00ab, afirm\u00f3 Cosse tras el anuncio del nuevo equipo de gobierno. Cosse dijo que el pr\u00f3ximo gobierno \u00abser\u00e1 central a la gente, con mucha cercan\u00eda, con mucho trabajo, mucha articulaci\u00f3n y donde los problemas no van a ser de un ministro, de una ministra.<b> Los problemas del Uruguay son de todo el gobierno<\/b>\u00ab.<\/p>\n<div class=\"iframely-embed medium-embedded-content\" data-html=\"Jmx0O2Jsb2NrcXVvdGUgY2xhc3M9InR3aXR0ZXItdHdlZXQiIGRhdGEtZG50PSJ0cnVlIiBhbGlnbj0iY2VudGVyIiZndDsmbHQ7cCBsYW5nPSJlcyIgZGlyPSJsdHIiJmd0O1VuIGdyYW4gZXF1aXBvISEhICZsdDthIGhyZWY9Imh0dHBzOi8vdC5jby9ac3YzOXVFMW5JIiZndDtwaWMudHdpdHRlci5jb20vWnN2Mzl1RTFuSSZsdDsvYSZndDsmbHQ7L3AmZ3Q7JmFtcDttZGFzaDsgQ2Fyb2xpbmEgQ29zc2UgKEBDb3NzZUNhcm9saW5hKSAmbHQ7YSBocmVmPSJodHRwczovL3R3aXR0ZXIuY29tL0Nvc3NlQ2Fyb2xpbmEvc3RhdHVzLzE4Njg3NDg5NjAwNTc0MTgxNTU\/cmVmX3NyYz10d3NyYyU1RXRmdyImZ3Q7RGVjZW1iZXIgMTYsIDIwMjQmbHQ7L2EmZ3Q7Jmx0Oy9ibG9ja3F1b3RlJmd0OwombHQ7c2NyaXB0IGFzeW5jIHNyYz0iaHR0cHM6Ly9wbGF0Zm9ybS50d2l0dGVyLmNvbS93aWRnZXRzLmpzIiBjaGFyc2V0PSJ1dGYtOCImZ3Q7Jmx0Oy9zY3JpcHQmZ3Q7CgombHQ7ZGl2IGNsYXNzPSJtZWRpdW0taW5zZXJ0LWVtYmVkcy1tZXRhIiZndDsmbHQ7c2NyaXB0IHR5cGU9InRleHQvanNvbiImZ3Q7eyJ1cmwiOiJodHRwczovL3R3aXR0ZXIuY29tL0Nvc3NlQ2Fyb2xpbmEvc3RhdHVzLzE4Njg3NDg5NjAwNTc0MTgxNTUiLCJ0eXBlIjoicmljaCIsInZlcnNpb24iOiIxLjAiLCJ0aXRsZSI6IkNhcm9saW5hIENvc3NlIG9uIFR3aXR0ZXIgLyBYIiwiYXV0aG9yIjoiQ2Fyb2xpbmEgQ29zc2UiLCJhdXRob3JfdXJsIjoiaHR0cHM6Ly90d2l0dGVyLmNvbS9Db3NzZUNhcm9saW5hIiwicHJvdmlkZXJfbmFtZSI6IlR3aXR0ZXIiLCJkZXNjcmlwdGlvbiI6IlVuIGdyYW4gZXF1aXBvISEhIHBpYy50d2l0dGVyLmNvbS9ac3YzOXVFMW5J4oCUIENhcm9saW5hIENvc3NlIChAQ29zc2VDYXJvbGluYSkgRGVjZW1iZXIgMTYsIDIwMjRcblxuXG4iLCJ0aHVtYm5haWxfdXJsIjoiaHR0cHM6Ly9wYnMudHdpbWcuY29tL21lZGlhL0dlOGhSU25Yb0FBZHpFdS5qcGc6bGFyZ2UiLCJ0aHVtYm5haWxfd2lkdGgiOjE0NzMsInRodW1ibmFpbF9oZWlnaHQiOjk4MiwiY2FjaGVfYWdlIjo4NjQwMCwib3B0aW9ucyI6eyJfaGlkZV9tZWRpYSI6eyJsYWJlbCI6IkhpZGUgcGhvdG9zLCB2aWRlb3MsIGFuZCBjYXJkcyIsInZhbHVlIjpmYWxzZX0sIl90aGVtZSI6eyJ2YWx1ZSI6IiIsInZhbHVlcyI6eyJkYXJrIjoiVXNlIGRhcmsgdGhlbWUifX0sIl9tYXh3aWR0aCI6eyJ2YWx1ZSI6IiIsImxhYmVsIjoiQWRqdXN0IHdpZHRoIiwicGxhY2Vob2xkZXIiOiIyMjAtNTUwLCBpbiBweCJ9fX0mbHQ7L3NjcmlwdCZndDsmbHQ7L2RpdiZndDs=\">\n                <a data-iframely-url=\"\" href=\"https:\/\/twitter.com\/CosseCarolina\/status\/1868748960057418155\">https:\/\/twitter.com\/CosseCarolina\/status\/1868748960057418155<\/a>\n              <\/div>\n<p>Respecto a la presencia de mujeres en el gabinete anunciado por el presidente, Cosse asegur\u00f3: \u00abSiempre hacemos falta m\u00e1s, pero creo que es un equipo muy bueno\u00bb.\u00a0Orsi gan\u00f3 el pasado 24 de noviembre la segunda vuelta de las elecciones presidenciales de Uruguay, en las que la f\u00f3rmula que hizo junto a Cosse derrot\u00f3 a los oficialistas \u00c1lvaro Delgado y Valeria Ripoll. De esta forma el izquierdista Frente Amplio, que gobern\u00f3 Uruguay en el per\u00edodo 2005-2020, volver\u00e1 a hacerlo desde el 1 de marzo de 2025.<\/p>\n<p><!-- Live Blog Post --><\/div>\n<p><script async src=\"\/\/platform.twitter.com\/widgets.js\" charset=\"utf-8\"><\/script><br \/><a href=\"https:\/\/www.pagina12.com.ar\/790866-uruguay-yamandu-orsi-presento-al-gabinete-que-asumira-el-pro\">source<\/a><\/p>\n","protected":false},"excerpt":{"rendered":"<p>El presidente electo de Uruguay, Yamand\u00fa Orsi, anunci\u00f3 este lunes el gabinete con el que&#8230;<\/p>\n","protected":false},"author":0,"featured_media":196646,"comment_status":"open","ping_status":"open","sticky":false,"template":"","format":"standard","meta":{"footnotes":""},"categories":[60],"tags":[],"class_list":["post-196645","post","type-post","status-publish","format-standard","has-post-thumbnail","hentry","category-internacional"],"featured_image_urls":{"full":["https:\/\/radiofenix.com.ar\/2023\/wp-content\/uploads\/wp-header-logo.png",0,0,false],"thumbnail":["https:\/\/radiofenix.com.ar\/2023\/wp-content\/uploads\/wp-header-logo.png",1,1,false],"medium":["https:\/\/radiofenix.com.ar\/2023\/wp-content\/uploads\/wp-header-logo.png",1,1,false],"medium_large":["https:\/\/radiofenix.com.ar\/2023\/wp-content\/uploads\/wp-header-logo.png",1,1,false],"large":["https:\/\/radiofenix.com.ar\/2023\/wp-content\/uploads\/wp-header-logo.png",1,1,false],"1536x1536":["https:\/\/radiofenix.com.ar\/2023\/wp-content\/uploads\/wp-header-logo.png",1,1,false],"2048x2048":["https:\/\/radiofenix.com.ar\/2023\/wp-content\/uploads\/wp-header-logo.png",1,1,false],"newsium-slider-full":["https:\/\/radiofenix.com.ar\/2023\/wp-content\/uploads\/wp-header-logo.png",1,1,false],"newsium-featured":["https:\/\/radiofenix.com.ar\/2023\/wp-content\/uploads\/wp-header-logo.png",1,1,false],"newsium-medium":["https:\/\/radiofenix.com.ar\/2023\/wp-content\/uploads\/wp-header-logo.png",1,1,false]},"author_info":{"info":[""]},"category_info":"<a href=\"https:\/\/radiofenix.com.ar\/2023\/category\/internacional\/\" rel=\"category tag\">Internacional<\/a>","tag_info":"Internacional","comment_count":"0","_links":{"self":[{"href":"https:\/\/radiofenix.com.ar\/2023\/wp-json\/wp\/v2\/posts\/196645","targetHints":{"allow":["GET"]}}],"collection":[{"href":"https:\/\/radiofenix.com.ar\/2023\/wp-json\/wp\/v2\/posts"}],"about":[{"href":"https:\/\/radiofenix.com.ar\/2023\/wp-json\/wp\/v2\/types\/post"}],"replies":[{"embeddable":true,"href":"https:\/\/radiofenix.com.ar\/2023\/wp-json\/wp\/v2\/comments?post=196645"}],"version-history":[{"count":0,"href":"https:\/\/radiofenix.com.ar\/2023\/wp-json\/wp\/v2\/posts\/196645\/revisions"}],"wp:featuredmedia":[{"embeddable":true,"href":"https:\/\/radiofenix.com.ar\/2023\/wp-json\/wp\/v2\/media\/196646"}],"wp:attachment":[{"href":"https:\/\/radiofenix.com.ar\/2023\/wp-json\/wp\/v2\/media?parent=196645"}],"wp:term":[{"taxonomy":"category","embeddable":true,"href":"https:\/\/radiofenix.com.ar\/2023\/wp-json\/wp\/v2\/categories?post=196645"},{"taxonomy":"post_tag","embeddable":true,"href":"https:\/\/radiofenix.com.ar\/2023\/wp-json\/wp\/v2\/tags?post=196645"}],"curies":[{"name":"wp","href":"https:\/\/api.w.org\/{rel}","templated":true}]}}