{"id":196647,"date":"2024-12-17T08:57:45","date_gmt":"2024-12-17T08:57:45","guid":{"rendered":"https:\/\/radiofenix.com.ar\/2023\/a-pedido-de-javier-milei-cuales-son-los-destinos-prohibidos-para-las-vacaciones-de-los-ministros\/"},"modified":"2024-12-17T08:57:45","modified_gmt":"2024-12-17T08:57:45","slug":"a-pedido-de-javier-milei-cuales-son-los-destinos-prohibidos-para-las-vacaciones-de-los-ministros","status":"publish","type":"post","link":"https:\/\/radiofenix.com.ar\/2023\/a-pedido-de-javier-milei-cuales-son-los-destinos-prohibidos-para-las-vacaciones-de-los-ministros\/","title":{"rendered":"A pedido de Javier Milei: cu\u00e1les son los destinos prohibidos para las vacaciones de los ministros"},"content":{"rendered":"<div id=\"\">\n<p>Adem\u00e1s, se especific\u00f3 que solo podr\u00e1n tomarse los d\u00edas de descanso <strong>a partir de la \u00faltima semana de diciembre, despu\u00e9s de Navidad, y durante todo enero. <\/strong><\/p>\n<div contenteditable=\"false\" class=\"embed_cont type_imagen\" id=\"8011550-Libre-491396522_wrap\">\n<p> milei reunion de gabinete <span onclick=\"parent.parent.TinyMCETdcuerpo.preview_embed('8011550-Libre-491396522')\" class=\"embed_colapse less\" id=\"8011550-Libre-491396522_colapse\"\/> <span onclick=\"parent.parent.TinyMCETdcuerpo.delete_embed('8011550-Libre-491396522')\" class=\"embed_delete less\" id=\"8011550-Libre-491396522_delete\"\/><\/p>\n<div id=\"8011550-Libre-491396522_content\" class=\"embed_content\"><img loading=\"lazy\" decoding=\"async\" src=\"https:\/\/media.minutouno.com\/p\/13d2b1643108cbaf675a2a9e037e34a6\/adjuntos\/150\/imagenes\/042\/001\/0042001604\/milei-reunion-gabinete.jpg\" alt=\"El presidente Javier Milei mantuvo una reuni\u00f3n con los principales funcionarios del Gobierno\" title=\"El presidente Javier Milei mantuvo una reuni\u00f3n con los principales funcionarios del Gobierno\" width=\"610\" height=\"343\" id=\"8011550-Libre-491396522_embed\"\/><\/div>\n<div id=\"8011550-Libre-491396522_epigrafe\" class=\"embed_epigrafe\">\n<p> El presidente Javier Milei mantuvo una reuni\u00f3n con los principales funcionarios del Gobierno<a href=\"https:\/\/x.com\/OPRArgentina\/status\/1862154017222115550\/photo\/1\" role=\"link\" class=\"\"\/><\/p>\n<\/p><\/div>\n<\/p><\/div>\n<p>Desde Casa Rosada pidieron<strong> mantener la \u201causteridad\u201d <\/strong>durante la gesti\u00f3n y <strong>evitar destinos de descanso que resulten \u201costentosos\u201d <\/strong>en medio de la realidad que vive la sociedad argentina bajo la premisa de que <strong>\u00abno hay plata\u00bb<\/strong>.<\/p>\n<p>En este sentido, los destinos \u201cprohibidos\u201d para que los ministros y funcionarios viajen durante las vacaciones ser\u00edan <strong>Miami, Punta del Este y Nueva York<\/strong>, seg\u00fan <em>TN<\/em>.<\/p>\n<p>El propio Milei destac\u00f3 en varios reportajes su responsabilidad para con el cargo desde que asumi\u00f3: \u201cSoy un workaholic, directamente me levanto y voy al escritorio a trabajar\u201d, admiti\u00f3 en reportajes televisivos y radiales.<\/p>\n<p>Trascendi\u00f3 que desde el entorno del Presidente le recomendaron que, al menos, se tomara tres d\u00edas para descansar, pero esto no suceder\u00e1 y continuar\u00e1 cumpliendo sus funciones correspondientes desde la Quinta de Olivos y Casa Rosada.<\/p>\n<p>Si bien Milei no se tomar\u00e1 un descanso tras el primer a\u00f1o de su Gobierno, en su agenda s\u00ed <strong>est\u00e1 confirmado su viaje a Estados Unidos para el 20 de enero<\/strong> con el fin de asistir a la ceremonia de asunci\u00f3n de Donald Trump, presidente electo de ese pa\u00eds.<\/p>\n<p>La presencia de Milei en Washington &#8211; tras la invitaci\u00f3n personal de Trump &#8211; ser\u00e1 un acontecimiento inusual debido a que los mandatarios no suelen asistir a las asunciones de presidentes estadounidenses. En cambio, se suele enviar a representantes diplom\u00e1ticos.<\/p>\n<div contenteditable=\"false\" class=\"embed_cont type_freetext\" rel=\"freetext\" id=\"embed49_wrap\">\n<p>Embed <span onclick=\"parent.parent.TinyMCETdcuerpo.preview_embed('embed49')\" class=\"embed_colapse less\" id=\"embed49_colapse\"\/>  <span onclick=\"parent.parent.TinyMCETdcuerpo.delete_embed('embed49')\" class=\"embed_delete less\" id=\"embed49_delete\"\/><\/p>\n<div id=\"embed49_content\" class=\"embed_content\">\n<div id=\"embed49_embed\">\n<figure class=\"figure\"><a href=\"https:\/\/t.me\/minutounocom\" target=\"_blank\" rel=\"noopener\"><img decoding=\"async\" src=\"https:\/\/media.minutouno.com\/adjuntos\/150\/banners\/039\/099\/0039099175.jpg\" class=\"figure-img img-fluid\" style=\"width:100%;height:auto;\"\/><\/a><\/figure>\n<\/div>\n<\/div><\/div>\n<\/p><\/div>\n<p><a href=\"https:\/\/www.minutouno.com\/politica\/a-pedido-javier-milei-cuales-son-los-destinos-prohibidos-las-vacaciones-los-ministros-n6093638\">source<\/a><\/p>\n","protected":false},"excerpt":{"rendered":"<p>Adem\u00e1s, se especific\u00f3 que solo podr\u00e1n tomarse los d\u00edas de descanso a partir de la&#8230;<\/p>\n","protected":false},"author":0,"featured_media":196648,"comment_status":"open","ping_status":"open","sticky":false,"template":"","format":"standard","meta":{"footnotes":""},"categories":[2],"tags":[],"class_list":["post-196647","post","type-post","status-publish","format-standard","has-post-thumbnail","hentry","category-politica"],"featured_image_urls":{"full":["https:\/\/radiofenix.com.ar\/2023\/wp-content\/uploads\/wp-header-logo.png",0,0,false],"thumbnail":["https:\/\/radiofenix.com.ar\/2023\/wp-content\/uploads\/wp-header-logo.png",1,1,false],"medium":["https:\/\/radiofenix.com.ar\/2023\/wp-content\/uploads\/wp-header-logo.png",1,1,false],"medium_large":["https:\/\/radiofenix.com.ar\/2023\/wp-content\/uploads\/wp-header-logo.png",1,1,false],"large":["https:\/\/radiofenix.com.ar\/2023\/wp-content\/uploads\/wp-header-logo.png",1,1,false],"1536x1536":["https:\/\/radiofenix.com.ar\/2023\/wp-content\/uploads\/wp-header-logo.png",1,1,false],"2048x2048":["https:\/\/radiofenix.com.ar\/2023\/wp-content\/uploads\/wp-header-logo.png",1,1,false],"newsium-slider-full":["https:\/\/radiofenix.com.ar\/2023\/wp-content\/uploads\/wp-header-logo.png",1,1,false],"newsium-featured":["https:\/\/radiofenix.com.ar\/2023\/wp-content\/uploads\/wp-header-logo.png",1,1,false],"newsium-medium":["https:\/\/radiofenix.com.ar\/2023\/wp-content\/uploads\/wp-header-logo.png",1,1,false]},"author_info":{"info":[""]},"category_info":"<a href=\"https:\/\/radiofenix.com.ar\/2023\/category\/politica\/\" rel=\"category tag\">Pol\u00edtica<\/a>","tag_info":"Pol\u00edtica","comment_count":"0","_links":{"self":[{"href":"https:\/\/radiofenix.com.ar\/2023\/wp-json\/wp\/v2\/posts\/196647","targetHints":{"allow":["GET"]}}],"collection":[{"href":"https:\/\/radiofenix.com.ar\/2023\/wp-json\/wp\/v2\/posts"}],"about":[{"href":"https:\/\/radiofenix.com.ar\/2023\/wp-json\/wp\/v2\/types\/post"}],"replies":[{"embeddable":true,"href":"https:\/\/radiofenix.com.ar\/2023\/wp-json\/wp\/v2\/comments?post=196647"}],"version-history":[{"count":0,"href":"https:\/\/radiofenix.com.ar\/2023\/wp-json\/wp\/v2\/posts\/196647\/revisions"}],"wp:featuredmedia":[{"embeddable":true,"href":"https:\/\/radiofenix.com.ar\/2023\/wp-json\/wp\/v2\/media\/196648"}],"wp:attachment":[{"href":"https:\/\/radiofenix.com.ar\/2023\/wp-json\/wp\/v2\/media?parent=196647"}],"wp:term":[{"taxonomy":"category","embeddable":true,"href":"https:\/\/radiofenix.com.ar\/2023\/wp-json\/wp\/v2\/categories?post=196647"},{"taxonomy":"post_tag","embeddable":true,"href":"https:\/\/radiofenix.com.ar\/2023\/wp-json\/wp\/v2\/tags?post=196647"}],"curies":[{"name":"wp","href":"https:\/\/api.w.org\/{rel}","templated":true}]}}