{"id":196649,"date":"2024-12-17T08:57:47","date_gmt":"2024-12-17T08:57:47","guid":{"rendered":"https:\/\/radiofenix.com.ar\/2023\/fm-aspen-tendra-repetidoras-en-mar-del-plata-necochea-y-santa-teresita\/"},"modified":"2024-12-17T08:57:47","modified_gmt":"2024-12-17T08:57:47","slug":"fm-aspen-tendra-repetidoras-en-mar-del-plata-necochea-y-santa-teresita","status":"publish","type":"post","link":"https:\/\/radiofenix.com.ar\/2023\/fm-aspen-tendra-repetidoras-en-mar-del-plata-necochea-y-santa-teresita\/","title":{"rendered":"FM Aspen tendr\u00e1 repetidoras en Mar del Plata, Necochea y Santa Teresita"},"content":{"rendered":"<div><!-- Body --><\/p>\n<p><b>FM Aspen<\/b> anunci\u00f3 ayer un nuevo paso en el crecimiento de sus operaciones y alcance. Durante una ceremonia en la ciudad de Mar del Plata, la \u201cradio de los cl\u00e1sicos\u201d present\u00f3 las <b>nuevas repetidoras de la costa atl\u00e1ntica bonaerense<\/b>. As\u00ed, la ic\u00f3nica radio, que integra el <b>Grupo Octubre<\/b>, llegar\u00e1 a <b>Mar del Plata (en el 95.5 del dial), Necochea (97.7) y Santa Teresita (93.1)<\/b>. Las tres nuevas sinton\u00edas se suman a la de <b>Pinamar-Caril\u00f3 (101.5)<\/b>. Del anuncio participaron la diputada y directora de las radios del Grupo Octubre,<b> Gisela Marziotta<\/b>, la coordinadora de interior <b>Sandra \u00c1lvarez Rovera<\/b>\u00a0y el director de la repetidora local <b>Juan Carlos Olivito<\/b>.<\/p>\n<p>  \u201cEsto tiene que ver con la <b>consolidaci\u00f3n <\/b>de Aspen, porque son <b>37 a\u00f1os<\/b> de una radio que va creciendo en forma ininterrumpida y que ahora est\u00e1 llegando a acompa\u00f1ar a nuestros oyentes tambi\u00e9n en sus vacaciones, en este caso junto a los de Mar del Plata, Santa Teresita o Pinamar, donde <b>venimos estando todos los a\u00f1os\u201d,<\/b> cuenta Marziotta. \u201cEn Pinamar vamos a estar en el <b>parador de UFO Point,<\/b> donde se va a poder escuchar la radio y donde vamos a hacer algunas <b>actividades sorpresa<\/b> con los turistas\u201d, anticipa.<\/p>\n<p>  Los representantes de la emisora anticiparon la <b>programaci\u00f3n veraniega<\/b>, que no se limitar\u00e1 a la tradicional selecci\u00f3n musical que caracteriza a la se\u00f1al sino que <b>incluir\u00e1 eventos, entretenimientos junto al mar y transmisiones especiales en paradores<\/b>. En di\u00e1logo con <b>P\u00e1gina\/12<\/b> horas antes de la presentaci\u00f3n, Marziotta ratifica la continuidad del <b>\u201cAspen Tour\u201d<\/b>, el proyecto que \u201cte lleva a ver a tu banda favorita, a cualquier parte del planeta\u201d y celebr\u00f3 la continuidad del flamante <b>\u201cAspen Sport Tour\u201d<\/b>, con el que suman eventos deportivos a los recitales. La primera experiencia fue ver la carrera de <b>Franco Colapinto<\/b> en el Grand Prix de San Pablo. \u201cTambi\u00e9n habr\u00e1 otras sorpresas que vamos a ir comunicando a lo largo del 2025, m\u00e1s cerca del mes de marzo\u201d, conf\u00eda la directora de la se\u00f1al.<\/p>\n<p>  En la actualidad, FM Aspen (que <b>transmite en el AMBA en el 102.3 del dial<\/b>) es una de las radios FM m\u00e1s escuchadas del sector. La se\u00f1al atraviesa una serie de cambios y notable <b>crecimiento<\/b>. Hace poco, fue noticia la desvinculaci\u00f3n de su hist\u00f3rica voz, la del locutor Leo Rodr\u00edguez, tras 33 a\u00f1os de trabajo en la radio. \u201cNunca he tomado decisiones de un d\u00eda para el otro, la radio est\u00e1 en un gran, gran momento, todos lo sabemos, la construcci\u00f3n de una marca ha llevado much\u00edsimos a\u00f1os, nos ha costado much\u00edsimo esfuerzo, hemos tropezado con mil escollos, y una radio como Aspen no se hace de un d\u00eda para el otro\u201d, coment\u00f3 entonces al aire el propio Rodr\u00edguez.<\/p>\n<p>  Aunque en ese momento algunas voces especularon que Aspen devendr\u00eda en una se\u00f1al m\u00e1s estandarizada y orientada a las noticias de actualidad, su directora descart\u00f3 la posibilidad y ratific\u00f3 que <b>la se\u00f1al mantendr\u00eda su l\u00ednea caracter\u00edstica, de impronta casi exclusivamente musical, y dedicada a los cl\u00e1sicos del rock y el pop de las \u00faltimas d\u00e9cadas.<\/b><\/p>\n<p>  En medio de esos cambios, desde la FM hicieron p\u00fablica una carta de despedida y agradecimiento al hist\u00f3rico locutor. \u201cDesde el Grupo Octubre no tenemos m\u00e1s que palabras de <b>agradecimiento <\/b>para Leo Rodr\u00edguez, locutor cuya voz y labor ya es parte de la historia grande de la radiofon\u00eda argentina. La FM Aspen marc\u00f3 a varias generaciones con sus cl\u00e1sicos y se transform\u00f3 en un estandarte de la m\u00fasica y la radio\u201d, se\u00f1alaba el texto, que adem\u00e1s asum\u00eda \u201cel compromiso es mantener con fidelidad el estilo de esta emisora e incluso los concursos como &#8216;Aspen Tour&#8217;\u201d. En ese mismo escrito, la radio dirigida por Gisela Marziotta destacaba que \u201ctenemos<b> el honor y el orgullo de poder continuar el camino trazado<\/b> por Leo, pero tambi\u00e9n el desaf\u00edo de mantenernos a la altura de sus logros\u201d.<\/p>\n<p>  \u201c<b>La identidad de la radio est\u00e1 garantizada, es una radio absolutamente instalada y con una identidad muy clara y definida desde hace muchos a\u00f1os<\/b>\u201d, considera Marziotta en la previa del anuncio marplatense. \u201cEs la radio de cl\u00e1sicos en ingl\u00e9s y de pura m\u00fasica las 24 horas. Es, de hecho,<b> la radio de m\u00fasica m\u00e1s escuchada en la Argentina\u201d,<\/b> destaca. \u201cLa idea es que la m\u00fasica siga siendo la protagonista de Aspen, que los cl\u00e1sicos sigan siendo los protagonistas sumando nuevas herramientas, como hicimos hace poco con un acuerdo de cooperaci\u00f3n de contenido con Infobae\u201d, se\u00f1ala. El acuerdo con Infobae permite escuchar la se\u00f1al mientras uno navega por su web, de modo que los lectores del portal de noticias \u2013uno de los m\u00e1s importantes del pa\u00eds y con llegada a toda Am\u00e9rica latina- puedan acceder a la programaci\u00f3n de Aspen tambi\u00e9n en Internet. \u201cEse acuerdo para nosotros s\u00ed es una <b>novedad <\/b>y es algo muy bueno porque nos permite utilizar nuevas herramientas para acercar la radio de los cl\u00e1sicos a m\u00e1s posibles oyentes\u201d.<\/p>\n<p><!-- Live Blog Post --><\/div>\n<p><a href=\"https:\/\/www.pagina12.com.ar\/790843-fm-aspen-tendra-repetidoras-en-mar-del-plata-necochea-y-sant\">source<\/a><\/p>\n","protected":false},"excerpt":{"rendered":"<p>FM Aspen anunci\u00f3 ayer un nuevo paso en el crecimiento de sus operaciones y alcance&#8230;.<\/p>\n","protected":false},"author":0,"featured_media":196650,"comment_status":"open","ping_status":"open","sticky":false,"template":"","format":"standard","meta":{"footnotes":""},"categories":[4],"tags":[],"class_list":["post-196649","post","type-post","status-publish","format-standard","has-post-thumbnail","hentry","category-espectaculos"],"featured_image_urls":{"full":["https:\/\/radiofenix.com.ar\/2023\/wp-content\/uploads\/wp-header-logo.png",0,0,false],"thumbnail":["https:\/\/radiofenix.com.ar\/2023\/wp-content\/uploads\/wp-header-logo.png",1,1,false],"medium":["https:\/\/radiofenix.com.ar\/2023\/wp-content\/uploads\/wp-header-logo.png",1,1,false],"medium_large":["https:\/\/radiofenix.com.ar\/2023\/wp-content\/uploads\/wp-header-logo.png",1,1,false],"large":["https:\/\/radiofenix.com.ar\/2023\/wp-content\/uploads\/wp-header-logo.png",1,1,false],"1536x1536":["https:\/\/radiofenix.com.ar\/2023\/wp-content\/uploads\/wp-header-logo.png",1,1,false],"2048x2048":["https:\/\/radiofenix.com.ar\/2023\/wp-content\/uploads\/wp-header-logo.png",1,1,false],"newsium-slider-full":["https:\/\/radiofenix.com.ar\/2023\/wp-content\/uploads\/wp-header-logo.png",1,1,false],"newsium-featured":["https:\/\/radiofenix.com.ar\/2023\/wp-content\/uploads\/wp-header-logo.png",1,1,false],"newsium-medium":["https:\/\/radiofenix.com.ar\/2023\/wp-content\/uploads\/wp-header-logo.png",1,1,false]},"author_info":{"info":[""]},"category_info":"<a href=\"https:\/\/radiofenix.com.ar\/2023\/category\/espectaculos\/\" rel=\"category tag\">Espectaculos<\/a>","tag_info":"Espectaculos","comment_count":"0","_links":{"self":[{"href":"https:\/\/radiofenix.com.ar\/2023\/wp-json\/wp\/v2\/posts\/196649","targetHints":{"allow":["GET"]}}],"collection":[{"href":"https:\/\/radiofenix.com.ar\/2023\/wp-json\/wp\/v2\/posts"}],"about":[{"href":"https:\/\/radiofenix.com.ar\/2023\/wp-json\/wp\/v2\/types\/post"}],"replies":[{"embeddable":true,"href":"https:\/\/radiofenix.com.ar\/2023\/wp-json\/wp\/v2\/comments?post=196649"}],"version-history":[{"count":0,"href":"https:\/\/radiofenix.com.ar\/2023\/wp-json\/wp\/v2\/posts\/196649\/revisions"}],"wp:featuredmedia":[{"embeddable":true,"href":"https:\/\/radiofenix.com.ar\/2023\/wp-json\/wp\/v2\/media\/196650"}],"wp:attachment":[{"href":"https:\/\/radiofenix.com.ar\/2023\/wp-json\/wp\/v2\/media?parent=196649"}],"wp:term":[{"taxonomy":"category","embeddable":true,"href":"https:\/\/radiofenix.com.ar\/2023\/wp-json\/wp\/v2\/categories?post=196649"},{"taxonomy":"post_tag","embeddable":true,"href":"https:\/\/radiofenix.com.ar\/2023\/wp-json\/wp\/v2\/tags?post=196649"}],"curies":[{"name":"wp","href":"https:\/\/api.w.org\/{rel}","templated":true}]}}