{"id":196653,"date":"2024-12-17T12:11:48","date_gmt":"2024-12-17T12:11:48","guid":{"rendered":"https:\/\/radiofenix.com.ar\/2023\/una-infeccion-de-mpox-en-una-familia-obliga-a-escuela-a-ensenar-a-distancia-en-alemania\/"},"modified":"2024-12-17T12:11:48","modified_gmt":"2024-12-17T12:11:48","slug":"una-infeccion-de-mpox-en-una-familia-obliga-a-escuela-a-ensenar-a-distancia-en-alemania","status":"publish","type":"post","link":"https:\/\/radiofenix.com.ar\/2023\/una-infeccion-de-mpox-en-una-familia-obliga-a-escuela-a-ensenar-a-distancia-en-alemania\/","title":{"rendered":"Una infecci\u00f3n de mpox en una familia obliga a escuela a ense\u00f1ar a distancia en Alemania\u00a0"},"content":{"rendered":"<div><!-- Body --><\/p>\n<p>La <b>infecci\u00f3n <\/b>con el virus de la <b>mpox <\/b>de varios miembros de una familia de la que forman parte dos ni\u00f1os en el distrito de Renania-Berg (oeste) oblig\u00f3 este lunes a que <b>las autoridades decidieran que un centro escolar de la localidad de R\u00f6srath pasara a ense\u00f1ar a distancia.<\/b><\/p>\n<p>\u00abLos alumnos de <b>una escuela especial<\/b> de R\u00f6srath reciben ahora clases a distancia hasta el viernes inclusive\u00bb, informaron en un comunicado los responsables del distrito de Renania-Berg, en el que explicaron que \u00abel departamento de salud y la direcci\u00f3n de la escuela han decidido adoptar esta medida preventiva en vista de los alumnos que requieren una protecci\u00f3n especial\u00bb.<\/p>\n<p>\u00ab<b>Las instalaciones de la escuela permanecer\u00e1n cerradas para evitar el contacto estrecho entre los alumnos y, por tanto, la posible propagaci\u00f3n del mpox<\/b>\u00ab, se\u00f1alaron las autoridades, que mantendr\u00e1n el centro cerrado hasta que terminen las vacaciones de Navidad.<\/p>\n<p>La decisi\u00f3n de mantener en este r\u00e9gimen la escuela se produjo despu\u00e9s de que en esta jornada <b>se confirmara un caso positivo de infecci\u00f3n por la nueva variante Clado 1b del virus de la mpox en cuatro miembros de una familia<\/b>, incluidos dos menores, que vive en Renania-Berg.<\/p>\n<p>Seg\u00fan las autoridades, \u00abse presume que la enfermedad fue adquirida\u00bb inicialmente por \u00abuno de los miembros de la familia que viaj\u00f3 a \u00c1frica recientemente y estuvo en contacto con la poblaci\u00f3n local\u00bb.\u00a0<\/p>\n<p><!-- Live Blog Post --><\/div>\n<p><a href=\"https:\/\/www.pagina12.com.ar\/790804-una-infeccion-de-mpox-en-una-familia-obliga-a-escuela-a-ense\">source<\/a><\/p>\n","protected":false},"excerpt":{"rendered":"<p>La infecci\u00f3n con el virus de la mpox de varios miembros de una familia de&#8230;<\/p>\n","protected":false},"author":0,"featured_media":196654,"comment_status":"open","ping_status":"open","sticky":false,"template":"","format":"standard","meta":{"footnotes":""},"categories":[7],"tags":[],"class_list":["post-196653","post","type-post","status-publish","format-standard","has-post-thumbnail","hentry","category-sociedad"],"featured_image_urls":{"full":["https:\/\/radiofenix.com.ar\/2023\/wp-content\/uploads\/wp-header-logo.png",0,0,false],"thumbnail":["https:\/\/radiofenix.com.ar\/2023\/wp-content\/uploads\/wp-header-logo.png",1,1,false],"medium":["https:\/\/radiofenix.com.ar\/2023\/wp-content\/uploads\/wp-header-logo.png",1,1,false],"medium_large":["https:\/\/radiofenix.com.ar\/2023\/wp-content\/uploads\/wp-header-logo.png",1,1,false],"large":["https:\/\/radiofenix.com.ar\/2023\/wp-content\/uploads\/wp-header-logo.png",1,1,false],"1536x1536":["https:\/\/radiofenix.com.ar\/2023\/wp-content\/uploads\/wp-header-logo.png",1,1,false],"2048x2048":["https:\/\/radiofenix.com.ar\/2023\/wp-content\/uploads\/wp-header-logo.png",1,1,false],"newsium-slider-full":["https:\/\/radiofenix.com.ar\/2023\/wp-content\/uploads\/wp-header-logo.png",1,1,false],"newsium-featured":["https:\/\/radiofenix.com.ar\/2023\/wp-content\/uploads\/wp-header-logo.png",1,1,false],"newsium-medium":["https:\/\/radiofenix.com.ar\/2023\/wp-content\/uploads\/wp-header-logo.png",1,1,false]},"author_info":{"info":[""]},"category_info":"<a href=\"https:\/\/radiofenix.com.ar\/2023\/category\/sociedad\/\" rel=\"category tag\">Sociedad<\/a>","tag_info":"Sociedad","comment_count":"0","_links":{"self":[{"href":"https:\/\/radiofenix.com.ar\/2023\/wp-json\/wp\/v2\/posts\/196653","targetHints":{"allow":["GET"]}}],"collection":[{"href":"https:\/\/radiofenix.com.ar\/2023\/wp-json\/wp\/v2\/posts"}],"about":[{"href":"https:\/\/radiofenix.com.ar\/2023\/wp-json\/wp\/v2\/types\/post"}],"replies":[{"embeddable":true,"href":"https:\/\/radiofenix.com.ar\/2023\/wp-json\/wp\/v2\/comments?post=196653"}],"version-history":[{"count":0,"href":"https:\/\/radiofenix.com.ar\/2023\/wp-json\/wp\/v2\/posts\/196653\/revisions"}],"wp:featuredmedia":[{"embeddable":true,"href":"https:\/\/radiofenix.com.ar\/2023\/wp-json\/wp\/v2\/media\/196654"}],"wp:attachment":[{"href":"https:\/\/radiofenix.com.ar\/2023\/wp-json\/wp\/v2\/media?parent=196653"}],"wp:term":[{"taxonomy":"category","embeddable":true,"href":"https:\/\/radiofenix.com.ar\/2023\/wp-json\/wp\/v2\/categories?post=196653"},{"taxonomy":"post_tag","embeddable":true,"href":"https:\/\/radiofenix.com.ar\/2023\/wp-json\/wp\/v2\/tags?post=196653"}],"curies":[{"name":"wp","href":"https:\/\/api.w.org\/{rel}","templated":true}]}}