{"id":196657,"date":"2024-12-17T12:11:52","date_gmt":"2024-12-17T12:11:52","guid":{"rendered":"https:\/\/radiofenix.com.ar\/2023\/quien-es-alba-quintar-la-militante-libertaria-que-denuncia-ataques-internos-en-salta\/"},"modified":"2024-12-17T12:11:52","modified_gmt":"2024-12-17T12:11:52","slug":"quien-es-alba-quintar-la-militante-libertaria-que-denuncia-ataques-internos-en-salta","status":"publish","type":"post","link":"https:\/\/radiofenix.com.ar\/2023\/quien-es-alba-quintar-la-militante-libertaria-que-denuncia-ataques-internos-en-salta\/","title":{"rendered":"Qui\u00e9n es Alba Quintar, la militante libertaria que denuncia ataques internos en Salta"},"content":{"rendered":"<div id=\"\">\n<p>En este marco, la joven libertaria denunci\u00f3 que no la dejan ingresar a un pr\u00f3ximo evento de LLA, pese a ser una ferviente militante. <\/p>\n<p><span class=\"saysCMSEmphasis\" id=\"saysCMSEmphasiszrrpifj514d\">\u00abMe acaban de informar que tengo prohibido el ingreso al evento de la presentaci\u00f3n oficial de la La Libertad Avanza de Salta. Es lamentable que se manejen de esta manera en mi provincia. Evidentemente hay dirigentes con problemas personales conmigo de los que no estoy enterada\u00bb<\/span>, revel\u00f3 Quintar, quien anunci\u00f3: \u00abYo voy a asistir de todas maneras, en apoyo como desde el primer d\u00eda al Gobierno de Javier y Karina Milei\u00bb.<\/p>\n<div contenteditable=\"false\" class=\"embed_cont type_video\" id=\"8018592-1232059175_wrap\">\n<p> Interna libertaria alba quintar <span onclick=\"parent.parent.TinyMCETdcuerpo.preview_embed('8018592-1232059175')\" class=\"embed_colapse less\" id=\"8018592-1232059175_colapse\"\/>  <span onclick=\"parent.parent.TinyMCETdcuerpo.delete_embed('8018592-1232059175')\" class=\"embed_delete less\" id=\"8018592-1232059175_delete\"\/><\/p>\n<\/p><\/div>\n<h2>Qui\u00e9n es Alba Quintar<\/h2>\n<p>Alba Quintar es representante del Ministerio de Justicia de la Naci\u00f3n en la provincia de Salta, y trabaja de forma ad honorem, seg\u00fan relat\u00f3 el periodista Mauro Federico. <\/p>\n<p>La militante libertaria ser\u00eda atacada por Orozco, que es empleada de Alfredo Olmedo, de acuerdo con el panelista de Argenzuela.<\/p>\n<div contenteditable=\"false\" class=\"embed_cont type_freetext\" rel=\"freetext\" id=\"embed5010_wrap\" data-provider=\"Instagram\">\n<p>Embed &#8211; Alba Quintar en Instagram: \u00abTarde con mam\u00e1 \u00ab<span onclick=\"parent.parent.TinyMCETdcuerpo.preview_embed('embed5010')\" class=\"embed_colapse less\" id=\"embed5010_colapse\"\/><span onclick=\"parent.parent.TinyMCETdcuerpo.delete_embed('embed5010')\" class=\"embed_delete less\" id=\"embed5010_delete\"\/><\/p>\n<\/p><\/div>\n<h2>Fuerte cruce en redes entre Victoria Villarruel y el ej\u00e9rcito de trolls<\/h2>\n<p>La interna en la est\u00e1 empantanada La Libertad Avanza ya parece haber cruzado el punto de no retorno luego de que el muy bien rentado ej\u00e9rcito de trolls al mando de <strong>Santiago Caputo<\/strong> amenazara abiertamente a la vicepresidenta <strong>Victoria Villarruel <\/strong>en las redes sociales con \u00abcarpetearla\u00bb.<\/p>\n<p>Esta vez el encargado de tirar la primera piedra contra Villarruel fue<strong> Alejandro Sarubbi Ben\u00edtez,<\/strong> abogado del troll <strong>Daniel Parisini,<\/strong> m\u00e1s conocido como el \u00abGordo Dan\u00bb y parte del canal de streaming libertario \u00abCarajo\u00bb.<\/p>\n<p>Luego de que Villarruel intentara bajarle el tono a la pol\u00e9mica que se gener\u00f3 tras la expulsi\u00f3n en el Senado de <strong>Edgardo Kueider,<\/strong> el aliado clave de Javier Milei en la sanci\u00f3n de la Ley Bases que fue detenido cuando intentaba ingresar a Paraguay con m\u00e1s de 200 mil d\u00f3lares sin declarar, <strong>Sarubbi Ben\u00edtez<\/strong> la amenaz\u00f3 con dar a conocer \u00abcarpetazos\u00bb sobre la Vicepresidenta.<\/p>\n<p>R\u00e1pidamente el ej\u00e9rcito de trolls se sum\u00f3 a la avanzada contra Villarruel que, lejos de amilanarse, redobl\u00f3 la apuesta.<\/p>\n<p><strong>\u00abVictoria absoluta de las fuerzas del cielo. Y ni siquiera hicieron falta los dos carpetazos\u00bb<\/strong>, escribi\u00f3 de manera intimidatoria el troll Sarubbi Ben\u00edtez en respuesta al posteo conciliador de Villarruel.<\/p>\n<p>La Vicepresidenta no se qued\u00f3 atr\u00e1s y le respondi\u00f3 tajante: \u00abPor favor publiquen los &#8216;dos&#8217; carpetazos. Estoy ansiosa por saber en qu\u00e9 hacen inteligencia sobre mi y mi familia. Voy a estar esperando la difusi\u00f3n de eso para hacer las correspondientes acciones legales entre ellas contra vos que fogoneas hacer inteligencia sobre los ciudadanos\u00bb.<\/p>\n<p>\u00abSos el poder del Estado y yo el ciudadano\u00bb respondi\u00f3 a su vez el abogado troll y neg\u00f3 que \u00e9l estuviera involucrando a su familia y le dej\u00f3 una recomendaci\u00f3n: \u00abYo te dir\u00eda que te queda mal hacerte la p\u00edcara y abusar del poder\u00bb.<\/p>\n<p><span class=\"saysCMSEmphasis\" id=\"saysCMSEmphasispegnvcswgyp\">\u00abNo hay que olvidarse que un grupo de gordos con nulo poder, org\u00e1nicamente y a fuerza de memes metimos al mejor Presidente de la historia (y a vos tambi\u00e9n te metimos), como as\u00ed tambi\u00e9n decretamos la muerte pol\u00edtica de tantos otros. Ayudalo al Javo y cerr\u00e1 el o&#8230;. Es tu \u00fanica misi\u00f3n\u00bb<\/span>, agreg\u00f3 Sarubbi.<\/p>\n<p>Villarruel tambi\u00e9n respondi\u00f3 a un usuario que le pidi\u00f3 que renunciara y la trat\u00f3 de \u00abzurda de mierda\u00bb. \u00abMe divierte cuando me dicen zurda los salamines de Twitter mientras los zurdos me ven como su peor pesadilla. Debo reconocer que nunca te aburr\u00eds en este pa\u00eds\u00bb, sentenci\u00f3.<\/p>\n<div contenteditable=\"false\" class=\"embed_cont type_freetext\" rel=\"freetext\" id=\"embed66_wrap\">\n<p> Embed <span onclick=\"parent.parent.TinyMCETdcuerpo.preview_embed('embed66')\" class=\"embed_colapse less\" id=\"embed66_colapse\"\/>  <span onclick=\"parent.parent.TinyMCETdcuerpo.delete_embed('embed66')\" class=\"embed_delete less\" id=\"embed66_delete\"\/><\/p>\n<div id=\"embed66_content\" class=\"embed_content\">\n<div id=\"embed66_embed\">\n<figure class=\"figure\"><a href=\"https:\/\/t.me\/minutounocom\" target=\"_blank\" rel=\"noopener\"><img decoding=\"async\" src=\"https:\/\/media.minutouno.com\/adjuntos\/150\/banners\/039\/099\/0039099175.jpg\" class=\"figure-img img-fluid\" style=\"width:100%;height:auto;\"\/><\/a><\/figure>\n<\/div>\n<\/div><\/div>\n<\/div>\n<p><a href=\"https:\/\/www.minutouno.com\/politica\/quien-es-alba-quintar-la-militante-libertaria-que-denuncia-ataques-internos-salta-n6093751\">source<\/a><\/p>\n","protected":false},"excerpt":{"rendered":"<p>En este marco, la joven libertaria denunci\u00f3 que no la dejan ingresar a un pr\u00f3ximo&#8230;<\/p>\n","protected":false},"author":0,"featured_media":196658,"comment_status":"open","ping_status":"open","sticky":false,"template":"","format":"standard","meta":{"footnotes":""},"categories":[2],"tags":[],"class_list":["post-196657","post","type-post","status-publish","format-standard","has-post-thumbnail","hentry","category-politica"],"featured_image_urls":{"full":["https:\/\/radiofenix.com.ar\/2023\/wp-content\/uploads\/wp-header-logo.png",0,0,false],"thumbnail":["https:\/\/radiofenix.com.ar\/2023\/wp-content\/uploads\/wp-header-logo.png",1,1,false],"medium":["https:\/\/radiofenix.com.ar\/2023\/wp-content\/uploads\/wp-header-logo.png",1,1,false],"medium_large":["https:\/\/radiofenix.com.ar\/2023\/wp-content\/uploads\/wp-header-logo.png",1,1,false],"large":["https:\/\/radiofenix.com.ar\/2023\/wp-content\/uploads\/wp-header-logo.png",1,1,false],"1536x1536":["https:\/\/radiofenix.com.ar\/2023\/wp-content\/uploads\/wp-header-logo.png",1,1,false],"2048x2048":["https:\/\/radiofenix.com.ar\/2023\/wp-content\/uploads\/wp-header-logo.png",1,1,false],"newsium-slider-full":["https:\/\/radiofenix.com.ar\/2023\/wp-content\/uploads\/wp-header-logo.png",1,1,false],"newsium-featured":["https:\/\/radiofenix.com.ar\/2023\/wp-content\/uploads\/wp-header-logo.png",1,1,false],"newsium-medium":["https:\/\/radiofenix.com.ar\/2023\/wp-content\/uploads\/wp-header-logo.png",1,1,false]},"author_info":{"info":[""]},"category_info":"<a href=\"https:\/\/radiofenix.com.ar\/2023\/category\/politica\/\" rel=\"category tag\">Pol\u00edtica<\/a>","tag_info":"Pol\u00edtica","comment_count":"0","_links":{"self":[{"href":"https:\/\/radiofenix.com.ar\/2023\/wp-json\/wp\/v2\/posts\/196657","targetHints":{"allow":["GET"]}}],"collection":[{"href":"https:\/\/radiofenix.com.ar\/2023\/wp-json\/wp\/v2\/posts"}],"about":[{"href":"https:\/\/radiofenix.com.ar\/2023\/wp-json\/wp\/v2\/types\/post"}],"replies":[{"embeddable":true,"href":"https:\/\/radiofenix.com.ar\/2023\/wp-json\/wp\/v2\/comments?post=196657"}],"version-history":[{"count":0,"href":"https:\/\/radiofenix.com.ar\/2023\/wp-json\/wp\/v2\/posts\/196657\/revisions"}],"wp:featuredmedia":[{"embeddable":true,"href":"https:\/\/radiofenix.com.ar\/2023\/wp-json\/wp\/v2\/media\/196658"}],"wp:attachment":[{"href":"https:\/\/radiofenix.com.ar\/2023\/wp-json\/wp\/v2\/media?parent=196657"}],"wp:term":[{"taxonomy":"category","embeddable":true,"href":"https:\/\/radiofenix.com.ar\/2023\/wp-json\/wp\/v2\/categories?post=196657"},{"taxonomy":"post_tag","embeddable":true,"href":"https:\/\/radiofenix.com.ar\/2023\/wp-json\/wp\/v2\/tags?post=196657"}],"curies":[{"name":"wp","href":"https:\/\/api.w.org\/{rel}","templated":true}]}}