{"id":196659,"date":"2024-12-17T12:11:54","date_gmt":"2024-12-17T12:11:54","guid":{"rendered":"https:\/\/radiofenix.com.ar\/2023\/el-ficer-2024-en-la-senda-india\/"},"modified":"2024-12-17T12:11:54","modified_gmt":"2024-12-17T12:11:54","slug":"el-ficer-2024-en-la-senda-india","status":"publish","type":"post","link":"https:\/\/radiofenix.com.ar\/2023\/el-ficer-2024-en-la-senda-india\/","title":{"rendered":"El Ficer 2024 en la &quot;Senda india&quot;"},"content":{"rendered":"<div><!-- Body --><\/p>\n<p><i>Desde Paran\u00e1<\/i><\/p>\n<p>De pronto, en un fantasmag\u00f3rico blanco y negro, la silueta et\u00e9rea de <b>Juan L. Ortiz <\/b>se desplaza fluida, libre, por las barrancas sobre el r\u00edo Paran\u00e1, como si el poeta hubiera regresado especialmente a su tierra para abrazar al <b>Festival Internacional de Cine de Entre R\u00edos<\/b>\u2026 Ese raro sortilegio \u2013que hay que agradecer al rescate de un cortometraje que se cre\u00eda olvidado de la cineasta santafesina <b>Marilyn Contardi<\/b>&#8211; impregn\u00f3 de sentido las cinco intensas jornadas del Ficer, un festival que parece nacido, como hubiera querido Juanele, en el aura del sauce. <\/p>\n<p>Hecho con tanto lirismo como profesionalidad, <b>el Ficer<\/b> \u2013cuya sexta edici\u00f3n culmin\u00f3 el domingo pasado con un impresionante \u00e9xito de p\u00fablico, que colm\u00f3 todas sus salas y espacios-<b> logr\u00f3 posicionarse como un acontecimiento clave en el calendario cinematogr\u00e1fico nacional.<\/b> Se trata de un festival esencialmente popular \u2013la entrada es libre y gratuita- pero que no por ello resigna calidad ni riesgos est\u00e9ticos en su cuidada curadur\u00eda; de un encuentro impulsado y sostenido por el gobierno provincial pero concebido por algunos de los m\u00e1s consecuentes cineastas de Entre R\u00edos, empezando por su director art\u00edstico,<b> Eduardo Crespo<\/b>, y por el flamante presidente del Instituto Aut\u00e1rquico Audiovisual de Entre R\u00edos (IAAER), <b>Maximiliano Schonfeld<\/b>, ambos realizadores de recorrido y prestigio internacional.<\/p>\n<p>Justamente el hecho de que dos cineastas de la provincia hayan decidido asumir una funci\u00f3n p\u00fablica es un hecho que fue muy celebrado por sus colegas de todo el pa\u00eds, especialmente en un momento en que la cultura en general y el cine argentino en particular est\u00e1n siendo desfinanciados por el gobierno nacional y atacados por odiadores profesionales en las redes sociales. En una charla p\u00fablica con los directores y productoras presentes en el Ficer, se celebr\u00f3 esta decisi\u00f3n de ocupar espacios y asumir responsabilidades all\u00ed donde sea posible, para imaginar distintos caminos para el cine nacional. <b>\u201cQuiz\u00e1s debemos pensar que, muy a pesar nuestro, estamos en un momento refundacional\u201d<\/b>, expres\u00f3 uno de los cineastas en la reuni\u00f3n, donde se percibi\u00f3 que all\u00ed segu\u00eda latiendo el esp\u00edritu cr\u00edtico, autocr\u00edtico y contestatario que hab\u00eda nacido apenas un mes antes, en la muestra <b><a href=\"https:\/\/www.pagina12.com.ar\/783386-contracampo-una-accion-en-defensa-del-cine-argentino\">Contracampo<\/a><\/b>, organizada a la par del desvirtuado Festival de Mar del Plata. <\/p>\n<div class=\"medium-insert-embeds\">\n<figure>\n<div class=\"medium-insert-embed\">\n<div align=\"center\">\n<figure role=\"group\" class=\"caption caption-div embedded-entity\"><figcaption>Eduardo Crespo (izq.) y el equipo de \u00abPuan\u00bb festejan a sala llena<\/figcaption><\/figure>\n<\/div><\/div>\n<\/figure>\n<\/div>\n<p>\u201cEste a\u00f1o el Ficer ten\u00eda que crecer y crecimos \u2013se\u00f1al\u00f3 Crespo en la ceremonia de clausura- porque tuvimos la voluntad pol\u00edtica de un gobierno que entendi\u00f3 que se ven\u00eda haciendo un trabajo muy importante con el cine en la provincia\u201d. De hecho, el gobernador Rogelio Frigerio aprovech\u00f3 el marco del Ficer para anunciar la decisi\u00f3n del gobierno provincial de \u201cpromover la realizaci\u00f3n de producciones a trav\u00e9s del llamado Cash Rebate (reembolso en efectivo)\u201d. Se trata de la devoluci\u00f3n de una parte significativa de la inversi\u00f3n para realizaciones audiovisuales que se realicen en la provincia. Asimismo, el gobernador manifest\u00f3 su satisfacci\u00f3n por<b> \u201cpromover la industria del cine que, entre otras cosas, da trabajo de calidad\u201d.<\/b><\/p>\n<p>El car\u00e1cter eminentemente federal del Ficer no s\u00f3lo qued\u00f3 expuesto a su vez en el <b>Mercado Regional<\/b>, dirigido por otro realizador entrerriano, Sergio Mazza, que cont\u00f3 con seis millones de pesos en premios para desarrollo de proyectos, provenientes de las provincias del Litoral, a las que se sumaron Santa Fe, C\u00f3rdoba y Chaco, lo que hace de Entre R\u00edos un punto de reuni\u00f3n estrat\u00e9gico. Adem\u00e1s de la <b>Correntada Cine Argentino<\/b> (de la que particip\u00f3 todo el equipo de <i>Pu\u00e1n<\/i>) y del Panorama Regional, la Secci\u00f3n Oficial en competencia tambi\u00e9n fue un ejemplo de diversidad federal, que encontr\u00f3 su coronaci\u00f3n en el premio a la mejor pel\u00edcula \u2013que coincidi\u00f3 tambi\u00e9n con el premio de p\u00fablico- para <b><i>Senda india<\/i>, de la directora salte\u00f1a Daniela Seggiaro<\/b>, una obra concebida a partir de registros en video que un joven wich\u00ed realiz\u00f3 en 1991 como prueba para un juicio que llevaba adelante su comunidad. No est\u00e1 dem\u00e1s se\u00f1alar que <i>Senda india<\/i> \u2013que reci\u00e9n inicia su recorrido nacional e internacional- propone un gesto de reapropiaci\u00f3n cultural en momentos en que el gobierno de Javier Milei hace temer lo peor para las comunidades ind\u00edgenas.<\/p>\n<p>\u201cComo jurado ponemos de manifiesto la diversidad y riqueza de la selecci\u00f3n de pel\u00edculas que integran la competencia, que da cuenta de<b> una cinematograf\u00eda llena de vitalidad en un momento en que es atacada de manera absurda y maliciosa por el poder de turno y sus seguidores\u201d<\/b>, expres\u00f3 en sus considerandos el jurado integrado por el cineasta <b>Rodrigo Moreno<\/b>, la actriz y realizadora <b>Romina Paula <\/b>y por la programadora <b>Carolina Monti<\/b>, del Festival Internacional de Cine Independiente de La Plata, FestiFreak.  \u201cEn este contexto tuvimos en cuenta tambi\u00e9n el car\u00e1cter federal del Ficer y su voluntad de posicionarse como un espejo en el que toda esa diversidad formal, tem\u00e1tica y regional pueda reflejarse\u201d. <\/p>\n<p>Por su parte, la directora de <i>Senda india<\/i> agradeci\u00f3 a todo el equipo que hace posible el festival: \u201cRealmente <b>es admirable que en este tiempo de oscuridad, el Ficer encienda las pantallas para vernos, para encontrarnos, para pensar y para brillar con nuestra pasi\u00f3n por el cine<\/b>; es algo maravilloso\u201d. Seguramente, desde sus queridas barrancas del Paran\u00e1, Juanele hubiera estado de acuerdo.\u00a0<\/p>\n<p><!-- Live Blog Post --><\/div>\n<p><a href=\"https:\/\/www.pagina12.com.ar\/790759-el-ficer-2024-en-la-senda-india\">source<\/a><\/p>\n","protected":false},"excerpt":{"rendered":"<p>Desde Paran\u00e1 De pronto, en un fantasmag\u00f3rico blanco y negro, la silueta et\u00e9rea de Juan&#8230;<\/p>\n","protected":false},"author":0,"featured_media":196660,"comment_status":"open","ping_status":"open","sticky":false,"template":"","format":"standard","meta":{"footnotes":""},"categories":[4],"tags":[],"class_list":["post-196659","post","type-post","status-publish","format-standard","has-post-thumbnail","hentry","category-espectaculos"],"featured_image_urls":{"full":["https:\/\/radiofenix.com.ar\/2023\/wp-content\/uploads\/wp-header-logo.png",0,0,false],"thumbnail":["https:\/\/radiofenix.com.ar\/2023\/wp-content\/uploads\/wp-header-logo.png",1,1,false],"medium":["https:\/\/radiofenix.com.ar\/2023\/wp-content\/uploads\/wp-header-logo.png",1,1,false],"medium_large":["https:\/\/radiofenix.com.ar\/2023\/wp-content\/uploads\/wp-header-logo.png",1,1,false],"large":["https:\/\/radiofenix.com.ar\/2023\/wp-content\/uploads\/wp-header-logo.png",1,1,false],"1536x1536":["https:\/\/radiofenix.com.ar\/2023\/wp-content\/uploads\/wp-header-logo.png",1,1,false],"2048x2048":["https:\/\/radiofenix.com.ar\/2023\/wp-content\/uploads\/wp-header-logo.png",1,1,false],"newsium-slider-full":["https:\/\/radiofenix.com.ar\/2023\/wp-content\/uploads\/wp-header-logo.png",1,1,false],"newsium-featured":["https:\/\/radiofenix.com.ar\/2023\/wp-content\/uploads\/wp-header-logo.png",1,1,false],"newsium-medium":["https:\/\/radiofenix.com.ar\/2023\/wp-content\/uploads\/wp-header-logo.png",1,1,false]},"author_info":{"info":[""]},"category_info":"<a href=\"https:\/\/radiofenix.com.ar\/2023\/category\/espectaculos\/\" rel=\"category tag\">Espectaculos<\/a>","tag_info":"Espectaculos","comment_count":"0","_links":{"self":[{"href":"https:\/\/radiofenix.com.ar\/2023\/wp-json\/wp\/v2\/posts\/196659","targetHints":{"allow":["GET"]}}],"collection":[{"href":"https:\/\/radiofenix.com.ar\/2023\/wp-json\/wp\/v2\/posts"}],"about":[{"href":"https:\/\/radiofenix.com.ar\/2023\/wp-json\/wp\/v2\/types\/post"}],"replies":[{"embeddable":true,"href":"https:\/\/radiofenix.com.ar\/2023\/wp-json\/wp\/v2\/comments?post=196659"}],"version-history":[{"count":0,"href":"https:\/\/radiofenix.com.ar\/2023\/wp-json\/wp\/v2\/posts\/196659\/revisions"}],"wp:featuredmedia":[{"embeddable":true,"href":"https:\/\/radiofenix.com.ar\/2023\/wp-json\/wp\/v2\/media\/196660"}],"wp:attachment":[{"href":"https:\/\/radiofenix.com.ar\/2023\/wp-json\/wp\/v2\/media?parent=196659"}],"wp:term":[{"taxonomy":"category","embeddable":true,"href":"https:\/\/radiofenix.com.ar\/2023\/wp-json\/wp\/v2\/categories?post=196659"},{"taxonomy":"post_tag","embeddable":true,"href":"https:\/\/radiofenix.com.ar\/2023\/wp-json\/wp\/v2\/tags?post=196659"}],"curies":[{"name":"wp","href":"https:\/\/api.w.org\/{rel}","templated":true}]}}