{"id":196661,"date":"2024-12-18T08:57:40","date_gmt":"2024-12-18T08:57:40","guid":{"rendered":"https:\/\/radiofenix.com.ar\/2023\/dolar-blue-dolar-hoy-a-cuanto-cotizan-el-martes-17-de-diciembre\/"},"modified":"2024-12-18T08:57:40","modified_gmt":"2024-12-18T08:57:40","slug":"dolar-blue-dolar-hoy-a-cuanto-cotizan-el-martes-17-de-diciembre","status":"publish","type":"post","link":"https:\/\/radiofenix.com.ar\/2023\/dolar-blue-dolar-hoy-a-cuanto-cotizan-el-martes-17-de-diciembre\/","title":{"rendered":"D\u00f3lar blue, d\u00f3lar hoy: a cu\u00e1nto cotizan el martes 17 de diciembre"},"content":{"rendered":"<div id=\"post-1500\">\n<div class=\"col 2-col\">\n<h2>La recesi\u00f3n en la actividad productiva no termin\u00f3\u00a0<\/h2>\n<p>El sector metal\u00fargico registr\u00f3, durante noviembre, una ca\u00edda en su producci\u00f3n de 7,1 por ciento interanual y con respecto a octubre del 2024, 0,9 por ciento sin estacionalidad. De esta manera, <b>acumula una contracci\u00f3n de 12,9 por ciento en relaci\u00f3n con los mismos meses del a\u00f1o anterior<\/b>.<\/p>\n<h3><b><a href=\"https:\/\/www.pagina12.com.ar\/790835-la-recesion-en-la-actividad-productiva-no-termino\">Le\u00e9 la nota completa<\/a><\/b><\/h3>\n<\/div>\n<\/div>\n<div id=\"post-1420\">\n<div class=\"col 2-col\">\n<h2>Acindar suspendi\u00f3 a 700 trabajadores y 400 contratistas\u00a0<\/h2>\n<p>Por Bernarda Tinetti<\/p>\n<p>En la planta de Acindar, ubicada en Villa Constituci\u00f3n, Santa Fe, propiedad del grupo indio ArcelorMittal, adelantaron una de las paradas t\u00e9cnicas previstas para fin de a\u00f1o y <b>suspendieron a 700 trabajadores con anticipo de licencias por vacaciones y francos compensatorios.<\/b><\/p>\n<h3><b><a href=\"https:\/\/www.pagina12.com.ar\/790874-acindar-suspendio-a-700-trabajadores-y-400-contratistas\">Le\u00e9 la nota completa<\/a><\/b><\/h3>\n<p><b>\u00a0<\/b><\/p>\n<\/div>\n<\/div>\n<div id=\"post-1340\">\n<div class=\"col 2-col\">\n<h2>Mercado Libre habilit\u00f3 las compras al exterior\u00a0\u00a0<\/h2>\n<p>Luego de la desregulaci\u00f3n de las compras \u00abpuerta a puerta\u00bb en el exterior llevada adelante por el Gobierno de Javier Milei &#8211; celebrada como un \u00abhito\u00bb por los libertarios, pero una medida perjudicial para la industria nacional -, <b><a href=\"https:\/\/www.pagina12.com.ar\/781140-caida-de-las-acciones-de-mercado-libre\">Mercado Libre<\/a> <\/b>no quiso quedarse afuera e introdujo una nueva funcionalidad que permitir\u00e1 <b>adquirir productos en el extranjero directamente desde su plataforma.<\/b><\/p>\n<h3><b><a href=\"https:\/\/www.pagina12.com.ar\/790868-mercado-libre-habilito-las-compras-al-exterior\">Le\u00e9 la nota completa<\/a><\/b><\/h3>\n<\/div>\n<\/div>\n<div id=\"post-1300\">\n<div class=\"col 2-col\">\n<h2>La econom\u00eda sigue abajo de 2023 pero subi\u00f3 respecto del trimestre anterior\u00a0<\/h2>\n<p>La <b>actividad econ\u00f3mica registr\u00f3 una ca\u00edda del 2,1 por ciento interanual <\/b>en el tercer trimestre respecto de igual per\u00edodo del a\u00f1o pasado. Es reflejo del impacto de las pol\u00edticas de ajuste que se acumulan a lo largo del a\u00f1o. Los datos fueron publicados por el Indec. El centro de estad\u00edsticas oficial registr\u00f3 una <b>fuerte contracci\u00f3n interanual en el sector de la construcci\u00f3n<\/b>, uno de los bloques con m\u00e1s efecto multiplicador para la econom\u00eda, lo cual tiene efecto sobre el aumento del desempleo.<\/p>\n<h3><b><a href=\"https:\/\/www.pagina12.com.ar\/790848-la-economia-sigue-abajo-de-2023-pero-subio-respecto-del-trim\">Le\u00e9 la nota completa<\/a><\/b><\/h3>\n<\/div>\n<\/div>\n<div id=\"post-1220\">\n<div class=\"col 2-col\">\n<h2>La cotizaci\u00f3n del real<\/h2>\n<p>El real cotiza este lunes a $171 para la compra y $181 para la venta.\u00a0<\/p>\n<\/div>\n<\/div>\n<div id=\"post-1140\">\n<div class=\"col 2-col\">\n<h2>Qu\u00e9 ven los que \u00abno la ven\u00bb en el Conurbano\u00a0<\/h2>\n<p>Por Leandro Renou<\/p>\n<p>El coraz\u00f3n de la disputa electoral del 2025 es la provincia de Buenos Aires. El distrito, el m\u00e1s poblado y donde anidan 4 de 10 votos a nivel nacional, es a la vez el polo donde el gobierno de Javier Milei se presenta con mayores debilidades, que son preexistentes al ajuste de su primer a\u00f1o de gesti\u00f3n. En este escenario, <b>un estudio de opini\u00f3n rompi\u00f3 el molde con un enfoque interesante: hicieron 5 focus group entre votantes opositores a Milei -de diferentes edades y clases sociales- para saber qu\u00e9 ven, qu\u00e9 anhelan, qu\u00e9 padecen y qu\u00e9 tipo de respuestas ven de la pol\u00edtica opositora<\/b>. Las primeras ideas muestran un rechazo fuerte al ajuste, la frase de que el d\u00eda 7 ya es fin de mes, que los tarifazos y la baja de los salarios est\u00e1n pegando duro y, lo m\u00e1s interesante, que la mayor\u00eda se muestran \u00abm\u00e1s agobiados o descre\u00eddos que enojados\u00bb. Esto refleja que, a\u00fan en los que no quieren a Milei, \u00abuna porci\u00f3n importante considera que hoy \u00b4nadie\u00b4o \u00b4el pueblo\u00b4 pueden ponerle freno a las pol\u00edticas del Gobierno.<\/p>\n<h3><b><a href=\"https:\/\/www.pagina12.com.ar\/790824-que-ven-los-que-no-la-ven-en-el-conurbano\">Le\u00e9 la nota completa<\/a><\/b><\/h3>\n<p>\u00a0<\/p>\n<\/div>\n<\/div>\n<div id=\"post-1100\">\n<div class=\"col 2-col\">\n<h2>Trump impulsa la fiebre cripto\u00a0<\/h2>\n<p>El Bitcoin, la criptomoneda m\u00e1s conocida del mundo, alcanz\u00f3 un nuevo m\u00e1ximo hist\u00f3rico al superar los 106.000 d\u00f3lares. El fuerte avance estuvo impulsado por la expectativa de que el presidente electo, Donald Trump, implemente una reserva estrat\u00e9gica de activos digitales en Estados Unidos, similar a la que se utiliza con el petr\u00f3leo. Este anuncio, combinado con la inclusi\u00f3n de la empresa MicroStrategy en el \u00edndice Nasdaq 100, gener\u00f3 entusiasmo entre los inversores. El avance tambi\u00e9n impuls\u00f3 a otras criptomonedas, como Ethereum. El anuncio de Donald Trump reforz\u00f3 la confianza sobre un contexto regulatorio m\u00e1s amigable para las criptomonedas. Durante una entrevista con CNBC, el presidente electo afirm\u00f3 que Estados Unidos debe liderar el mercado de los activos digitales y no dejar esta oportunidad a China ni a otras naciones. Adem\u00e1s, expres\u00f3 su intenci\u00f3n de crear una reserva nacional de criptomonedas, asegurando: \u201cQueremos ser la cabeza\u201d. Estas declaraciones fueron fundamentales para que Bitcoin consolidara su desempe\u00f1o alcista en 2024.<\/p>\n<h3><b><a href=\"https:\/\/www.pagina12.com.ar\/790881-trump-impulsa-la-fiebre-cripto\">Le\u00e9 la nota completa<\/a><\/b><\/h3>\n<\/div>\n<\/div>\n<div id=\"post-1020\">\n<div class=\"col 2-col\">\n<h2>A cu\u00e1nto abri\u00f3 el d\u00f3lar<\/h2>\n<p>El d\u00f3lar abri\u00f3\u00a0a $1002 para la compra y $1042 para la venta.<\/p>\n<\/div>\n<\/div>\n<div id=\"post-0940\">\n<div class=\"col 2-col\">\n<h2>El d\u00eda de fiesta en la city estuvo en la Bolsa de Comercio\u00a0<\/h2>\n<p>El d\u00f3lar blue volvi\u00f3 a subir este lunes y registr\u00f3 su mayor incremento diario en dos meses, tras alcanzar los 1125 pesos. Se trata de un aumento de 20 pesos en la jornada (1,8  por ciento). Este movimiento marc\u00f3 el sexto avance consecutivo, situando a la brecha cambiaria por encima del 10 por ciento, un nivel que no se ve\u00eda desde finales de noviembre. El aumento del d\u00f3lar ilegal se aceler\u00f3 luego que el Banco Central decidi\u00f3 redudir al 32 por ciento la tasa de inter\u00e9s. A pesar de la suba del blue, los activos burs\u00e1tiles volvieron a cerrar con euforia. Se anotaron saltos exponenciales en el precio de los bancos, y un riesgo pa\u00eds que cay\u00f3 debajo de los 700 puntos b\u00e1sicos.<\/p>\n<h3><b><a href=\"https:\/\/www.pagina12.com.ar\/790877-el-dia-de-fiesta-en-la-city-estuvo-en-la-bolsa-de-comercio\">Le\u00e9 la nota completa<\/a><\/b><\/h3>\n<\/div>\n<\/div>\n<div id=\"post-0900\">\n<div class=\"col 2-col\">\n<h2>A cu\u00e1nto cotiza el d\u00f3lar hoy\u00a0\u00a0<\/h2>\n<p>El d\u00f3lar oficial cotiza a $1002 para la compra y $1042 para la venta.<\/p>\n<p>El d\u00f3lar blue est\u00e1 a $1105 para la compra y a $1125 para la venta.<\/p>\n<\/div>\n<\/div>\n<p><a href=\"https:\/\/www.pagina12.com.ar\/790968-dolar-blue-dolar-hoy-a-cuanto-cotizan-el-martes-17-de-diciem\">source<\/a><\/p>\n","protected":false},"excerpt":{"rendered":"<p>La recesi\u00f3n en la actividad productiva no termin\u00f3\u00a0 El sector metal\u00fargico registr\u00f3, durante noviembre, una&#8230;<\/p>\n","protected":false},"author":0,"featured_media":196662,"comment_status":"open","ping_status":"open","sticky":false,"template":"","format":"standard","meta":{"footnotes":""},"categories":[5],"tags":[],"class_list":["post-196661","post","type-post","status-publish","format-standard","has-post-thumbnail","hentry","category-economia"],"featured_image_urls":{"full":["https:\/\/radiofenix.com.ar\/2023\/wp-content\/uploads\/wp-header-logo.png",0,0,false],"thumbnail":["https:\/\/radiofenix.com.ar\/2023\/wp-content\/uploads\/wp-header-logo.png",1,1,false],"medium":["https:\/\/radiofenix.com.ar\/2023\/wp-content\/uploads\/wp-header-logo.png",1,1,false],"medium_large":["https:\/\/radiofenix.com.ar\/2023\/wp-content\/uploads\/wp-header-logo.png",1,1,false],"large":["https:\/\/radiofenix.com.ar\/2023\/wp-content\/uploads\/wp-header-logo.png",1,1,false],"1536x1536":["https:\/\/radiofenix.com.ar\/2023\/wp-content\/uploads\/wp-header-logo.png",1,1,false],"2048x2048":["https:\/\/radiofenix.com.ar\/2023\/wp-content\/uploads\/wp-header-logo.png",1,1,false],"newsium-slider-full":["https:\/\/radiofenix.com.ar\/2023\/wp-content\/uploads\/wp-header-logo.png",1,1,false],"newsium-featured":["https:\/\/radiofenix.com.ar\/2023\/wp-content\/uploads\/wp-header-logo.png",1,1,false],"newsium-medium":["https:\/\/radiofenix.com.ar\/2023\/wp-content\/uploads\/wp-header-logo.png",1,1,false]},"author_info":{"info":[""]},"category_info":"<a href=\"https:\/\/radiofenix.com.ar\/2023\/category\/economia\/\" rel=\"category tag\">Economia<\/a>","tag_info":"Economia","comment_count":"0","_links":{"self":[{"href":"https:\/\/radiofenix.com.ar\/2023\/wp-json\/wp\/v2\/posts\/196661","targetHints":{"allow":["GET"]}}],"collection":[{"href":"https:\/\/radiofenix.com.ar\/2023\/wp-json\/wp\/v2\/posts"}],"about":[{"href":"https:\/\/radiofenix.com.ar\/2023\/wp-json\/wp\/v2\/types\/post"}],"replies":[{"embeddable":true,"href":"https:\/\/radiofenix.com.ar\/2023\/wp-json\/wp\/v2\/comments?post=196661"}],"version-history":[{"count":0,"href":"https:\/\/radiofenix.com.ar\/2023\/wp-json\/wp\/v2\/posts\/196661\/revisions"}],"wp:featuredmedia":[{"embeddable":true,"href":"https:\/\/radiofenix.com.ar\/2023\/wp-json\/wp\/v2\/media\/196662"}],"wp:attachment":[{"href":"https:\/\/radiofenix.com.ar\/2023\/wp-json\/wp\/v2\/media?parent=196661"}],"wp:term":[{"taxonomy":"category","embeddable":true,"href":"https:\/\/radiofenix.com.ar\/2023\/wp-json\/wp\/v2\/categories?post=196661"},{"taxonomy":"post_tag","embeddable":true,"href":"https:\/\/radiofenix.com.ar\/2023\/wp-json\/wp\/v2\/tags?post=196661"}],"curies":[{"name":"wp","href":"https:\/\/api.w.org\/{rel}","templated":true}]}}