{"id":196663,"date":"2024-12-18T08:57:42","date_gmt":"2024-12-18T08:57:42","guid":{"rendered":"https:\/\/radiofenix.com.ar\/2023\/efemerides-de-hoy-que-paso-un-18-de-diciembre\/"},"modified":"2024-12-18T08:57:42","modified_gmt":"2024-12-18T08:57:42","slug":"efemerides-de-hoy-que-paso-un-18-de-diciembre","status":"publish","type":"post","link":"https:\/\/radiofenix.com.ar\/2023\/efemerides-de-hoy-que-paso-un-18-de-diciembre\/","title":{"rendered":"Efem\u00e9rides de hoy: qu\u00e9 pas\u00f3 un 18 de diciembre\u00a0"},"content":{"rendered":"<div><!-- Body --><\/p>\n<p>En las <b>efem\u00e9rides del 18 de diciembre <\/b>sobresalen estos hechos que ocurrieron un d\u00eda como hoy en la Argentina y el mundo:<\/p>\n<h2>1892.<br \/>\nSe estrena <i>El Cascanueces<\/i><\/h2>\n<p>En San Petersburgo, <b>Piotr Ilich Tchaikovsky estrena <\/b>una de las obras m\u00e1s c\u00e9lebres de la historia de la m\u00fasica, vinculada a la Navidad: <b>el ballet <\/b><a href=\"https:\/\/www.pagina12.com.ar\/163542-una-obra-que-se-convirtio-en-un-ritual\"><i>El Cascanueces<\/i><\/a>.<\/p>\n<p><iframe style=\"border: 0px; position: absolute; top: 0px; left: 0px; height: 100%;\" allowfullscreen=\"\" frameborder=\"0\" src=\"https:\/\/www.youtube.com\/embed\/zV1qLYukTH8\"><\/iframe><\/p>\n<h2>1943.<br \/>\nNace Keith Richards<\/h2>\n<p><a href=\"https:\/\/www.pagina12.com.ar\/179567-un-inedito-de-keith-richards\">Keith Richards<\/a><b> nace en Dartford, Reino Unido<\/b>. El guitarrista es miembro de<a href=\"https:\/\/www.pagina12.com.ar\/374594-los-rolling-stones-no-tocaran-mas-brown-sugar-por-sus-alusio\"> los Rolling Stones<\/a> desde su fundaci\u00f3n, en 1962. Toda su discograf\u00eda ha sido con la m\u00edtica banda brit\u00e1nica, si bien ha grabado tres discos solistas. <b>Fue el primer Stone en tocar en la Argentina<\/b>, tres a\u00f1os antes de la primera visita del grupo. Fue <b>en 1992 en el estadio de V\u00e9lez<\/b>.<\/p>\n<p><iframe style=\"border: 0px; position: absolute; top: 0px; left: 0px; height: 100%;\" allowfullscreen=\"\" frameborder=\"0\" src=\"https:\/\/www.youtube.com\/embed\/5NcJvi5TYEk\"><\/iframe><\/p>\n<h2>1946.<br \/>\nEl nacimiento de Steven Spielberg<\/h2>\n<p><b>Nace en Cincinnati uno de los cineastas m\u00e1s famosos de la historia: Steven Spielberg<\/b>. Inici\u00f3 la era de los grandes \u00e9xitos de taquilla en 1975 con <i>Tibur\u00f3n<\/i>, a la que sigui\u00f3 <a href=\"https:\/\/www.pagina12.com.ar\/256487-encuentros-cercanos-del-tercer-tipo-de-steven-spielberg\"><i>Encuentros cercanos del tercer tipo<\/i><\/a>. Cre\u00f3 la saga de Indiana Jones y dirigi\u00f3 <i>E. T.<\/i> y <i>Jurassic Park<\/i>, entre otros tanques. Gan\u00f3 el Oscar por<i> La lista de Schindler <\/i>y <i>Rescatando al soldado Ryan<\/i>.<\/p>\n<p><iframe style=\"border: 0px; position: absolute; top: 0px; left: 0px; height: 100%;\" allowfullscreen=\"\" frameborder=\"0\" src=\"https:\/\/www.youtube.com\/embed\/Ct6O2nSOMlI\"><\/iframe><\/p>\n<h2>1975.<br \/>\nLa fundaci\u00f3n de la APDH<\/h2>\n<p><b>Se funda la Asamblea Permanente por los Derechos Humanos<\/b>. Uno de los organismos se\u00f1eros en el pa\u00eds, la APDH es creada tres meses antes del golpe militar. Entre sus fundadores figuran <b>Ra\u00fal Alfons\u00edn, Alfredo Bravo, Alicia Moreau de Justo, Jaime de Nevares, Ra\u00fal Arag\u00f3n y Carlos Gattinoni<\/b>.<\/p>\n<p><iframe style=\"border: 0px; position: absolute; top: 0px; left: 0px; height: 100%;\" allowfullscreen=\"\" frameborder=\"0\" src=\"https:\/\/www.youtube.com\/embed\/025Y6W3RAto\"><\/iframe><\/p>\n<h2>1975.<br \/>\nAlzamiento en la Fuerza A\u00e9rea<\/h2>\n<p><b>Estalla una sublevaci\u00f3n en la Fuerza A\u00e9rea<\/b>. El brigadier Jes\u00fas Cappellini desconoce la autoridad del jefe del arma, H\u00e9ctor Fautario. El objetivo del alzamiento es descabezar a la c\u00fapula aeron\u00e1utica y lograr una conducci\u00f3n que se pliegue a la conspiraci\u00f3n golpista del Ej\u00e9rcito y la Marina. <b>La sublevaci\u00f3n incluye aviones militares que sobrevuelan Plaza de Mayo <\/b>y un enfrentamiento en la Base A\u00e9rea de Mor\u00f3n, epicentro de la sublevaci\u00f3n.<b> La crisis se resuelve sin muertos <\/b>y con la salida del brigadier Fautario, el 22 de diciembre. <b>Orlando Ram\u00f3n Agosti se convierte en nuevo jefe de los aviadores y con \u00e9l quedan definidos los nombres de la Junta Militar de marzo de 1976<\/b>.<\/p>\n<p><iframe style=\"border: 0px; position: absolute; top: 0px; left: 0px; height: 100%;\" allowfullscreen=\"\" frameborder=\"0\" src=\"https:\/\/www.youtube.com\/embed\/IQ7x0vumh9M\"><\/iframe><\/p>\n<h2>1983.<br \/>\nEl descenso de Racing<\/h2>\n<p><b>Desciende Racing<\/b>. Es el segundo grande en perder la categor\u00eda, despu\u00e9s de lo ocurrido con San Lorenzo en 1981. El cuadro de Avellaneda es derrotado en su cancha 4 a 3 por Racing de C\u00f3rdoba y se consuma el descenso. <b>Cuatro d\u00edas m\u00e1s tarde perder\u00e1 con su cl\u00e1sico rival, Independiente, que se consagra campe\u00f3n del Metropolitano<\/b>.<\/p>\n<p><iframe style=\"border: 0px; position: absolute; top: 0px; left: 0px; height: 100%;\" allowfullscreen=\"\" frameborder=\"0\" src=\"https:\/\/www.youtube.com\/embed\/4qexlottEto\"><\/iframe><\/p>\n<h2>2011.<br \/>\nMuere V\u00e1clav Havel<\/h2>\n<p><b>A los 75 a\u00f1os <\/b><a href=\"https:\/\/www.pagina12.com.ar\/diario\/elmundo\/4-183712-2011-12-19.html\">fallece el dramaturgo y pol\u00edtico checo V\u00e1clav Havel<\/a>. Fue parte de la Primavera de Praga, la apertura aplastada por los tanques sovi\u00e9ticos en 1968. Lleg\u00f3 al poder en Checoslovaquia con la ca\u00edda del comunismo y <b>fue el primer presidente de la Rep\u00fablica Checa, tras la divisi\u00f3n que vio nacer a ese pa\u00eds y Eslovaquia, en 1993<\/b>. Se mantuvo como jefe de Estado hasta 2003.<\/p>\n<p><iframe style=\"border: 0px; position: absolute; top: 0px; left: 0px; height: 100%;\" allowfullscreen=\"\" frameborder=\"0\" src=\"https:\/\/www.youtube.com\/embed\/7N7TR6rLSVs\"><\/iframe><\/p>\n<h2>2017.<br \/>\nRepresi\u00f3n por la reforma previsional<\/h2>\n<p><a href=\"https:\/\/www.pagina12.com.ar\/83682-entre-gases-balas-de-goma-y-piedras\">Violencia en la Plaza del Congreso<\/a> durante el tratamiento de la reforma previsional que impulsa el gobierno de Mauricio Macri. <b>Hubo m\u00e1s de 60 detenidos y por la noche se realizaron cacerolazos de protesta<\/b>. <a href=\"https:\/\/www.pagina12.com.ar\/83673-cambiemos-no-atendio-reclamos\">El Gobierno logr\u00f3 aprobar<\/a> el cambio en la f\u00f3rmula para el c\u00e1lculo de las jubilaciones.<\/p>\n<p><iframe style=\"border: 0px; position: absolute; top: 0px; left: 0px; height: 100%;\" allowfullscreen=\"\" frameborder=\"0\" src=\"https:\/\/www.youtube.com\/embed\/soLQmslV6RM\"><\/iframe><\/p>\n<h2>2022.<br \/>\nTricampeones del mundo<\/h2>\n<p>Final de Qatar 2022. <a href=\"https:\/\/www.pagina12.com.ar\/509097-argentina-campeon-del-mundo-el-uno-por-uno-de-la-seleccion\">La Selecci\u00f3n se impone a Francia por penales <\/a>en la, acaso, m\u00e1s vibrante final en la historia de los mundiales y<a href=\"https:\/\/www.pagina12.com.ar\/509240-que-si-que-no-pero-el-corazon-resistio\"> alza la Copa del Mundo por tercera vez<\/a><b>, despu\u00e9s de las consagraciones de 1978 y 1986<\/b>. <a href=\"https:\/\/www.pagina12.com.ar\/509137-messi-el-heroe-de-los-mil-records\">Lionel Messi<\/a>, de penal, y \u00c1ngel Di Mar\u00eda, despu\u00e9s de una gran jugada colectiva, ponen el partido 2 a 0 en el primer tiempo.<b> Durante 70 minutos, <\/b><a href=\"https:\/\/www.pagina12.com.ar\/509159-la-escuela-de-la-scaloneta\">el conjunto de Lionel Scaloni <\/a><b>supera al vigente campe\u00f3n del mundo<\/b>. Pero los galos responden con dos goles de Kylian Mbapp\u00e9, el primero de penal. Van al alargue. Messi vuelve a desnivelar en el primer tiempo suplementario. Cuando faltan dos minutos para el final Mbapp\u00e9 pone el 3 a 3. <b>Sobre la hora, el arquero argentino,<\/b><a href=\"https:\/\/www.pagina12.com.ar\/506808-dibu-martinez-el-arquero-que-se-adueno-del-arco-de-la-selecc\"> Emiliano Mart\u00ednez<\/a><b>, tapa un mano a mano a Kolo Muani<\/b>. En los penales, Mbapp\u00e9 vuelve a marcar, Mart\u00ednez detiene el remate de Conan y Tchouam\u00e9ni falla su disparo. Del lado argentino anotan Messi, Dybala y Paredes. Con la definici\u00f3n 3 a 2 para los albicelestes, <b>Montiel patea el cuarto penal de la serie. Convierte y<\/b><a href=\"https:\/\/www.pagina12.com.ar\/509262-cronica-de-un-festejo-que-se-aguanto-36-anos\"> se desata la locura en todo el pa\u00eds<\/a>. <a href=\"https:\/\/www.pagina12.com.ar\/509184-la-seleccion-argentina-y-el-heroe-colectivo\">Messi se consagra definitivamente como uno de los m\u00e1s grandes jugadores de la historia y es elegido el mejor del torneo<\/a>. Mart\u00ednez es reconocido como el mejor arquero, mientras que <a href=\"https:\/\/www.pagina12.com.ar\/510740-la-sonrisa-de-gardel-y-un-juego-que-no-se-queda-atras\">Enzo Fern\u00e1ndez<\/a> se lleva el premio al mejor jugador joven. <a href=\"https:\/\/www.pagina12.com.ar\/509828-la-scaloneta-un-amor-que-hizo-historia\">Cinco millones de personas salen a la calle para el recibimiento de la Selecci\u00f3n<\/a>, en <a href=\"https:\/\/www.pagina12.com.ar\/509786-la-caravana-de-la-seleccion-es-la-movilizacion-mas-grande-de\">una movilizaci\u00f3n nunca antes vista en el pa\u00eds<\/a>.<\/p>\n<p><iframe style=\"border: 0px; position: absolute; top: 0px; left: 0px; height: 100%;\" allowfullscreen=\"\" frameborder=\"0\" src=\"https:\/\/www.youtube.com\/embed\/FA1sR2SZAlY\"><\/iframe><\/p>\n<p>Adem\u00e1s, es el <b>D\u00eda Internacional del Migrante<\/b> y el<b> D\u00eda Internacional de la Lengua \u00c1rabe<\/b>.<\/p>\n<p><!-- Live Blog Post --><\/div>\n<p><a href=\"https:\/\/www.pagina12.com.ar\/791189-efemerides-de-hoy-que-paso-un-18-de-diciembre\">source<\/a><\/p>\n","protected":false},"excerpt":{"rendered":"<p>En las efem\u00e9rides del 18 de diciembre sobresalen estos hechos que ocurrieron un d\u00eda como&#8230;<\/p>\n","protected":false},"author":0,"featured_media":196664,"comment_status":"open","ping_status":"open","sticky":false,"template":"","format":"standard","meta":{"footnotes":""},"categories":[7],"tags":[],"class_list":["post-196663","post","type-post","status-publish","format-standard","has-post-thumbnail","hentry","category-sociedad"],"featured_image_urls":{"full":["https:\/\/radiofenix.com.ar\/2023\/wp-content\/uploads\/wp-header-logo.png",0,0,false],"thumbnail":["https:\/\/radiofenix.com.ar\/2023\/wp-content\/uploads\/wp-header-logo.png",1,1,false],"medium":["https:\/\/radiofenix.com.ar\/2023\/wp-content\/uploads\/wp-header-logo.png",1,1,false],"medium_large":["https:\/\/radiofenix.com.ar\/2023\/wp-content\/uploads\/wp-header-logo.png",1,1,false],"large":["https:\/\/radiofenix.com.ar\/2023\/wp-content\/uploads\/wp-header-logo.png",1,1,false],"1536x1536":["https:\/\/radiofenix.com.ar\/2023\/wp-content\/uploads\/wp-header-logo.png",1,1,false],"2048x2048":["https:\/\/radiofenix.com.ar\/2023\/wp-content\/uploads\/wp-header-logo.png",1,1,false],"newsium-slider-full":["https:\/\/radiofenix.com.ar\/2023\/wp-content\/uploads\/wp-header-logo.png",1,1,false],"newsium-featured":["https:\/\/radiofenix.com.ar\/2023\/wp-content\/uploads\/wp-header-logo.png",1,1,false],"newsium-medium":["https:\/\/radiofenix.com.ar\/2023\/wp-content\/uploads\/wp-header-logo.png",1,1,false]},"author_info":{"info":[""]},"category_info":"<a href=\"https:\/\/radiofenix.com.ar\/2023\/category\/sociedad\/\" rel=\"category tag\">Sociedad<\/a>","tag_info":"Sociedad","comment_count":"0","_links":{"self":[{"href":"https:\/\/radiofenix.com.ar\/2023\/wp-json\/wp\/v2\/posts\/196663","targetHints":{"allow":["GET"]}}],"collection":[{"href":"https:\/\/radiofenix.com.ar\/2023\/wp-json\/wp\/v2\/posts"}],"about":[{"href":"https:\/\/radiofenix.com.ar\/2023\/wp-json\/wp\/v2\/types\/post"}],"replies":[{"embeddable":true,"href":"https:\/\/radiofenix.com.ar\/2023\/wp-json\/wp\/v2\/comments?post=196663"}],"version-history":[{"count":0,"href":"https:\/\/radiofenix.com.ar\/2023\/wp-json\/wp\/v2\/posts\/196663\/revisions"}],"wp:featuredmedia":[{"embeddable":true,"href":"https:\/\/radiofenix.com.ar\/2023\/wp-json\/wp\/v2\/media\/196664"}],"wp:attachment":[{"href":"https:\/\/radiofenix.com.ar\/2023\/wp-json\/wp\/v2\/media?parent=196663"}],"wp:term":[{"taxonomy":"category","embeddable":true,"href":"https:\/\/radiofenix.com.ar\/2023\/wp-json\/wp\/v2\/categories?post=196663"},{"taxonomy":"post_tag","embeddable":true,"href":"https:\/\/radiofenix.com.ar\/2023\/wp-json\/wp\/v2\/tags?post=196663"}],"curies":[{"name":"wp","href":"https:\/\/api.w.org\/{rel}","templated":true}]}}