{"id":196669,"date":"2024-12-18T08:57:48","date_gmt":"2024-12-18T08:57:48","guid":{"rendered":"https:\/\/radiofenix.com.ar\/2023\/la-orquesta-tipica-fernandez-fierro-presenta-basta-en-el-caff\/"},"modified":"2024-12-18T08:57:48","modified_gmt":"2024-12-18T08:57:48","slug":"la-orquesta-tipica-fernandez-fierro-presenta-basta-en-el-caff","status":"publish","type":"post","link":"https:\/\/radiofenix.com.ar\/2023\/la-orquesta-tipica-fernandez-fierro-presenta-basta-en-el-caff\/","title":{"rendered":"La Orquesta T\u00edpica Fern\u00e1ndez Fierro presenta &quot;Basta&quot; en el CAFF\u00a0"},"content":{"rendered":"<div><!-- Body --><\/p>\n<p><i>Basta, <\/i>como aquel \u00faltimo disco de Las Pelotas con Alejandro Sokol. O el de Atahualpa Yupanqui, pero sin el \u201cya\u201d final. As\u00ed se llama el reciente trabajo de la<b> Orquesta T\u00edpica Fern\u00e1ndez Fierro<\/b>. Incluye ocho piezas de extremas potencia e intensidad tanguera, todas grabadas por Walter Chac\u00f3n en los Estudios Ion. Todas producidas por <b>Yuri Ventur\u00edn, capit\u00e1n y cerebro del hoy septeto<\/b>. Y todas dispuestas a ser revisitadas en vivo <b>el mi\u00e9rcoles 18 y el jueves 19 a las 19<\/b>, en el<b> Club Atl\u00e9tico Fern\u00e1ndez Fierro (S\u00e1nchez de Bustamante 772)<\/b>. \u201cLas fechas son porque largamos oficialmente la versi\u00f3n del disco en vinilo. Estamos muy felices con el audio, sobre todo porque es industria argentina. Se fabric\u00f3 en la Rep\u00fablica de Mataderos\u201d, es el marco que le da Ventur\u00edn a un convide que incluir\u00e1 dos muestras fotogr\u00e1ficas a cargo de <b>B\u00e1rbara Raiker y Fabio Saltarelli<\/b>, y la intervenci\u00f3n de <b>B\u00e1rbara Aguirre<\/b>\u00a0en su faceta de DJ de vinilos. <\/p>\n<p> Al nombre del disco, en tanto, el m\u00fasico lo enmarca mediante las dos formas de decir basta: su forma intransitiva (\u201cCon la Fierro basta para demostrar que se puede hacer un mont\u00f3n de cosas en el tango, hoy\u201d), y en su forma m\u00e1s corriente, la de poner fin a algo. En este caso, a las injusticias \u201cy a todo este sistema perverso en la Argentina y en el mundo tambi\u00e9n\u201d.  Palabras estas que resuenan traspasadas a m\u00fasica en ocho temas contundentes. <\/p>\n<p> En ocho piezas que por supuesto \u201cbastan\u201d para dar con un trabajo que tira toda la carne al asador de entrada. Empieza por un tema cuyo nombre trae resonancias de hast\u00edo social en la Argentina (<b>\u201cDiciembre\u201d<\/b>) y se le pega <b>\u201cEsquina\u201d<\/b>, conformando un binomio que habla y suena al pa\u00eds devastado por buitres y cipayos regenerados. \u201cLamentablemente, estamos viviendo una especie de revival de los &#8217;90, con mucho fastidio y mucha tristeza en la sociedad, y tambi\u00e9n mucha bronca, porque sabemos que estos gobiernos siempre terminaron mal. Tenemos memoria y cierta capacidad de analizar para darnos cuenta de que estas cosas terminan mal. Son como los &#8217;90 reforzados estos, porque hay m\u00e1s elementos que ligan a este gobierno con la dictadura. Horrible\u201d, se explaya Yuri, ensanchando el marco de observaci\u00f3n en un disco. El octavo en el trayecto de la Orquesta T\u00edpica Fern\u00e1ndez Fierro, que conlleva adem\u00e1s una gran novedad: el debut del propio Ventur\u00edn como cantante, tras la partida de Natalia Lagos.<\/p>\n<p> \u201cCantar es algo muy hermoso\u201d, asegura en otro lapso de la charla con <b>P\u00e1gina\/12<\/b>. \u201cEs una parte en la que uno queda muy expuesto y un lugar desde el que se puede transmitir mucho. En los ensayos siempre he cantado y ya hace tres a\u00f1os que me puse a estudiar seriamente.\u201d<\/p>\n<p> Lo rodean esta vez <b>Mat\u00edas Wilson<\/b> en piano, <b>Manuel Barrios<\/b> solitario en bandone\u00f3n (intr\u00e9pida jugada \u00e9sta), <b>Andr\u00e9s Hojman<\/b> en viola, y <b>Julia Testa, Mart\u00edn Elter y Juan Villegas Restrepo<\/b> en violines. Una formaci\u00f3n que no registra ninguna presencia fundadora. Las m\u00e1s antiguas \u2013las de Barrios y Restrepo- se plegaron reci\u00e9n en 2016, y el \u00faltimo pionero en irse fue el bandoneonista Flavio Reggiani, el \u201cMinistro\u201d, en 2023. Las idas hablan pues de varios cambios de piel que la Fierro registra desde poco despu\u00e9s de su origen, en los albores del milenio. <\/p>\n<div class=\"iframely-embed medium-embedded-content\" data-html=\"Jmx0O2RpdiZndDsmbHQ7ZGl2IHN0eWxlPSJsZWZ0OiAwOyB3aWR0aDogMTAwJTsgaGVpZ2h0OiAwOyBwb3NpdGlvbjogcmVsYXRpdmU7IHBhZGRpbmctYm90dG9tOiA1Ni4wNDE3JTsiJmd0OyZsdDtpZnJhbWUgc3JjPSJodHRwczovL2lmcmFtZWx5LnBhZ2luYTEyLmNvbS5hci9hcGkvaWZyYW1lP2NsaWNrX3RvX3BsYXk9MSZhbXA7dXJsPWh0dHBzJTNBJTJGJTJGZ2VvLmRhaWx5bW90aW9uLmNvbSUyRnBsYXllciUyRnh0NWVlLmh0bWwlM0Z2aWRlbyUzRHg5YXluZjYmYW1wO2tleT00Njc2YjVmZGMwODMyNTdlYTg3ZjcxNjA4Yzc0ZTlmZSIgc3R5bGU9InRvcDogMDsgbGVmdDogMDsgd2lkdGg6IDEwMCU7IGhlaWdodDogMTAwJTsgcG9zaXRpb246IGFic29sdXRlOyBib3JkZXI6IDA7IiBhbGxvd2Z1bGxzY3JlZW4gc2Nyb2xsaW5nPSJubyIgYWxsb3c9ImVuY3J5cHRlZC1tZWRpYSAqOyImZ3Q7Jmx0Oy9pZnJhbWUmZ3Q7Jmx0Oy9kaXYmZ3Q7Jmx0Oy9kaXYmZ3Q7Jmx0O2RpdiBjbGFzcz0ibWVkaXVtLWluc2VydC1lbWJlZHMtbWV0YSImZ3Q7Jmx0O3NjcmlwdCB0eXBlPSJ0ZXh0L2pzb24iJmd0O3sidXJsIjoiaHR0cHM6Ly9nZW8uZGFpbHltb3Rpb24uY29tL3BsYXllci94dDVlZS5odG1sP3ZpZGVvPXg5YXluZjYiLCJ0eXBlIjoidmlkZW8iLCJ2ZXJzaW9uIjoiMS4wIiwidGl0bGUiOiJGRVJOQU5ERVogRklFUlJPIC0gTW9zcXVpdG9zIC0gVmlkZW8gb2ZpY2lhbCIsImF1dGhvciI6IlDDoWdpbmExMiIsImF1dGhvcl91cmwiOiJodHRwczovL3d3dy5kYWlseW1vdGlvbi5jb20vUGFnaW5hMTIiLCJwcm92aWRlcl9uYW1lIjoiRGFpbHltb3Rpb24iLCJkZXNjcmlwdGlvbiI6IlZlciBGRVJOQU5ERVogRklFUlJPIC0gTW9zcXVpdG9zIC0gVmlkZW8gb2ZpY2lhbCAtIFDDoWdpbmExMiBlbiBEYWlseW1vdGlvbiIsInRodW1ibmFpbF91cmwiOiJodHRwczovL3MyLmRtY2RuLm5ldC92L1hZQmFJMWRPVXdzM3ZZMXdHL3g3MjAiLCJ0aHVtYm5haWxfd2lkdGgiOjEyODAsInRodW1ibmFpbF9oZWlnaHQiOjcyMCwiY2FjaGVfYWdlIjo4NjQwMH0mbHQ7L3NjcmlwdCZndDsmbHQ7L2RpdiZndDs=\">\n                <a data-iframely-url=\"\" href=\"https:\/\/geo.dailymotion.com\/player\/xt5ee.html?video=x9aynf6\">https:\/\/geo.dailymotion.com\/player\/xt5ee.html?video=x9aynf6<\/a>\n              <\/div>\n<p> Ventur\u00edn, empero, prefiere no hablar de rupturas y continuidades entre pasado y presente. Utiliza la palabra <b>desarrollo<\/b>. \u201cCreo que el paso del tiempo marca un desarrollo en el que con un trabajo de muchos a\u00f1os fuimos puliendo una idea. Y lo bueno de esto es que nunca se trata de una tarea concluida, al menos hasta que el grupo deje de funcionar. Por ahora, es un desarrollo que contin\u00faa con muchos elementos musicales que han quedado en el camino y otros que se han ido incorporando\u201d, se explaya el contrabajista. \u201cLo mismo a nivel del audio que estamos trabajando, la idea de trabajar con efectos, distorsiones y amplificadores que fueron primero inquietudes y luego hemos ido llevando a la pr\u00e1ctica. Esta es una cosa de nunca terminar, porque siempre se puede encontrar un sonido no que sea ni mejor ni peor, sino que se acerque m\u00e1s a lo que uno pretende. Creo que es un largo desarrollo que sigue en movimiento. Y, bueno, despu\u00e9s est\u00e1 el cambio humano, \u00bfno?\u201d. <\/p>\n<p> Un cambio de dos d\u00e9cadas y media que se nota en varios aspectos imposibles de soslayar, claro. Ventur\u00edn nota el paso de los 25 a los 50 a\u00f1os en la energ\u00eda, las obligaciones y la duraci\u00f3n del tiempo. Pero no ve cambio en la est\u00e9tica sonora y musical de la Fern\u00e1ndez Fierro entre el tango a lo Pugliese y una idea de rock amiga del Pappo ap\u00f3logo de AC\/DC. Los casos puntuales que mejor exteriorizan la recurrente alquimia en el reciente disco pasan por <b>\u201cViejo rocker\u201d<\/b>, una paradojal y extempor\u00e1nea vuelta sobre Tanguito, y la rabiosa <b>\u201cMis infiernos\u201d<\/b>. \u201cSiempre hemos indagado en elementos musicales que son, en muchos casos, comunes a cierto tango y a cierto rock. Siempre hablamos de lo que fue la Orquesta de Osvaldo Pugliese en el tango y AC\/DC seg\u00fan Pappo en el rock. Entonces, desarrollando esos elementos y utiliz\u00e1ndolos a conciencia, hemos logrado un lenguaje que es tan tanguero como rockero\u201d, sostiene.<\/p>\n<p>A Ventur\u00edn le gusta poco que se subraye la esencia tanguera m\u00e1s que rockera de la Fern\u00e1ndez Fierro. \u201cCreo que el rock en la Fierro pasa por cosas sustanciales, en ning\u00fan caso superficiales\u201d. Ni siquiera un tremendo y visceral tango como <b>\u201c40 grados\u201d<\/b> alcanza para desequilibrar la balanza. Tango al que el ahora cantante define \u00abagobiante como el calor de la ciudad\u00bb. \u201cSuena con mucha intensidad y a veces puede ser que haya m\u00e1s intensidad en nuestro tango que en alg\u00fan rock, pero la Fierro est\u00e1 constituida de ambos g\u00e9neros\u201d, insiste.<\/p>\n<p> Otra gran pegada de <i>Basta<\/i> fue incorporar la versi\u00f3n de <b>\u201cCabeza de platino\u201d<\/b>, tema de Palo Pandolfo que la agrupaci\u00f3n comparti\u00f3 con \u00e9l, durante la ceremonia de entrega de los Mart\u00edn Fierro 2021. \u201cComo todas las participaciones se hac\u00edan en colaboraci\u00f3n con otro artista, nosotros propusimos hacerlo con Palo. Hice el arreglo y grabamos esa versi\u00f3n con \u00e9l, y un video que sali\u00f3 en la ceremonia que era virtual, porque a\u00fan est\u00e1bamos en pandemia. Y bueno, a pocos d\u00edas de la trasmisi\u00f3n de la ceremonia fue que Palo falleci\u00f3\u201d, recuerda. \u201cAdem\u00e1s, influye el hecho que, a la hora de elegir una obra para versionar, uno piensa en muchas cosas a tener en cuenta como para que esa obra pueda ser maleable a la est\u00e9tica buscado. Y con este tema, sucede que se dio\u201d. <\/p>\n<p><!-- Live Blog Post --><\/div>\n<p><a href=\"https:\/\/www.pagina12.com.ar\/791059-la-orquesta-tipica-fernandez-fierro-presenta-basta-en-el-caf\">source<\/a><\/p>\n","protected":false},"excerpt":{"rendered":"<p>Basta, como aquel \u00faltimo disco de Las Pelotas con Alejandro Sokol. O el de Atahualpa&#8230;<\/p>\n","protected":false},"author":0,"featured_media":196670,"comment_status":"open","ping_status":"open","sticky":false,"template":"","format":"standard","meta":{"footnotes":""},"categories":[4],"tags":[],"class_list":["post-196669","post","type-post","status-publish","format-standard","has-post-thumbnail","hentry","category-espectaculos"],"featured_image_urls":{"full":["https:\/\/radiofenix.com.ar\/2023\/wp-content\/uploads\/wp-header-logo.png",0,0,false],"thumbnail":["https:\/\/radiofenix.com.ar\/2023\/wp-content\/uploads\/wp-header-logo.png",1,1,false],"medium":["https:\/\/radiofenix.com.ar\/2023\/wp-content\/uploads\/wp-header-logo.png",1,1,false],"medium_large":["https:\/\/radiofenix.com.ar\/2023\/wp-content\/uploads\/wp-header-logo.png",1,1,false],"large":["https:\/\/radiofenix.com.ar\/2023\/wp-content\/uploads\/wp-header-logo.png",1,1,false],"1536x1536":["https:\/\/radiofenix.com.ar\/2023\/wp-content\/uploads\/wp-header-logo.png",1,1,false],"2048x2048":["https:\/\/radiofenix.com.ar\/2023\/wp-content\/uploads\/wp-header-logo.png",1,1,false],"newsium-slider-full":["https:\/\/radiofenix.com.ar\/2023\/wp-content\/uploads\/wp-header-logo.png",1,1,false],"newsium-featured":["https:\/\/radiofenix.com.ar\/2023\/wp-content\/uploads\/wp-header-logo.png",1,1,false],"newsium-medium":["https:\/\/radiofenix.com.ar\/2023\/wp-content\/uploads\/wp-header-logo.png",1,1,false]},"author_info":{"info":[""]},"category_info":"<a href=\"https:\/\/radiofenix.com.ar\/2023\/category\/espectaculos\/\" rel=\"category tag\">Espectaculos<\/a>","tag_info":"Espectaculos","comment_count":"0","_links":{"self":[{"href":"https:\/\/radiofenix.com.ar\/2023\/wp-json\/wp\/v2\/posts\/196669","targetHints":{"allow":["GET"]}}],"collection":[{"href":"https:\/\/radiofenix.com.ar\/2023\/wp-json\/wp\/v2\/posts"}],"about":[{"href":"https:\/\/radiofenix.com.ar\/2023\/wp-json\/wp\/v2\/types\/post"}],"replies":[{"embeddable":true,"href":"https:\/\/radiofenix.com.ar\/2023\/wp-json\/wp\/v2\/comments?post=196669"}],"version-history":[{"count":0,"href":"https:\/\/radiofenix.com.ar\/2023\/wp-json\/wp\/v2\/posts\/196669\/revisions"}],"wp:featuredmedia":[{"embeddable":true,"href":"https:\/\/radiofenix.com.ar\/2023\/wp-json\/wp\/v2\/media\/196670"}],"wp:attachment":[{"href":"https:\/\/radiofenix.com.ar\/2023\/wp-json\/wp\/v2\/media?parent=196669"}],"wp:term":[{"taxonomy":"category","embeddable":true,"href":"https:\/\/radiofenix.com.ar\/2023\/wp-json\/wp\/v2\/categories?post=196669"},{"taxonomy":"post_tag","embeddable":true,"href":"https:\/\/radiofenix.com.ar\/2023\/wp-json\/wp\/v2\/tags?post=196669"}],"curies":[{"name":"wp","href":"https:\/\/api.w.org\/{rel}","templated":true}]}}