{"id":196685,"date":"2024-12-19T10:43:13","date_gmt":"2024-12-19T10:43:13","guid":{"rendered":"https:\/\/radiofenix.com.ar\/2023\/nueva-tragedia-aerea-en-pleno-san-fernando\/"},"modified":"2024-12-19T10:43:13","modified_gmt":"2024-12-19T10:43:13","slug":"nueva-tragedia-aerea-en-pleno-san-fernando","status":"publish","type":"post","link":"https:\/\/radiofenix.com.ar\/2023\/nueva-tragedia-aerea-en-pleno-san-fernando\/","title":{"rendered":"Nueva tragedia a\u00e9rea en pleno San Fernando"},"content":{"rendered":"<div><!-- Body --><\/p>\n<p>Un avi\u00f3n privado de la familia Brito &#8211;due\u00f1a de Banco Macro&#8211; choc\u00f3 contra una casa luego de un fallido aterrizaje en el Aeropuerto Internacional de San Fernando ayer al mediod\u00eda<b>: hab\u00eda entrado a la pista con normalidad seg\u00fan testigos y por alguna raz\u00f3n, no pudo frenar ni tampoco remontar vuelo en una \u201cmaniobra de escape\u201d, muriendo los \u00fanicos que iban a bordo &#8211;piloto y copiloto-<\/b>&#8211; tanto por el impacto como por el fuego. No hubo m\u00e1s v\u00edctimas de milagro entre los habitantes de barrio: una familia lo vio venir y corri\u00f3. Y por suerte, justo no hab\u00eda ni\u00f1os jugando en esa tranquila calle.<\/p>\n<p>En el municipio de San Fernando est\u00e1n trabajando personal del SAME y la Polic\u00eda Bonaerense. Por el momento, se desconocen las causas del incidente. <b>Una vecina de la zona dijo a los periodistas que escuch\u00f3 la explosi\u00f3n y debi\u00f3 abandonar apresuradamente su casa, tras lo cual arribaron ambulancias, la polic\u00eda y los bomberos<\/b>.<\/p>\n<h2>\u00bfUna maniobra de escape?<\/h2>\n<p>No est\u00e1 claro si los pilotos llegaron a intentar una maniobra de escape, acaso originada por haber tocado la pista demasiado tarde o porque les fallaron los frenos, que ser\u00edan las principales hip\u00f3tesis. El llamado \u201cescape\u201d es una aceleraci\u00f3n al final de la pista \u2013en tierra o en el aire&#8211; para remontar vuelo otra vez al no tener espacio para frenar. <\/p>\n<p><b>Lo que es evidente es que los pilotos apuntaron \u2013ante lo inevitable e irreversible de la situaci\u00f3n\u2014 a salir del aeropuerto rodando sobre el pasto para luego atravesar la cerca<\/b>, tumbar un \u00e1rbol e ir &#8211;seguramente a prop\u00f3sito&#8211; hacia una calle del barrio que era muy angosta, aun para este avi\u00f3n que ven\u00eda de llevar pasajeros a Punta del Este (los videos confirman esto).<\/p>\n<p>La nave sali\u00f3 a trav\u00e9s de la intersecci\u00f3n de las calles Jos\u00e9 Terry y Charl\u00edn linderas al aeropuerto, el mismo lugar donde ocurri\u00f3 el accidente de 2009. Y golpe\u00f3 varias casas hasta chocar contra una que se prendi\u00f3 fuego igual que el avi\u00f3n: <b>los pilotos acaso hayan sobrevivido al impacto pero no pudieron escapar. Esa casa qued\u00f3 destruida y otra est\u00e1 con peligro de derrumbe.<\/b><\/p>\n<p>En declaraciones a la prensa, Tom\u00e1s, un comerciante y testigo de la tragedia, dijo: <b>\u201cEl avi\u00f3n sigue derecho, choca y explota. Justo en la parte de la grabaci\u00f3n, la c\u00e1mara enfoca donde termina la pista. Despu\u00e9s hay 300 metros de parque, el avi\u00f3n sigue derecho y se estrella. Es justo una zona precaria, pasillos, calles. Entiendo que golpe\u00f3 las casas pero no se incrust\u00f3.<\/b> Tal vez el piloto de buena fe apunt\u00f3 a la calle. Es el segundo accidente en 5 a\u00f1os; un avi\u00f3n sali\u00f3 sin combustible y cay\u00f3 cerca de una casa. Estamos cerca, corremos riesgo, como les pas\u00f3 a los vecinos. Son los riesgos de estar cerca de un aeropuerto\u201d.<\/p>\n<h2>El nombre de los pilotos<\/h2>\n<p>Las v\u00edctimas fatales fueron Mart\u00edn Fern\u00e1ndez Loza, el piloto de 44 a\u00f1os, y Agust\u00edn Oforte, el copiloto de 35, seg\u00fan confirm\u00f3 la Administraci\u00f3n Nacional de Aviaci\u00f3n Civil (ANAC). Ambos ten\u00edan mucha experiencia en vuelos privados. La ANAC inform\u00f3 en sus redes sociales que la aeronave accidentada ten\u00eda matr\u00edcula LV-GOK de la operadora New Lines S.A.<\/p>\n<p>Tambi\u00e9n habl\u00f3 con la prensa una mujer que vive en la casa que result\u00f3 m\u00e1s afectada, por el derrumbe de su parte delantera: <b>\u201cYo sent\u00ed todo. Escuch\u00e9 a la vecina que dijo \u2018el avi\u00f3n se cay\u00f3\u2019 y lo primero que atin\u00e9 a hacer fue sacar a mi beb\u00e9 que estaba durmiendo en la pieza\u201d<\/b>. Ella se estaba ba\u00f1ando y debi\u00f3 vestirse con lo que encontr\u00f3 m\u00e1s a mano. Agrego que \u201cestamos todos los vecinos descalzos y nadie nos acerca ni agua. Nos preguntaron si tenemos d\u00f3nde reubicarnos, que ellos nos pueden dar colchones y camas pero yo no tengo a d\u00f3nde ir. Ac\u00e1 no conozco a nadie\u201d.<\/p>\n<p>En el municipio de San Fernando operaron todo el d\u00eda personal del SAME y la Polic\u00eda Bonaerense. Y los bomberos trabajaron en la cabina para lograr retirar el cuerpo de los pilotos<\/p>\n<p>Una vecina de la zona dijo a periodistas que escuch\u00f3 la explosi\u00f3n y debi\u00f3 abandonar apresuradamente su casa, tras lo cual arribaron ambulancias, la polic\u00eda y los bomberos. Los bomberos de San Fernando desplegaron un importante operativo para contener el incendio y evacuar a los vecinos de la zona.<\/p>\n<h2>Los vecinos acechados por aviones<\/h2>\n<p><b>Gerardo estaba en la casa que fue impactada por el avi\u00f3n. Asombrosamente, lo vio venir y logr\u00f3 dar aviso a su familia para que saliera.<\/b> La Polic\u00eda Bonaerense tuvo que evacuar la zona y personal del SAME revis\u00f3 que ning\u00fan vecino o transe\u00fante hubiese sido herido.<\/p>\n<p>Si bien se sospecha que fue producto de un desperfecto t\u00e9cnico, todav\u00eda no est\u00e1n confirmadas las causas del incidente. El avi\u00f3n hac\u00eda su ruta m\u00e1s frecuente a Punta del Este y los pilotos nunca hab\u00edan tenido complicaciones.<\/p>\n<p>El aeropuerto de San Fernando no operar\u00e1 hasta la medianoche, mientras que los vuelos privados son desviados a Aeroparque.<\/p>\n<p>La investigaci\u00f3n del siniestro qued\u00f3 en manos de la Junta de Investigaci\u00f3n de Accidentes de Aviaci\u00f3n Civil y la Justicia Federal. Por eso, la jueza federal de San Isidro, Sandra Arroyo Salgado, y una fiscal se acercaron a supervisar los peritajes de Polic\u00eda Cient\u00edfica durante horas. Las autoridades iniciaron una investigaci\u00f3n para determinar los factores que llevaron a la aeronave a no alcanzar su destino y los posibles problemas t\u00e9cnicos que pudieron haber influido en esta tragedia.<\/p>\n<h2>Un avi\u00f3n muy moderno<\/h2>\n<p><b>El avi\u00f3n accidentado pertenec\u00eda a la familia de Jorge Brito, due\u00f1o del Banco Macro quien falleci\u00f3 el 20 de noviembre de 2020 en un accidente de helic\u00f3ptero<\/b> en la provincia de Salta. Y hab\u00eda sido alquilado como vuelo ch\u00e1rter a un tercero.<\/p>\n<p>La aeronave involucrada es un Bombardier Challenger 300, uno de los jets privados m\u00e1s confiables del mercado. Es de tama\u00f1o mediano fabricado por Bombardier Aerospace. Su autonom\u00eda alcanza hasta 5.700 kil\u00f3metros, permitiendo vuelos intercontinentales sin escalas. Est\u00e1 equipado con motores gemelos Honeywell Engines HTF 7000 que le otorgan una velocidad de crucero de 870 kil\u00f3metros por hora y capacidad para realizar trayectos de largo alcance. <\/p>\n<p>El avi\u00f3n tiene una cabina amplia y c\u00f3moda con dimensiones de 1,85 metros de alto por 2,18 metros de ancho. Su capacidad m\u00e1xima es de nueve pasajeros y tiene asientos con mesas plegables y compartimientos para equipaje, con espacio para ocho valijas. Externamente, el avi\u00f3n es de color blanco con l\u00edneas decorativas y un dise\u00f1o reconocido por premios aeron\u00e1uticos internacionales.<\/p>\n<p><!-- Live Blog Post --><\/div>\n<p><a href=\"https:\/\/www.pagina12.com.ar\/791474-nueva-tragedia-aerea-en-pleno-san-fernando\">source<\/a><\/p>\n","protected":false},"excerpt":{"rendered":"<p>Un avi\u00f3n privado de la familia Brito &#8211;due\u00f1a de Banco Macro&#8211; choc\u00f3 contra una casa&#8230;<\/p>\n","protected":false},"author":0,"featured_media":196686,"comment_status":"open","ping_status":"open","sticky":false,"template":"","format":"standard","meta":{"footnotes":""},"categories":[7],"tags":[],"class_list":["post-196685","post","type-post","status-publish","format-standard","has-post-thumbnail","hentry","category-sociedad"],"featured_image_urls":{"full":["https:\/\/radiofenix.com.ar\/2023\/wp-content\/uploads\/wp-header-logo.png",0,0,false],"thumbnail":["https:\/\/radiofenix.com.ar\/2023\/wp-content\/uploads\/wp-header-logo.png",1,1,false],"medium":["https:\/\/radiofenix.com.ar\/2023\/wp-content\/uploads\/wp-header-logo.png",1,1,false],"medium_large":["https:\/\/radiofenix.com.ar\/2023\/wp-content\/uploads\/wp-header-logo.png",1,1,false],"large":["https:\/\/radiofenix.com.ar\/2023\/wp-content\/uploads\/wp-header-logo.png",1,1,false],"1536x1536":["https:\/\/radiofenix.com.ar\/2023\/wp-content\/uploads\/wp-header-logo.png",1,1,false],"2048x2048":["https:\/\/radiofenix.com.ar\/2023\/wp-content\/uploads\/wp-header-logo.png",1,1,false],"newsium-slider-full":["https:\/\/radiofenix.com.ar\/2023\/wp-content\/uploads\/wp-header-logo.png",1,1,false],"newsium-featured":["https:\/\/radiofenix.com.ar\/2023\/wp-content\/uploads\/wp-header-logo.png",1,1,false],"newsium-medium":["https:\/\/radiofenix.com.ar\/2023\/wp-content\/uploads\/wp-header-logo.png",1,1,false]},"author_info":{"info":[""]},"category_info":"<a href=\"https:\/\/radiofenix.com.ar\/2023\/category\/sociedad\/\" rel=\"category tag\">Sociedad<\/a>","tag_info":"Sociedad","comment_count":"0","_links":{"self":[{"href":"https:\/\/radiofenix.com.ar\/2023\/wp-json\/wp\/v2\/posts\/196685","targetHints":{"allow":["GET"]}}],"collection":[{"href":"https:\/\/radiofenix.com.ar\/2023\/wp-json\/wp\/v2\/posts"}],"about":[{"href":"https:\/\/radiofenix.com.ar\/2023\/wp-json\/wp\/v2\/types\/post"}],"replies":[{"embeddable":true,"href":"https:\/\/radiofenix.com.ar\/2023\/wp-json\/wp\/v2\/comments?post=196685"}],"version-history":[{"count":0,"href":"https:\/\/radiofenix.com.ar\/2023\/wp-json\/wp\/v2\/posts\/196685\/revisions"}],"wp:featuredmedia":[{"embeddable":true,"href":"https:\/\/radiofenix.com.ar\/2023\/wp-json\/wp\/v2\/media\/196686"}],"wp:attachment":[{"href":"https:\/\/radiofenix.com.ar\/2023\/wp-json\/wp\/v2\/media?parent=196685"}],"wp:term":[{"taxonomy":"category","embeddable":true,"href":"https:\/\/radiofenix.com.ar\/2023\/wp-json\/wp\/v2\/categories?post=196685"},{"taxonomy":"post_tag","embeddable":true,"href":"https:\/\/radiofenix.com.ar\/2023\/wp-json\/wp\/v2\/tags?post=196685"}],"curies":[{"name":"wp","href":"https:\/\/api.w.org\/{rel}","templated":true}]}}