{"id":196687,"date":"2024-12-19T10:43:15","date_gmt":"2024-12-19T10:43:15","guid":{"rendered":"https:\/\/radiofenix.com.ar\/2023\/el-divertido-recuerdo-de-los-campeones-de-la-atajada-del-dibu-a-kolo-muani\/"},"modified":"2024-12-19T10:43:15","modified_gmt":"2024-12-19T10:43:15","slug":"el-divertido-recuerdo-de-los-campeones-de-la-atajada-del-dibu-a-kolo-muani","status":"publish","type":"post","link":"https:\/\/radiofenix.com.ar\/2023\/el-divertido-recuerdo-de-los-campeones-de-la-atajada-del-dibu-a-kolo-muani\/","title":{"rendered":"El divertido recuerdo de los campeones de la atajada del Dibu a Kolo Muani"},"content":{"rendered":"<div><!-- Body --><\/p>\n<p>En un video compartido a trav\u00e9s del canal de Youtube de la AFA<strong>, los jugadores de la Selecci\u00f3n Argentina campeona del mundo hace dos a\u00f1os en Qatar recordaron la hist\u00f3rica atajada de Emiliano \u201cDibu\u201d Mart\u00ednez a Randal Kolo Muani<\/strong> en el \u00faltimo minuto del tiempo suplementario de la final del Mundial ante Francia.<\/p>\n<p>En la grabaci\u00f3n, que dura algo as\u00ed como 30 minutos, se ve c\u00f3mo el mediocampista <strong>Enzo Fern\u00e1ndez<\/strong> y el delantero <strong>Lautaro Mart\u00ednez<\/strong> se le burlan al arquero por la cantidad de veces que record\u00f3 aquella jugada. \u00ab<strong>Est\u00e1s robando como loco, qu\u00e9 vas a inventar\u201d, le dicen entre risas.<\/strong><\/p>\n<p>Luego el mediocampista <strong>Alexis Mac Allister<\/strong> recuerda c\u00f3mo vivi\u00f3 esa situaci\u00f3n:<strong> <\/strong>\u201cTe juro que en el banco no reaccion\u00f3 nadie. <strong>Era como que estaban todos en shock\u2026 No hay una atajada que valga m\u00e1s que esta\u201d.<\/strong><\/p>\n<div class=\"iframely-embed medium-embedded-content\" data-html=\"Jmx0O2RpdiZndDsmbHQ7ZGl2IHN0eWxlPSJsZWZ0OiAwOyB3aWR0aDogMTAwJTsgaGVpZ2h0OiAwOyBwb3NpdGlvbjogcmVsYXRpdmU7IHBhZGRpbmctYm90dG9tOiA1Ni4wNDE3JTsiJmd0OyZsdDtpZnJhbWUgc3JjPSJodHRwczovL2lmcmFtZWx5LnBhZ2luYTEyLmNvbS5hci9hcGkvaWZyYW1lP2NsaWNrX3RvX3BsYXk9MSZhbXA7dXJsPWh0dHBzJTNBJTJGJTJGZ2VvLmRhaWx5bW90aW9uLmNvbSUyRnBsYXllciUyRnh0NWVlLmh0bWwlM0Z2aWRlbyUzRHg5YjB0NG8mYW1wO2tleT00Njc2YjVmZGMwODMyNTdlYTg3ZjcxNjA4Yzc0ZTlmZSIgc3R5bGU9InRvcDogMDsgbGVmdDogMDsgd2lkdGg6IDEwMCU7IGhlaWdodDogMTAwJTsgcG9zaXRpb246IGFic29sdXRlOyBib3JkZXI6IDA7IiBhbGxvd2Z1bGxzY3JlZW4gc2Nyb2xsaW5nPSJubyIgYWxsb3c9ImVuY3J5cHRlZC1tZWRpYSAqOyImZ3Q7Jmx0Oy9pZnJhbWUmZ3Q7Jmx0Oy9kaXYmZ3Q7Jmx0Oy9kaXYmZ3Q7Jmx0O2RpdiBjbGFzcz0ibWVkaXVtLWluc2VydC1lbWJlZHMtbWV0YSImZ3Q7Jmx0O3NjcmlwdCB0eXBlPSJ0ZXh0L2pzb24iJmd0O3sidXJsIjoiaHR0cHM6Ly9nZW8uZGFpbHltb3Rpb24uY29tL3BsYXllci94dDVlZS5odG1sP3ZpZGVvPXg5YjB0NG8iLCJ0eXBlIjoidmlkZW8iLCJ2ZXJzaW9uIjoiMS4wIiwidGl0bGUiOiJVTiBJTlNUQU5URSBQQVJBIFNJRU1QUkUgLSBBbml2ZXJzYXJpbyBBUkdFTlRJTkEgQ0FNUEXDk04gREVMIE1VTkRPIGVuIFFBVEFSIDIwMjIiLCJhdXRob3IiOiJQw6FnaW5hMTIiLCJhdXRob3JfdXJsIjoiaHR0cHM6Ly93d3cuZGFpbHltb3Rpb24uY29tL1BhZ2luYTEyIiwicHJvdmlkZXJfbmFtZSI6IkRhaWx5bW90aW9uIiwiZGVzY3JpcHRpb24iOiJWZXIgVU4gSU5TVEFOVEUgUEFSQSBTSUVNUFJFIC0gQW5pdmVyc2FyaW8gQVJHRU5USU5BIENBTVBFw5NOIERFTCBNVU5ETyBlbiBRQVRBUiAyMDIyIC0gUMOhZ2luYTEyIGVuIERhaWx5bW90aW9uIiwidGh1bWJuYWlsX3VybCI6Imh0dHBzOi8vczIuZG1jZG4ubmV0L3YvWFlhOXUxZE9xV2FfZTQ5MkQveDcyMCIsInRodW1ibmFpbF93aWR0aCI6MTI4MCwidGh1bWJuYWlsX2hlaWdodCI6NzIwLCJjYWNoZV9hZ2UiOjg2NDAwfSZsdDsvc2NyaXB0Jmd0OyZsdDsvZGl2Jmd0Ow==\">\n                <a data-iframely-url=\"\" href=\"https:\/\/geo.dailymotion.com\/player\/xt5ee.html?video=x9b0t4o\">https:\/\/geo.dailymotion.com\/player\/xt5ee.html?video=x9b0t4o<\/a>\n              <\/div>\n<p>El <strong>\u201cDibu\u201d Mart\u00ednez<\/strong><b>, por su parte, reconoci\u00f3 que ataj\u00f3 \u201cmuchas mejores pelotas que esa\u201d\u00a0y a\u00f1adi\u00f3: <\/b><strong>\u201cYo en esta dije &#8216;por favor, reventame la cara&#8217;\u201d.<\/strong> Adem\u00e1s, explic\u00f3: \u00abSi yo salgo corriendo, me hace por arriba como la de Angelito (Di Mar\u00eda) a Ederson. Cuando la pelota va bajando, te das cuenta que va a cargar la pierna. <b>Me puse en diagonal a \u00e9l y me abr\u00ed\u201d,<\/b> dijo el arquero quien asegur\u00f3 que dejar\u00e1 de jugar\u00a0en caso de ganar el Mundial de 2026. <b>\u201cMe retiro, te lo prometo\u201d,<\/b> le dijo a sus compa\u00f1eros.<\/p>\n<p><!-- Live Blog Post --><\/div>\n<p><a href=\"https:\/\/www.pagina12.com.ar\/791388-el-divertido-recuerdo-de-los-campeones-de-la-atajada-del-dib\">source<\/a><\/p>\n","protected":false},"excerpt":{"rendered":"<p>En un video compartido a trav\u00e9s del canal de Youtube de la AFA, los jugadores&#8230;<\/p>\n","protected":false},"author":0,"featured_media":196688,"comment_status":"open","ping_status":"open","sticky":false,"template":"","format":"standard","meta":{"footnotes":""},"categories":[3],"tags":[],"class_list":["post-196687","post","type-post","status-publish","format-standard","has-post-thumbnail","hentry","category-deportes"],"featured_image_urls":{"full":["https:\/\/radiofenix.com.ar\/2023\/wp-content\/uploads\/wp-header-logo.png",0,0,false],"thumbnail":["https:\/\/radiofenix.com.ar\/2023\/wp-content\/uploads\/wp-header-logo.png",1,1,false],"medium":["https:\/\/radiofenix.com.ar\/2023\/wp-content\/uploads\/wp-header-logo.png",1,1,false],"medium_large":["https:\/\/radiofenix.com.ar\/2023\/wp-content\/uploads\/wp-header-logo.png",1,1,false],"large":["https:\/\/radiofenix.com.ar\/2023\/wp-content\/uploads\/wp-header-logo.png",1,1,false],"1536x1536":["https:\/\/radiofenix.com.ar\/2023\/wp-content\/uploads\/wp-header-logo.png",1,1,false],"2048x2048":["https:\/\/radiofenix.com.ar\/2023\/wp-content\/uploads\/wp-header-logo.png",1,1,false],"newsium-slider-full":["https:\/\/radiofenix.com.ar\/2023\/wp-content\/uploads\/wp-header-logo.png",1,1,false],"newsium-featured":["https:\/\/radiofenix.com.ar\/2023\/wp-content\/uploads\/wp-header-logo.png",1,1,false],"newsium-medium":["https:\/\/radiofenix.com.ar\/2023\/wp-content\/uploads\/wp-header-logo.png",1,1,false]},"author_info":{"info":[""]},"category_info":"<a href=\"https:\/\/radiofenix.com.ar\/2023\/category\/deportes\/\" rel=\"category tag\">Deportes<\/a>","tag_info":"Deportes","comment_count":"0","_links":{"self":[{"href":"https:\/\/radiofenix.com.ar\/2023\/wp-json\/wp\/v2\/posts\/196687","targetHints":{"allow":["GET"]}}],"collection":[{"href":"https:\/\/radiofenix.com.ar\/2023\/wp-json\/wp\/v2\/posts"}],"about":[{"href":"https:\/\/radiofenix.com.ar\/2023\/wp-json\/wp\/v2\/types\/post"}],"replies":[{"embeddable":true,"href":"https:\/\/radiofenix.com.ar\/2023\/wp-json\/wp\/v2\/comments?post=196687"}],"version-history":[{"count":0,"href":"https:\/\/radiofenix.com.ar\/2023\/wp-json\/wp\/v2\/posts\/196687\/revisions"}],"wp:featuredmedia":[{"embeddable":true,"href":"https:\/\/radiofenix.com.ar\/2023\/wp-json\/wp\/v2\/media\/196688"}],"wp:attachment":[{"href":"https:\/\/radiofenix.com.ar\/2023\/wp-json\/wp\/v2\/media?parent=196687"}],"wp:term":[{"taxonomy":"category","embeddable":true,"href":"https:\/\/radiofenix.com.ar\/2023\/wp-json\/wp\/v2\/categories?post=196687"},{"taxonomy":"post_tag","embeddable":true,"href":"https:\/\/radiofenix.com.ar\/2023\/wp-json\/wp\/v2\/tags?post=196687"}],"curies":[{"name":"wp","href":"https:\/\/api.w.org\/{rel}","templated":true}]}}