{"id":196693,"date":"2024-12-20T01:15:06","date_gmt":"2024-12-20T01:15:06","guid":{"rendered":"https:\/\/radiofenix.com.ar\/2023\/enre-y-enargas-afuera\/"},"modified":"2024-12-20T01:15:06","modified_gmt":"2024-12-20T01:15:06","slug":"enre-y-enargas-afuera","status":"publish","type":"post","link":"https:\/\/radiofenix.com.ar\/2023\/enre-y-enargas-afuera\/","title":{"rendered":"Enre y Enargas, afuera"},"content":{"rendered":"<div><!-- Body --><\/p>\n<p>El Gobierno nacional dej\u00f3 sin efecto las convocatorias a concursos para la <b>designaci\u00f3n de los miembros de los directorios del ENRE y del ENARGAS<\/b>, tras la creaci\u00f3n del Ente Nacional Regulador del Gas y la Electricidad (ENREGE) en el marco de la desregulaci\u00f3n del Estado impulsada por la gesti\u00f3n libertaria.\u00a0<\/p>\n<p>Este nuevo organismo creado por la Ley Bases es\u00a0<b>fundamental en la\u00a0definici\u00f3n de la pol\u00edtica tarifaria que incluye la actualizaci\u00f3n de las tarifas y la eliminaci\u00f3n de subsidios. <\/b>El mismo<b>\u00a0<\/b>reemplazar\u00e1 y asumir\u00e1 las funciones del ENRE y del ENARGAS.<\/p>\n<p>La resoluci\u00f3n 567\/2024 de la Secretar\u00eda de Energ\u00eda del Ministerio de Econom\u00eda publicada este jueves en el Bolet\u00edn Oficial estableci\u00f3 que las postulaciones presentadas para los concursos del ENRE y ENARGAS deb\u00edan ser incluidas en la convocatoria para la conformaci\u00f3n del directorio del nuevo ente.<\/p>\n<p>Sin embargo, seg\u00fan lo establecido en el texto oficial,\u00a0<b>los postulantes cuentan con 30 d\u00edas para manifestar por escrito su deseo de retirar su postulaci\u00f3n.<\/b><\/p>\n<p>Entre los considerandos m\u00e1s importantes de la resoluci\u00f3n se destacan la <b>necesidad de ampliar la participaci\u00f3n <\/b>en el proceso de selecci\u00f3n para integrar el Directorio de los entes reguladores de gas y electricidad.\u00a0<\/p>\n<p>La decisi\u00f3n <b>deja sin efecto las convocatorias previas <\/b>para dar cumplimiento al Decreto N\u00b0 1.023\/2024, que hab\u00edan sido habilitadas por el ex secretario de Energ\u00eda de Milei, Eduardo Rodr\u00edguez Chirillo.<\/p>\n<p>El <b>ENRE<\/b> se encarga de regular el <b>sector de generaci\u00f3n, transporte y distribuci\u00f3n de electricidad <\/b>en el \u00c1rea Metropolitana de Buenos Aires (AMBA) mientras que el <b>ENARGAS <\/b>regula el <b>servicio p\u00fablico de transporte y distribuci\u00f3n de gas <\/b>en todo el pa\u00eds.<\/p>\n<p>En noviembre de este a\u00f1o, <b>el Gobierno hab\u00eda decidido extender por decreto la emergencia energ\u00e9tica hasta el 9 de julio de 2025 <\/b>en las \u00e1reas de generaci\u00f3n, transporte y distribuci\u00f3n de energ\u00eda el\u00e9ctrica y gas natural. La justificaci\u00f3n de la medida estaba basada en \u00abgarantizar la continuidad de los servicios\u00bb en un contexto que definen como de \u00abcrisis estructural\u00bb.\u00a0<\/p>\n<p><!-- Live Blog Post --><\/div>\n<p><a href=\"https:\/\/www.pagina12.com.ar\/791697-enre-y-enargas-afuera\">source<\/a><\/p>\n","protected":false},"excerpt":{"rendered":"<p>El Gobierno nacional dej\u00f3 sin efecto las convocatorias a concursos para la designaci\u00f3n de los&#8230;<\/p>\n","protected":false},"author":0,"featured_media":196694,"comment_status":"open","ping_status":"open","sticky":false,"template":"","format":"standard","meta":{"footnotes":""},"categories":[5],"tags":[],"class_list":["post-196693","post","type-post","status-publish","format-standard","has-post-thumbnail","hentry","category-economia"],"featured_image_urls":{"full":["https:\/\/radiofenix.com.ar\/2023\/wp-content\/uploads\/wp-header-logo.png",0,0,false],"thumbnail":["https:\/\/radiofenix.com.ar\/2023\/wp-content\/uploads\/wp-header-logo.png",1,1,false],"medium":["https:\/\/radiofenix.com.ar\/2023\/wp-content\/uploads\/wp-header-logo.png",1,1,false],"medium_large":["https:\/\/radiofenix.com.ar\/2023\/wp-content\/uploads\/wp-header-logo.png",1,1,false],"large":["https:\/\/radiofenix.com.ar\/2023\/wp-content\/uploads\/wp-header-logo.png",1,1,false],"1536x1536":["https:\/\/radiofenix.com.ar\/2023\/wp-content\/uploads\/wp-header-logo.png",1,1,false],"2048x2048":["https:\/\/radiofenix.com.ar\/2023\/wp-content\/uploads\/wp-header-logo.png",1,1,false],"newsium-slider-full":["https:\/\/radiofenix.com.ar\/2023\/wp-content\/uploads\/wp-header-logo.png",1,1,false],"newsium-featured":["https:\/\/radiofenix.com.ar\/2023\/wp-content\/uploads\/wp-header-logo.png",1,1,false],"newsium-medium":["https:\/\/radiofenix.com.ar\/2023\/wp-content\/uploads\/wp-header-logo.png",1,1,false]},"author_info":{"info":[""]},"category_info":"<a href=\"https:\/\/radiofenix.com.ar\/2023\/category\/economia\/\" rel=\"category tag\">Economia<\/a>","tag_info":"Economia","comment_count":"0","_links":{"self":[{"href":"https:\/\/radiofenix.com.ar\/2023\/wp-json\/wp\/v2\/posts\/196693","targetHints":{"allow":["GET"]}}],"collection":[{"href":"https:\/\/radiofenix.com.ar\/2023\/wp-json\/wp\/v2\/posts"}],"about":[{"href":"https:\/\/radiofenix.com.ar\/2023\/wp-json\/wp\/v2\/types\/post"}],"replies":[{"embeddable":true,"href":"https:\/\/radiofenix.com.ar\/2023\/wp-json\/wp\/v2\/comments?post=196693"}],"version-history":[{"count":0,"href":"https:\/\/radiofenix.com.ar\/2023\/wp-json\/wp\/v2\/posts\/196693\/revisions"}],"wp:featuredmedia":[{"embeddable":true,"href":"https:\/\/radiofenix.com.ar\/2023\/wp-json\/wp\/v2\/media\/196694"}],"wp:attachment":[{"href":"https:\/\/radiofenix.com.ar\/2023\/wp-json\/wp\/v2\/media?parent=196693"}],"wp:term":[{"taxonomy":"category","embeddable":true,"href":"https:\/\/radiofenix.com.ar\/2023\/wp-json\/wp\/v2\/categories?post=196693"},{"taxonomy":"post_tag","embeddable":true,"href":"https:\/\/radiofenix.com.ar\/2023\/wp-json\/wp\/v2\/tags?post=196693"}],"curies":[{"name":"wp","href":"https:\/\/api.w.org\/{rel}","templated":true}]}}