{"id":196707,"date":"2024-12-20T08:57:19","date_gmt":"2024-12-20T08:57:19","guid":{"rendered":"https:\/\/radiofenix.com.ar\/2023\/lula-vuelve-a-brasilia-tras-su-operacion\/"},"modified":"2024-12-20T08:57:19","modified_gmt":"2024-12-20T08:57:19","slug":"lula-vuelve-a-brasilia-tras-su-operacion","status":"publish","type":"post","link":"https:\/\/radiofenix.com.ar\/2023\/lula-vuelve-a-brasilia-tras-su-operacion\/","title":{"rendered":"Lula vuelve a Brasilia tras su operaci\u00f3n"},"content":{"rendered":"<div><!-- Body --><\/p>\n<p>El presidente brasile\u00f1o,<b> <a href=\"https:\/\/www.pagina12.com.ar\/tags\/4812-lula-da-silva\">Luiz In\u00e1cio Lula da Silva<\/a>\u00a0<\/b><i>(foto)<\/i>, <b>regres\u00f3 <a href=\"https:\/\/www.pagina12.com.ar\/790381-lucido-y-orientado\">sano <\/a>a Brasilia <\/b>este jueves, luego de <b>nueve d\u00edas de <\/b><a href=\"https:\/\/www.pagina12.com.ar\/790183-lula-da-silva-se-mostro-de-buen-animo-y-aparecio-en-un-video\"><b>recuperaci\u00f3n<\/b> <\/a>tras <a href=\"https:\/\/www.pagina12.com.ar\/789598-lula-sera-sometido-a-una-nueva-cirugia-en-la-cabeza\">una cirug\u00eda<\/a> por una <b>hemorragia cercana al cerebro<\/b>, causada por un <b><a href=\"https:\/\/www.pagina12.com.ar\/776479-lula-hablo-sobre-su-accidente-domestico-fue-grave\">accidente dom\u00e9stico<\/a> en la residencia oficial<\/b>\u00a0en octubre.\u00a0<\/p>\n<p>El mandatario<b> recibi\u00f3 el visto bueno<\/b> para regresar a la capital, <b>tras someterse a una tomograf\u00eda de control<\/b>\u00a0por la ma\u00f1ana. Seg\u00fan indic\u00f3 la presidencia\u00a0 brasile\u00f1a en <a href=\"https:\/\/x.com\/presidencia_BR\/status\/1869762214879522839\" target=\"_blank\" rel=\"noopener\">un mensaje<\/a> en la red social X, <b>Lula se dirigi\u00f3 de forma directa al aeropuerto paulista tras recibir la autorizaci\u00f3n<\/b>, y <b>lleg\u00f3 a su residencia oficial en Brasilia a comienzos de la tarde<\/b>. El alta lo libera para <b>retomar todas sus actividades<\/b> normalmente, aunque tiene <b>restringido el ejercicio f\u00edsico<\/b>.<\/p>\n<p>\u00abEl resultado del examen es extremadamente satisfactorio, est\u00e1 bien. El hematoma simplemente ya no existe\u00bb, resumi\u00f3 <b>Roberto Kalil<\/b>, m\u00e9dico de Lula, ante la prensa, aunque <b>a\u00f1adi\u00f3 que el mandatario tiene previsto un nuevo examen de control para dentro de diez d\u00edas<\/b>. \u00abPuede <b>ejercer sus actividades normalmente<\/b>, <b>todo est\u00e1 perfecto desde el punto de vista cognitivo<\/b>, puede trabajar\u00bb, agreg\u00f3 el doctor.<\/p>\n<p>El domingo pasado, Lula, de 79 a\u00f1os, <b>hab\u00eda sido descargado<\/b> del Hospital Sirio-Liban\u00e9s de <b>San Pablo<\/b>, donde <b>hab\u00eda estado internado<\/b> tras ser <b>operado de urgencia<\/b> en la madrugada del 10 de diciembre, debido a un <b>hematoma intracraneal<\/b>. A partir de entonces, el presidente brasile\u00f1o <b>permaneci\u00f3 en su casa privada de San Pablo<\/b>, en donde <b>mantuvo sus funciones<\/b>, incluso realizando una serie de <b>reuniones con sus ministros<\/b>.<\/p>\n<p>Tres d\u00edas despu\u00e9s,<b> Lula fue intervenido por segunda vez<\/b>, en una <b>medida de menor riesgo<\/b> que buscaba <b>evitar nuevas hemorragias<\/b>. Tras la misma, el l\u00edder brasile\u00f1o concedi\u00f3 una entrevista en la dijo estar <b>\u00abentero y volviendo a casa\u00bb<\/b>.<\/p>\n<p>El jefe de Estado <b>se someti\u00f3 a la cirug\u00eda tras la detecci\u00f3n del sangrado en una tomograf\u00eda realizada a ra\u00edz de sus quejas de fuertes dolores de cabeza<\/b>, y se determin\u00f3 que deriv\u00f3 de <b>un golpe en la cabeza que sufri\u00f3 el pasado 19 de octubre en el Palacio de la Alvorada<\/b>, su residencia oficial, por el que recibi\u00f3 <b>cinco puntos de sutura en la nuca<\/b>.\u00a0<\/p>\n<p><!-- Live Blog Post --><\/div>\n<p><a href=\"https:\/\/www.pagina12.com.ar\/791701-lula-vuelve-a-brasilia-tras-su-operacion\">source<\/a><\/p>\n","protected":false},"excerpt":{"rendered":"<p>El presidente brasile\u00f1o, Luiz In\u00e1cio Lula da Silva\u00a0(foto), regres\u00f3 sano a Brasilia este jueves, luego&#8230;<\/p>\n","protected":false},"author":0,"featured_media":196708,"comment_status":"open","ping_status":"open","sticky":false,"template":"","format":"standard","meta":{"footnotes":""},"categories":[60],"tags":[],"class_list":["post-196707","post","type-post","status-publish","format-standard","has-post-thumbnail","hentry","category-internacional"],"featured_image_urls":{"full":["https:\/\/radiofenix.com.ar\/2023\/wp-content\/uploads\/wp-header-logo.png",0,0,false],"thumbnail":["https:\/\/radiofenix.com.ar\/2023\/wp-content\/uploads\/wp-header-logo.png",1,1,false],"medium":["https:\/\/radiofenix.com.ar\/2023\/wp-content\/uploads\/wp-header-logo.png",1,1,false],"medium_large":["https:\/\/radiofenix.com.ar\/2023\/wp-content\/uploads\/wp-header-logo.png",1,1,false],"large":["https:\/\/radiofenix.com.ar\/2023\/wp-content\/uploads\/wp-header-logo.png",1,1,false],"1536x1536":["https:\/\/radiofenix.com.ar\/2023\/wp-content\/uploads\/wp-header-logo.png",1,1,false],"2048x2048":["https:\/\/radiofenix.com.ar\/2023\/wp-content\/uploads\/wp-header-logo.png",1,1,false],"newsium-slider-full":["https:\/\/radiofenix.com.ar\/2023\/wp-content\/uploads\/wp-header-logo.png",1,1,false],"newsium-featured":["https:\/\/radiofenix.com.ar\/2023\/wp-content\/uploads\/wp-header-logo.png",1,1,false],"newsium-medium":["https:\/\/radiofenix.com.ar\/2023\/wp-content\/uploads\/wp-header-logo.png",1,1,false]},"author_info":{"info":[""]},"category_info":"<a href=\"https:\/\/radiofenix.com.ar\/2023\/category\/internacional\/\" rel=\"category tag\">Internacional<\/a>","tag_info":"Internacional","comment_count":"0","_links":{"self":[{"href":"https:\/\/radiofenix.com.ar\/2023\/wp-json\/wp\/v2\/posts\/196707","targetHints":{"allow":["GET"]}}],"collection":[{"href":"https:\/\/radiofenix.com.ar\/2023\/wp-json\/wp\/v2\/posts"}],"about":[{"href":"https:\/\/radiofenix.com.ar\/2023\/wp-json\/wp\/v2\/types\/post"}],"replies":[{"embeddable":true,"href":"https:\/\/radiofenix.com.ar\/2023\/wp-json\/wp\/v2\/comments?post=196707"}],"version-history":[{"count":0,"href":"https:\/\/radiofenix.com.ar\/2023\/wp-json\/wp\/v2\/posts\/196707\/revisions"}],"wp:featuredmedia":[{"embeddable":true,"href":"https:\/\/radiofenix.com.ar\/2023\/wp-json\/wp\/v2\/media\/196708"}],"wp:attachment":[{"href":"https:\/\/radiofenix.com.ar\/2023\/wp-json\/wp\/v2\/media?parent=196707"}],"wp:term":[{"taxonomy":"category","embeddable":true,"href":"https:\/\/radiofenix.com.ar\/2023\/wp-json\/wp\/v2\/categories?post=196707"},{"taxonomy":"post_tag","embeddable":true,"href":"https:\/\/radiofenix.com.ar\/2023\/wp-json\/wp\/v2\/tags?post=196707"}],"curies":[{"name":"wp","href":"https:\/\/api.w.org\/{rel}","templated":true}]}}