{"id":196719,"date":"2024-12-21T08:57:53","date_gmt":"2024-12-21T08:57:53","guid":{"rendered":"https:\/\/radiofenix.com.ar\/2023\/el-papa-francisco-critico-el-ajuste-y-pidio-a-los-argentinos-que-luchen-por-sus-derechos\/"},"modified":"2024-12-21T08:57:53","modified_gmt":"2024-12-21T08:57:53","slug":"el-papa-francisco-critico-el-ajuste-y-pidio-a-los-argentinos-que-luchen-por-sus-derechos","status":"publish","type":"post","link":"https:\/\/radiofenix.com.ar\/2023\/el-papa-francisco-critico-el-ajuste-y-pidio-a-los-argentinos-que-luchen-por-sus-derechos\/","title":{"rendered":"El papa Francisco critic\u00f3 el ajuste y pidi\u00f3 a los argentinos que &quot;luchen por sus derechos&quot;"},"content":{"rendered":"<div id=\"\">\n<p>En la misma l\u00ednea, afirm\u00f3 el ajuste a la educaci\u00f3n es un modelo de \u201cdictadura\u201d: <strong>\u201cEn los pa\u00edses un poco dictatoriales, ya sea con dictaduras confesadas o dictaduras encubiertas, una de las v\u00edctimas principales es la educaci\u00f3n\u201d<\/strong>.<\/p>\n<p>\u201cO te la hacen ideol\u00f3gica para cambiar la cabeza, o<strong> te la van podando lentamente, en el caso liberal, y solamente los hijos de los ricos pueden tener un acceso educativo superior<\/strong>\u201d, precis\u00f3.<\/p>\n<div contenteditable=\"false\" class=\"embed_cont type_imagen\" id=\"8020502-Libre-1713313642_wrap\">\n<p>papa francisco captura 2.jpg <span onclick=\"parent.parent.TinyMCETdcuerpo.preview_embed('8020502-Libre-1713313642')\" class=\"embed_colapse less\" id=\"8020502-Libre-1713313642_colapse\"\/>  <span onclick=\"parent.parent.TinyMCETdcuerpo.delete_embed('8020502-Libre-1713313642')\" class=\"embed_delete less\" id=\"8020502-Libre-1713313642_delete\"\/><\/p>\n<div id=\"8020502-Libre-1713313642_content\" class=\"embed_content\"><img decoding=\"async\" src=\"https:\/\/media.minutouno.com\/p\/be597f6a54ba01bcd0d21a38932ede46\/adjuntos\/150\/imagenes\/042\/059\/0042059823\/610x0\/smart\/papa-francisco-captura-2jpg.jpg\" alt=\"\" title=\"\" width=\"610\" height=\"undefined\" id=\"8020502-Libre-1713313642_embed\"\/><\/div>\n<\/p><\/div>\n<p>Tambi\u00e9n sostuvo que le \u00abalegra\u00bb ver que la gente se \u00abopone cuando hay un ajuste\u00bb, sobre todo en el caso de <strong>\u00ablos j\u00f3venes\u00bb. \u00abSe dan cuenta y se oponen, arman l\u00edo y reclaman, porque la educaci\u00f3n es un alimento\u00bb<\/strong>, consider\u00f3.<\/p>\n<p>Tambi\u00e9n dijo que <strong>quitarle educaci\u00f3n al pueblo \u00abes lo mismo que si vos le quit\u00e1s la comida a la gente\u201d<\/strong>, ya que se trata de \u201cla comida del alma, de la mente y del esp\u00edritu\u00bb.<\/p>\n<p>Asimismo, Francisco <strong>se manifest\u00f3 con relaci\u00f3n a los discursos de odio y el negacionismo que muestran algunos l\u00edderes pol\u00edticos<\/strong>, aunque no mencion\u00f3 a ninguno en particular el tiro fue, por elevaci\u00f3n, a la gesti\u00f3n de Javier Milei.<\/p>\n<p>\u00abEl negacionismo siempre es venenoso\u201d, asever\u00f3, se\u00f1alando que \u201c<strong>cuando uno niega la realidad, cuando uno niega una historia, cuando uno niega una situaci\u00f3n concreta, se est\u00e1 pateando en contra<\/strong>. Todo negacionismo es suicida\u00bb.<\/p>\n<p>Pidi\u00f3 a los <strong>argentinos \u201cque sigan luchando; que se defiendan de las ideolog\u00edas y que no se dejen enga\u00f1ar por los que les venden man\u00edes\u2026 Que luchen por los derechos\u201d<\/strong>, concluy\u00f3 Francisco.<\/p>\n<div contenteditable=\"false\" class=\"embed_cont type_freetext\" rel=\"freetext\" id=\"embed6194_wrap\" data-provider=\"YouTube\">\n<p>Embed &#8211; Conversaciones en Santa Marta: El Papa Francisco sobre la crisis global, la Iglesia y la esperanza<span onclick=\"parent.parent.TinyMCETdcuerpo.preview_embed('embed6194')\" class=\"embed_colapse less\" id=\"embed6194_colapse\"\/><span onclick=\"parent.parent.TinyMCETdcuerpo.delete_embed('embed6194')\" class=\"embed_delete less\" id=\"embed6194_delete\"\/><\/p>\n<\/p><\/div>\n<div contenteditable=\"false\" class=\"embed_cont type_freetext\" rel=\"freetext\" id=\"embed66_wrap\">\n<p> Embed <span onclick=\"parent.parent.TinyMCETdcuerpo.preview_embed('embed66')\" class=\"embed_colapse less\" id=\"embed66_colapse\"\/> <span onclick=\"parent.parent.TinyMCETdcuerpo.delete_embed('embed66')\" class=\"embed_delete less\" id=\"embed66_delete\"\/><\/p>\n<div id=\"embed66_content\" class=\"embed_content\">\n<div id=\"embed66_embed\">\n<figure class=\"figure\"><a href=\"https:\/\/t.me\/minutounocom\" target=\"_blank\" rel=\"noopener\"><img decoding=\"async\" src=\"https:\/\/media.minutouno.com\/adjuntos\/150\/banners\/039\/099\/0039099175.jpg\" class=\"figure-img img-fluid\" style=\"width:100%;height:auto;\"\/><\/a><\/figure>\n<\/div>\n<\/div><\/div>\n<\/div>\n<p><a href=\"https:\/\/www.minutouno.com\/politica\/el-papa-francisco-critico-el-ajuste-y-pidio-los-argentinos-que-luchen-sus-derechos-n6095451\">source<\/a><\/p>\n","protected":false},"excerpt":{"rendered":"<p>En la misma l\u00ednea, afirm\u00f3 el ajuste a la educaci\u00f3n es un modelo de \u201cdictadura\u201d:&#8230;<\/p>\n","protected":false},"author":0,"featured_media":196720,"comment_status":"open","ping_status":"open","sticky":false,"template":"","format":"standard","meta":{"footnotes":""},"categories":[2],"tags":[],"class_list":["post-196719","post","type-post","status-publish","format-standard","has-post-thumbnail","hentry","category-politica"],"featured_image_urls":{"full":["https:\/\/radiofenix.com.ar\/2023\/wp-content\/uploads\/wp-header-logo.png",0,0,false],"thumbnail":["https:\/\/radiofenix.com.ar\/2023\/wp-content\/uploads\/wp-header-logo.png",1,1,false],"medium":["https:\/\/radiofenix.com.ar\/2023\/wp-content\/uploads\/wp-header-logo.png",1,1,false],"medium_large":["https:\/\/radiofenix.com.ar\/2023\/wp-content\/uploads\/wp-header-logo.png",1,1,false],"large":["https:\/\/radiofenix.com.ar\/2023\/wp-content\/uploads\/wp-header-logo.png",1,1,false],"1536x1536":["https:\/\/radiofenix.com.ar\/2023\/wp-content\/uploads\/wp-header-logo.png",1,1,false],"2048x2048":["https:\/\/radiofenix.com.ar\/2023\/wp-content\/uploads\/wp-header-logo.png",1,1,false],"newsium-slider-full":["https:\/\/radiofenix.com.ar\/2023\/wp-content\/uploads\/wp-header-logo.png",1,1,false],"newsium-featured":["https:\/\/radiofenix.com.ar\/2023\/wp-content\/uploads\/wp-header-logo.png",1,1,false],"newsium-medium":["https:\/\/radiofenix.com.ar\/2023\/wp-content\/uploads\/wp-header-logo.png",1,1,false]},"author_info":{"info":[""]},"category_info":"<a href=\"https:\/\/radiofenix.com.ar\/2023\/category\/politica\/\" rel=\"category tag\">Pol\u00edtica<\/a>","tag_info":"Pol\u00edtica","comment_count":"0","_links":{"self":[{"href":"https:\/\/radiofenix.com.ar\/2023\/wp-json\/wp\/v2\/posts\/196719","targetHints":{"allow":["GET"]}}],"collection":[{"href":"https:\/\/radiofenix.com.ar\/2023\/wp-json\/wp\/v2\/posts"}],"about":[{"href":"https:\/\/radiofenix.com.ar\/2023\/wp-json\/wp\/v2\/types\/post"}],"replies":[{"embeddable":true,"href":"https:\/\/radiofenix.com.ar\/2023\/wp-json\/wp\/v2\/comments?post=196719"}],"version-history":[{"count":0,"href":"https:\/\/radiofenix.com.ar\/2023\/wp-json\/wp\/v2\/posts\/196719\/revisions"}],"wp:featuredmedia":[{"embeddable":true,"href":"https:\/\/radiofenix.com.ar\/2023\/wp-json\/wp\/v2\/media\/196720"}],"wp:attachment":[{"href":"https:\/\/radiofenix.com.ar\/2023\/wp-json\/wp\/v2\/media?parent=196719"}],"wp:term":[{"taxonomy":"category","embeddable":true,"href":"https:\/\/radiofenix.com.ar\/2023\/wp-json\/wp\/v2\/categories?post=196719"},{"taxonomy":"post_tag","embeddable":true,"href":"https:\/\/radiofenix.com.ar\/2023\/wp-json\/wp\/v2\/tags?post=196719"}],"curies":[{"name":"wp","href":"https:\/\/api.w.org\/{rel}","templated":true}]}}